{"id":242176,"date":"2026-07-05T10:54:21","date_gmt":"2026-07-05T10:54:21","guid":{"rendered":"https:\/\/www.europesays.com\/lv\/242176\/"},"modified":"2026-07-05T10:54:21","modified_gmt":"2026-07-05T10:54:21","slug":"afd-lideri-veidele-un-hrupalla-saglaba-savus-amatus","status":"publish","type":"post","link":"https:\/\/www.europesays.com\/lv\/242176\/","title":{"rendered":"AfD l\u012bderi Veidele un Hrupalla saglab\u0101 savus amatus"},"content":{"rendered":"<p><a href=\"https:\/\/www.tvnet.lv\/term\/553339\/afd\" class=\"topicLink\" target=\"_blank\" rel=\"nofollow noopener\">AfD<\/a> kongresa deleg\u0101ti, kas pulc\u0113ju\u0161ies Erfurt\u0113, Veideli un Hrupallu apstiprin\u0101ja par partijas l\u012bderiem uz n\u0101kamajiem diviem gadiem, ar p\u0101rliecino\u0161u balsu vair\u0101kumu noraidot pied\u0101v\u0101jumu \u0161oreiz iev\u0113l\u0113t tikai vienu priek\u0161s\u0113d\u0113t\u0101ju.<\/p>\n<p>Veidele tika apstiprin\u0101ta ar 81,3% balsu, kas ir nedaudz vair\u0101k nek\u0101 2024. gad\u0101, kam\u0113r Hrupalla, par kuru pirms diviem gadiem balsoja 83% kongresa deleg\u0101tu, \u0161oreiz ieguva tikai 70% balsu.<\/p>\n<p>Uzrun\u0101jot kongresa deleg\u0101tus, Hrupalla uzsv\u0113ra, ka AfD m\u0113r\u0137is ir non\u0101kt pie varas.<\/p>\n<p>&#8220;M\u0113s esam izaugu\u0161i par tautas partiju. M\u0113s esam apliecin\u0101ju\u0161i, ka varam str\u0101d\u0101t opoz\u012bcij\u0101, un b\u016bsim pie varas s\u0101kotn\u0113ji vien\u0101 zem\u0113, bet tad feder\u0101l\u0101 l\u012bmen\u012b,&#8221; piebilda partijas l\u012bdzpriek\u0161s\u0113d\u0113t\u0101js.<\/p>\n<p>Hrupalla noraid\u012bja runas par iek\u0161\u0113j\u0101m domstarp\u012bb\u0101m, \u012bpa\u0161i starp vi\u0146u un Veideli, uzsverot, ka AfD ir vienot\u0101ka nek\u0101 jebkad agr\u0101k.<\/p>\n<p>Savuk\u0101rt Veidele nor\u0101d\u012bja, ka \u0161is ir superv\u0113l\u0113\u0161anu gads, un asi kritiz\u0113ja kancleru Fr\u012bdrihu Mercu.<\/p>\n<p>Vi\u0146a izpeln\u012bj\u0101s ov\u0101cijas, pazi\u0146ojot, ka, non\u0101kot pie varas, AfD ap\u0146\u0113m\u012bgi \u0137ersies pie neleg\u0101lo imigrantu izraid\u012b\u0161anas.<\/p>\n<p>K\u0101 zi\u0146ots, Erfurt\u0113 pulc\u0113ju\u0161ies vair\u0101ki desmiti t\u016bksto\u0161i protest\u0113t\u0101ju, kas m\u0113\u0123in\u0101ja izjaukt AfD kongresu, blo\u0137\u0113jot piek\u013cuvi pils\u0113tai un konferen\u010du centram.<\/p>\n<p>Ta\u010du deleg\u0101ti kongresa norises viet\u0101 ierad\u0101s v\u0113l pirms saull\u0113kta.<\/p>\n<p>&#8220;Agrais putni\u0146\u0161 dab\u016b t\u0101rpi\u0146u. &#8220;Antifa&#8221; hulig\u0101ni nogul\u0113ja savu trauc\u0113\u0161anas taktiku,&#8221; par demonstrantiem pasm\u0113j\u0101s Hrupalla.<\/p>\n<p>Policija l\u0113\u0161, ka demonstrantu skaits l\u012bdz sestdienas p\u0113cpusdienai sasniedzis 31 000. K\u0101rt\u012bbas uztur\u0113\u0161anai Erfurt\u0113 iesaist\u012bti vair\u0101ki t\u016bksto\u0161i policistu no visas V\u0101cijas.<\/p>\n","protected":false},"excerpt":{"rendered":"AfD kongresa deleg\u0101ti, kas pulc\u0113ju\u0161ies Erfurt\u0113, Veideli un Hrupallu apstiprin\u0101ja par partijas l\u012bderiem uz n\u0101kamajiem diviem gadiem, ar&hellip;\n","protected":false},"author":2,"featured_media":242177,"comment_status":"","ping_status":"","sticky":false,"template":"","format":"standard","meta":{"footnotes":"","_share_on_mastodon":"0"},"categories":[14],"tags":[34089,23,57,28,29,32,33,22,30,31,35,39,38,36,37,34,40,20,26,27,24,25,299,54,55,56,21,58],"class_list":["post-242176","post","type-post","status-publish","format-standard","has-post-thumbnail","category-zinas-no-arvalstim","tag-afd","tag-aktualitates","tag-arvalstim","tag-breaking-news","tag-breakingnews","tag-featured-news","tag-featurednews","tag-headlines","tag-latest-news","tag-latestnews","tag-latvia","tag-latvian","tag-latviesu","tag-latviesu-valoda","tag-latviesuvaloda","tag-latvija","tag-lv","tag-news","tag-popularakas-zinas","tag-popularakaszinas","tag-top-stories","tag-topstories","tag-vacija","tag-world","tag-world-news","tag-worldnews","tag-zinas","tag-zinas-no-arvalstim"],"share_on_mastodon":{"url":"https:\/\/pubeurope.com\/@lv\/116867004224134727","error":""},"_links":{"self":[{"href":"https:\/\/www.europesays.com\/lv\/wp-json\/wp\/v2\/posts\/242176","targetHints":{"allow":["GET"]}}],"collection":[{"href":"https:\/\/www.europesays.com\/lv\/wp-json\/wp\/v2\/posts"}],"about":[{"href":"https:\/\/www.europesays.com\/lv\/wp-json\/wp\/v2\/types\/post"}],"author":[{"embeddable":true,"href":"https:\/\/www.europesays.com\/lv\/wp-json\/wp\/v2\/users\/2"}],"replies":[{"embeddable":true,"href":"https:\/\/www.europesays.com\/lv\/wp-json\/wp\/v2\/comments?post=242176"}],"version-history":[{"count":0,"href":"https:\/\/www.europesays.com\/lv\/wp-json\/wp\/v2\/posts\/242176\/revisions"}],"wp:featuredmedia":[{"embeddable":true,"href":"https:\/\/www.europesays.com\/lv\/wp-json\/wp\/v2\/media\/242177"}],"wp:attachment":[{"href":"https:\/\/www.europesays.com\/lv\/wp-json\/wp\/v2\/media?parent=242176"}],"wp:term":[{"taxonomy":"category","embeddable":true,"href":"https:\/\/www.europesays.com\/lv\/wp-json\/wp\/v2\/categories?post=242176"},{"taxonomy":"post_tag","embeddable":true,"href":"https:\/\/www.europesays.com\/lv\/wp-json\/wp\/v2\/tags?post=242176"}],"curies":[{"name":"wp","href":"https:\/\/api.w.org\/{rel}","templated":true}]}}