{"id":24235,"date":"2025-10-18T14:05:07","date_gmt":"2025-10-18T14:05:07","guid":{"rendered":"https:\/\/www.europesays.com\/lv\/24235\/"},"modified":"2025-10-18T14:05:07","modified_gmt":"2025-10-18T14:05:07","slug":"vairakiem-prokuroriem-mekle-paligus-sola-algu-2300-eiro-apmera","status":"publish","type":"post","link":"https:\/\/www.europesays.com\/lv\/24235\/","title":{"rendered":"Vair\u0101kiem prokuroriem mekl\u0113 pal\u012bgus \u2013 sola algu 2300 eiro apm\u0113r\u0101"},"content":{"rendered":"<p>Par darbu paredz\u0113t\u0101 m\u0113ne\u0161alga ir 2300 eiro pirms nodok\u013cu nomaksas, vesel\u012bbas apdro\u0161in\u0101\u0161anas polise p\u0113c p\u0101rbaudes laika iztur\u0113\u0161anas, atva\u013cin\u0101juma pabalsts un papildatva\u013cin\u0101jums p\u0113c pozit\u012bva darba nov\u0113rt\u0113juma. T\u0101pat ir pieejamas kvalifik\u0101cijas cel\u0161anas iesp\u0113jas, ar\u012b apmaks\u0101tas studijas ma\u0123istrant\u016br\u0101 Iek\u0161\u0113j\u0101s Dro\u0161\u012bbas akad\u0113mij\u0101 programm\u0101 &#8220;Pirmstiesas izmekl\u0113\u0161ana&#8221;.<\/p>\n<p>Pretendenti aicin\u0101ti iesniegt pieteikumu l\u012bdz 2025. gada 14. novembrim.<\/p>\n<p>Pretendentiem uz \u0161o amatu nepiecie\u0161ama augst\u0101k\u0101 juridisk\u0101 izgl\u012bt\u012bba, izcilas latvie\u0161u valodas zin\u0101\u0161anas, k\u0101 ar\u012b zin\u0101\u0161anas krimin\u0101lties\u012bb\u0101s, civilties\u012bb\u0101s, administrat\u012bvaj\u0101s ties\u012bb\u0101s, v\u0113lamas ar\u012b padzi\u013cin\u0101tas zin\u0101\u0161anas krimin\u0101lproces\u0101 un sve\u0161valodu zin\u0101\u0161anas amata kompetencei nepiecie\u0161amaj\u0101 apjom\u0101.<\/p>\n<p>T\u0101pat veiksm\u012bgai amata pien\u0101kumu veik\u0161anai nepiecie\u0161ama anal\u012btisk\u0101 dom\u0101\u0161ana, argument\u0101cijas prasmes, labas komunik\u0101cijas un sadarb\u012bbas sp\u0113jas un teicamas datorprasmes.<\/p>\n<p>Vec\u0101k\u0101 prokurora pal\u012bga pien\u0101kumos ietilpst sniegt atbalstu prokuroriem procesu\u0101lo darb\u012bbu un citu funkciju veik\u0161an\u0101, kuru izpildei nav nepiecie\u0161amas prokurora pilnvaras.<\/p>\n<p>\u0160iem profesion\u0101\u013ciem tiek uztic\u0113ts sagatavot nepiecie\u0161amos dokumentus lietu izskat\u012b\u0161anai ties\u0101, nodro\u0161in\u0101t proces\u0101 iesaist\u012bto personu iepaz\u012bstin\u0101\u0161anu ar lietas materi\u0101liem, sagatavot l\u0113mumu un citu dokumentu projektus.<\/p>\n<p>T\u0101pat ar\u012b j\u0101apkopo prokurora darbam nepiecie\u0161am\u0101 inform\u0101cija, tostarp judikat\u016bra un ties\u012bbu zin\u0101tnes atzi\u0146as konkr\u0113tos ties\u012bbu jaut\u0101jumos un j\u0101izskata, un j\u0101sistematiz\u0113 da\u017e\u0101da veida dokumenti, j\u0101analiz\u0113 statistikas inform\u0101cija.<\/p>\n<p>Amata konkurss tiek organiz\u0113ts div\u0101s atlases k\u0101rt\u0101s. Pirmaj\u0101 k\u0101rt\u0101 b\u016bs j\u0101risina praktiski uzdevumi zin\u0101\u0161anu un prasmju p\u0101rbaudei, savuk\u0101rt n\u0101kamaj\u0101 k\u0101rt\u0101 iek\u013cuvu\u0161ajiem pretendentiem b\u016bs intervijas, lai p\u0101rliecin\u0101tos par vi\u0146u motiv\u0101ciju un kompetenc\u0113m str\u0101d\u0101t vec\u0101k\u0101 prokurora amat\u0101.<\/p>\n<p>Interesenti aicin\u0101ti ies\u016bt\u012bt pieteikumus uz e-pastu &#8220;personals@lrp.gov.lv&#8221;, pievienojot motiv\u0113tu pieteikuma v\u0113stuli, dz\u012bves g\u0101juma un darba aprakstu, k\u0101 ar\u012b izgl\u012bt\u012bbu apliecino\u0161us dokumentus un citus pretendenta ieskat\u0101 b\u016btiskus dokumentus, piem\u0113ram, rekomend\u0101cijas v\u0113stules.<\/p>\n<p>Prokurat\u016br\u0101 nor\u0101da, ka vec\u0101k\u0101 prokurora pal\u012bga amats \u013cauj pilnv\u0113rt\u012bg\u0101k un vispus\u012bg\u0101k apg\u016bt prokuroru amatam nepiecie\u0161am\u0101s prasmes. Nereti p\u0113c jurista kvalifik\u0101cijas ieg\u016b\u0161anas, \u0161ie speci\u0101listi ar labiem rezult\u0101tiem kandid\u0113 uz prokurora amatu.<\/p>\n","protected":false},"excerpt":{"rendered":"Par darbu paredz\u0113t\u0101 m\u0113ne\u0161alga ir 2300 eiro pirms nodok\u013cu nomaksas, vesel\u012bbas apdro\u0161in\u0101\u0161anas polise p\u0113c p\u0101rbaudes laika iztur\u0113\u0161anas, atva\u013cin\u0101juma&hellip;\n","protected":false},"author":2,"featured_media":24236,"comment_status":"","ping_status":"","sticky":false,"template":"","format":"standard","meta":{"footnotes":""},"categories":[5],"tags":[23,65,28,29,1900,1901,32,33,1898,22,760,1899,90,1897,30,31,35,39,38,36,37,34,40,20,26,27,1896,67,1895,24,25,285,21],"class_list":{"0":"post-24235","1":"post","2":"type-post","3":"status-publish","4":"format-standard","5":"has-post-thumbnail","7":"category-aktualitates","8":"tag-aktualitates","9":"tag-auto","10":"tag-breaking-news","11":"tag-breakingnews","12":"tag-brivbridis","13":"tag-daba-un-dzivnieki","14":"tag-featured-news","15":"tag-featurednews","16":"tag-galerijas","17":"tag-headlines","18":"tag-horoskopi","19":"tag-itech","20":"tag-izklaide","21":"tag-kriminalzinas","22":"tag-latest-news","23":"tag-latestnews","24":"tag-latvia","25":"tag-latvian","26":"tag-latviesu","27":"tag-latviesu-valoda","28":"tag-latviesuvaloda","29":"tag-latvija","30":"tag-lv","31":"tag-news","32":"tag-popularakas-zinas","33":"tag-popularakaszinas","34":"tag-sieviete","35":"tag-sports","36":"tag-tava-balss","37":"tag-top-stories","38":"tag-topstories","39":"tag-zala-dzive","40":"tag-zinas"},"share_on_mastodon":{"url":"","error":""},"_links":{"self":[{"href":"https:\/\/www.europesays.com\/lv\/wp-json\/wp\/v2\/posts\/24235","targetHints":{"allow":["GET"]}}],"collection":[{"href":"https:\/\/www.europesays.com\/lv\/wp-json\/wp\/v2\/posts"}],"about":[{"href":"https:\/\/www.europesays.com\/lv\/wp-json\/wp\/v2\/types\/post"}],"author":[{"embeddable":true,"href":"https:\/\/www.europesays.com\/lv\/wp-json\/wp\/v2\/users\/2"}],"replies":[{"embeddable":true,"href":"https:\/\/www.europesays.com\/lv\/wp-json\/wp\/v2\/comments?post=24235"}],"version-history":[{"count":0,"href":"https:\/\/www.europesays.com\/lv\/wp-json\/wp\/v2\/posts\/24235\/revisions"}],"wp:featuredmedia":[{"embeddable":true,"href":"https:\/\/www.europesays.com\/lv\/wp-json\/wp\/v2\/media\/24236"}],"wp:attachment":[{"href":"https:\/\/www.europesays.com\/lv\/wp-json\/wp\/v2\/media?parent=24235"}],"wp:term":[{"taxonomy":"category","embeddable":true,"href":"https:\/\/www.europesays.com\/lv\/wp-json\/wp\/v2\/categories?post=24235"},{"taxonomy":"post_tag","embeddable":true,"href":"https:\/\/www.europesays.com\/lv\/wp-json\/wp\/v2\/tags?post=24235"}],"curies":[{"name":"wp","href":"https:\/\/api.w.org\/{rel}","templated":true}]}}