{"id":24251,"date":"2025-10-18T14:24:07","date_gmt":"2025-10-18T14:24:07","guid":{"rendered":"https:\/\/www.europesays.com\/lv\/24251\/"},"modified":"2025-10-18T14:24:07","modified_gmt":"2025-10-18T14:24:07","slug":"opera-satiekas-ar-musdienu-melodijam-lente-lv-3","status":"publish","type":"post","link":"https:\/\/www.europesays.com\/lv\/24251\/","title":{"rendered":"opera satiekas ar m\u016bsdienu melodij\u0101m\u00a0\u2014\u00a0Lente.lv"},"content":{"rendered":"<p>R\u012bgas Sv\u0113t\u0101 P\u0101vila eva\u0146\u0123\u0113liski luteriskaj\u0101 bazn\u012bc\u0101 septembra beig\u0101s norisin\u0101sies divi grandiozi koncerti, kas pied\u0101v\u0101s unik\u0101lu iesp\u0113ju baud\u012bt operm\u016bziku jaun\u0101 un aizraujo\u0161\u0101 gaism\u0101. Koncertprogramma &#8220;T\u0101 ir OPERA&#8221; apvienos klasisk\u0101s operas di\u017eenumu ar m\u016bsdienu m\u016bzikas interpret\u0101cij\u0101m, radot neaizmirstamu pieredzi gan pieredz\u0113ju\u0161iem operm\u016bzikas cien\u012bt\u0101jiem, gan tiem, kas tikai atkl\u0101j \u0161\u012b \u017eanra skaistumu.<\/p>\n<p>Operas un m\u016bsdienu melodiju dialogs<\/p>\n<p>Pas\u0101kums pied\u0101v\u0101s aizraujo\u0161u ce\u013cojumu cauri operm\u016bzikas v\u0113sturei un m\u016bsdien\u0101m. Klaus\u012bt\u0101ji var\u0113s izbaud\u012bt slaven\u0101kos fragmentus no klasiskaj\u0101m oper\u0101m, tostarp B\u012bz\u0113 un Verdi virtuoz\u0101s \u0101rijas, aizkustino\u0161us duetus un liriskas melodijas. Ta\u010du programma neaprobe\u017eosies tikai ar klasiku \u2013 t\u0101 iek\u013caus ar\u012b ska\u0146darbus, ko iedvesmoju\u0161i m\u016bsdienu m\u0101kslinieki, piem\u0113ram, Andrea Bo\u010delli, Lara Fabi\u0101na un Emma \u0160aplina. \u0160\u0101ds muzik\u0101ls dialogs starp laikmetiem \u013caus ieraudz\u012bt operu jaun\u0101 perspekt\u012bv\u0101, atkl\u0101jot t\u0101s svaigumu, emocion\u0101lo dzi\u013cumu un univers\u0101lo cilv\u0113cisko paties\u012bbu. Tas ir aicin\u0101jums uz operu paraudz\u012bties cit\u0101di, sajust t\u0101s sp\u0113ku un dinamiku, pat ja iepriek\u0161 \u0161is \u017eanrs \u0161\u0137itis k\u0101 sve\u0161s un nepieejams.<\/p>\n<p>Latvijas Nacion\u0101l\u0101s operas zvaigznes uz vienas skatuves<\/p>\n<p>Par koncerta augsto m\u0101ksliniecisko kvalit\u0101ti r\u016bp\u0113sies Latvijas Nacion\u0101l\u0101s operas un baleta spo\u017e\u0101kie talanti. Uz R\u012bgas Sv\u0113t\u0101 P\u0101vila bazn\u012bcas skatuves k\u0101ps primadonna, sopr\u0101ns J\u016blija Vasi\u013cjeva, kas iekarojusi publikas atzin\u012bbu gan Latvij\u0101, gan starptautiski ar savu vok\u0101lo meistar\u012bbu, dzi\u013co muzik\u0101lo j\u016bt\u012bgumu un izteiksm\u012bgo skatuves t\u0113lu. Vi\u0146as iespaid\u012bgais repertu\u0101rs ietver vair\u0101k nek\u0101 divdesmit galven\u0101s lomas, un vi\u0146a regul\u0101ri uzst\u0101jas presti\u017e\u0101s Eiropas opernama skatuv\u0113s. Vi\u0146ai pievienosies ar\u012b talant\u012bgais Latvijas Nacion\u0101l\u0101s operas solists, tenors Raimonds Bramanis, kur\u0161 ir presti\u017e\u0101s &#8220;Latvijas G\u0101ze&#8221; Gada balvas Operai laure\u0101ts. Bramanis valdzina ar sirsn\u012bgu un sp\u0113c\u012bgu tenora balsi, kas izce\u013cas gan lirisk\u0101s, gan dramatisk\u0101s lom\u0101s.<\/p>\n<p>Virtuozi m\u016bzi\u0137i nodro\u0161ina augstv\u0113rt\u012bgu pavad\u012bjumu<\/p>\n<p>Muzik\u0101lo baud\u012bjumu papildin\u0101s ar\u012b izcili instrument\u0101listi. Pie klavier\u0113m s\u0113d\u012bsies pieredz\u0113ju\u0161ais pianists M\u0101ris \u017dagars, kur\u0161 ir sniedzis koncertus 21 pasaules valst\u012b. Vi\u0146am pievienosies vijolnieks Gidons Gr\u012bnbergs, Latvijas Nacion\u0101l\u0101s operas un baleta or\u0137estra v\u0113rt\u012bgais solists, starptautiski atz\u012bt\u0101 \u010delliste Irina Vi\u013ceg\u017ea\u0146ina, Maskavas konservatorijas absolvente, k\u0101 ar\u012b sitaminstrument\u0101liste Vird\u017e\u012bnija Laube-V\u012bti\u0146a, LNO un or\u0137estra &#8220;R\u012bga&#8221; rado\u0161\u0101 sp\u0113ka p\u0101rst\u0101ve. \u0160ie m\u0101kslinieki kop\u0101 rad\u012bs muzik\u0101lu pl\u016bdumu, kas harmoniski apvienos klasisko operm\u016bzikas est\u0113tiku ar m\u016bsdienu ekspresiju.<\/p>\n<p>Koncertu inform\u0101cija<\/p>\n<p>Koncerti notiks R\u012bgas Sv\u0113t\u0101 P\u0101vila eva\u0146\u0123\u0113liski luteriskaj\u0101 bazn\u012bc\u0101 (Augusta Deglava iel\u0101 1). Pirmais koncerts paredz\u0113ts 26. septembr\u012b plkst. 19:00. Pateicoties \u013coti lielajai skat\u012bt\u0101ju interesei, notiks ar\u012b papildkoncerts 27. septembr\u012b, taj\u0101 pa\u0161\u0101 laik\u0101. \u0160ie notikumi sola augstas kvalit\u0101tes muzik\u0101lu pieredzi, apvienojot est\u0113tisku baud\u012bjumu ar intelektu\u0101lu piepild\u012bjumu, un ir lieliska iesp\u0113ja izbaud\u012bt operm\u016bziku jaun\u0101, saisto\u0161\u0101 veid\u0101.<\/p>\n","protected":false},"excerpt":{"rendered":"R\u012bgas Sv\u0113t\u0101 P\u0101vila eva\u0146\u0123\u0113liski luteriskaj\u0101 bazn\u012bc\u0101 septembra beig\u0101s norisin\u0101sies divi grandiozi koncerti, kas pied\u0101v\u0101s unik\u0101lu iesp\u0113ju baud\u012bt operm\u016bziku&hellip;\n","protected":false},"author":2,"featured_media":15325,"comment_status":"","ping_status":"","sticky":false,"template":"","format":"standard","meta":{"footnotes":""},"categories":[19],"tags":[89,90,5286,2527,2017,35,39,38,36,37,34,40,2638,5285],"class_list":{"0":"post-24251","1":"post","2":"type-post","3":"status-publish","4":"format-standard","5":"has-post-thumbnail","7":"category-izklaide","8":"tag-entertainment","9":"tag-izklaide","10":"tag-julija-vasiljeva","11":"tag-klasiska-muzika","12":"tag-koncerti","13":"tag-latvia","14":"tag-latvian","15":"tag-latviesu","16":"tag-latviesu-valoda","17":"tag-latviesuvaloda","18":"tag-latvija","19":"tag-lv","20":"tag-opera","21":"tag-rigas-sv-pavila-baznica"},"share_on_mastodon":{"url":"","error":""},"_links":{"self":[{"href":"https:\/\/www.europesays.com\/lv\/wp-json\/wp\/v2\/posts\/24251","targetHints":{"allow":["GET"]}}],"collection":[{"href":"https:\/\/www.europesays.com\/lv\/wp-json\/wp\/v2\/posts"}],"about":[{"href":"https:\/\/www.europesays.com\/lv\/wp-json\/wp\/v2\/types\/post"}],"author":[{"embeddable":true,"href":"https:\/\/www.europesays.com\/lv\/wp-json\/wp\/v2\/users\/2"}],"replies":[{"embeddable":true,"href":"https:\/\/www.europesays.com\/lv\/wp-json\/wp\/v2\/comments?post=24251"}],"version-history":[{"count":0,"href":"https:\/\/www.europesays.com\/lv\/wp-json\/wp\/v2\/posts\/24251\/revisions"}],"wp:featuredmedia":[{"embeddable":true,"href":"https:\/\/www.europesays.com\/lv\/wp-json\/wp\/v2\/media\/15325"}],"wp:attachment":[{"href":"https:\/\/www.europesays.com\/lv\/wp-json\/wp\/v2\/media?parent=24251"}],"wp:term":[{"taxonomy":"category","embeddable":true,"href":"https:\/\/www.europesays.com\/lv\/wp-json\/wp\/v2\/categories?post=24251"},{"taxonomy":"post_tag","embeddable":true,"href":"https:\/\/www.europesays.com\/lv\/wp-json\/wp\/v2\/tags?post=24251"}],"curies":[{"name":"wp","href":"https:\/\/api.w.org\/{rel}","templated":true}]}}