{"id":242738,"date":"2026-07-06T08:41:14","date_gmt":"2026-07-06T08:41:14","guid":{"rendered":"https:\/\/www.europesays.com\/lv\/242738\/"},"modified":"2026-07-06T08:41:14","modified_gmt":"2026-07-06T08:41:14","slug":"stolcermanis-izstajas-formula-regional-otraja-brauciena-f1lv-blogs","status":"publish","type":"post","link":"https:\/\/www.europesays.com\/lv\/242738\/","title":{"rendered":"\u0160tolcermanis izst\u0101jas &#8216;Formula Regional&#8217; otraj\u0101 braucien\u0101 : F1LV Blogs"},"content":{"rendered":"<p>P\u0113c lieliska pirm\u0101 brauciena \u201cFormula Regional\u201d Eiropas \u010dempion\u0101ta (FREC) posm\u0101 Ung\u0101rij\u0101, otro sac\u012bksti sv\u0113tdien Tomass \u0160tolcermanis nosl\u0113dza ar izst\u0101\u0161anos, paliekot bez punktiem.<\/p>\n<p>Pirmaj\u0101 sac\u012bkst\u0113 sestdien guvis piekto vietu, kas ir sportista l\u012bdz \u0161im augst\u0101kais rezult\u0101ts FREC sac\u012bkst\u0113s, sv\u0113tdien \u0160tolcermanis c\u012b\u0146u uzs\u0101ka no 18. poz\u012bcijas. P\u0113c starta un s\u0101kotn\u0113j\u0101m c\u012b\u0146\u0101m \u201cPrema Racing\u201d pilots pak\u0101p\u0101s uz 15. vietu, bet da\u017eu ap\u013cu laik\u0101 atkal bija septi\u0146padsmitais.<\/p>\n<p>Hungaroring\u0101 notiku\u0161o sacens\u012bbu 11. apl\u012b \u0160tolcermanis izlidoja no trases ar sal\u016bzu\u0161u aizmugur\u0113jo balstiek\u0101rtu, izraisot dro\u0161\u012bbas auto izbrauk\u0161anu tras\u0113.<\/p>\n<p>P\u0113c Ung\u0101rijas posma Tomass \u0160tolcermanis ar 21 punktu ierindojas 16. viet\u0101 sezonas kopv\u0113rt\u0113jum\u0101.<\/p>\n<p>P\u0113c incidenta izst\u0101j\u0101s ar\u012b \u201cPrema Racing\u201d pilots Salims Hanna, kam\u0113r K\u012bns Nakamura-Berta guva ceturto vietu otraj\u0101 braucien\u0101. Uzvaru svin\u0113ja \u201cR-ace GP\u201d p\u0101rst\u0101vis Ra\u0161ids Al Daheri, kur\u0161 dienu iepriek\u0161 bija guvis otro vietu un \u0161obr\u012bd ir vad\u012bb\u0101 \u010dempion\u0101t\u0101.<\/p>\n<p>FREC sezon\u0101 atliku\u0161i v\u0113l tr\u012bs posmi. N\u0101kamais norisin\u0101sies 17.-19. j\u016blij\u0101 Francij\u0101, Pola Rik\u0101ra tras\u0113.<\/p>\n<p>2. brauciena rezult\u0101ti:<\/p>\n<p><a href=\"https:\/\/www.europesays.com\/lv\/wp-content\/uploads\/2026\/07\/rez-2.jpg\"><img fetchpriority=\"high\" decoding=\"async\" class=\"alignnone size-full wp-image-77651\" src=\"https:\/\/www.europesays.com\/lv\/wp-content\/uploads\/2026\/07\/rez-2.jpg\" alt=\"\" width=\"716\" height=\"633\"  \/><\/a><\/p>\n<p>Sezonas kopv\u0113rt\u0113jums:<\/p>\n<p><a href=\"https:\/\/www.europesays.com\/lv\/wp-content\/uploads\/2026\/07\/kopv.jpg\"><img loading=\"lazy\" decoding=\"async\" class=\"alignnone size-full wp-image-77652\" src=\"https:\/\/www.europesays.com\/lv\/wp-content\/uploads\/2026\/07\/kopv.jpg\" alt=\"\" width=\"919\" height=\"795\"  \/><\/a><\/p>\n<p>\ufeff<\/p>\n","protected":false},"excerpt":{"rendered":"P\u0113c lieliska pirm\u0101 brauciena \u201cFormula Regional\u201d Eiropas \u010dempion\u0101ta (FREC) posm\u0101 Ung\u0101rij\u0101, otro sac\u012bksti sv\u0113tdien Tomass \u0160tolcermanis nosl\u0113dza ar&hellip;\n","protected":false},"author":2,"featured_media":242739,"comment_status":"","ping_status":"","sticky":false,"template":"","format":"standard","meta":{"footnotes":"","_share_on_mastodon":"0"},"categories":[17],"tags":[37945,35,39,38,36,37,34,40,40430,67,37946],"class_list":["post-242738","post","type-post","status-publish","format-standard","has-post-thumbnail","category-sports","tag-frec","tag-latvia","tag-latvian","tag-latviesu","tag-latviesu-valoda","tag-latviesuvaloda","tag-latvija","tag-lv","tag-prema-racing","tag-sports","tag-tomass-stolcermanis"],"share_on_mastodon":{"url":"https:\/\/pubeurope.com\/@lv\/116872143780190690","error":""},"_links":{"self":[{"href":"https:\/\/www.europesays.com\/lv\/wp-json\/wp\/v2\/posts\/242738","targetHints":{"allow":["GET"]}}],"collection":[{"href":"https:\/\/www.europesays.com\/lv\/wp-json\/wp\/v2\/posts"}],"about":[{"href":"https:\/\/www.europesays.com\/lv\/wp-json\/wp\/v2\/types\/post"}],"author":[{"embeddable":true,"href":"https:\/\/www.europesays.com\/lv\/wp-json\/wp\/v2\/users\/2"}],"replies":[{"embeddable":true,"href":"https:\/\/www.europesays.com\/lv\/wp-json\/wp\/v2\/comments?post=242738"}],"version-history":[{"count":0,"href":"https:\/\/www.europesays.com\/lv\/wp-json\/wp\/v2\/posts\/242738\/revisions"}],"wp:featuredmedia":[{"embeddable":true,"href":"https:\/\/www.europesays.com\/lv\/wp-json\/wp\/v2\/media\/242739"}],"wp:attachment":[{"href":"https:\/\/www.europesays.com\/lv\/wp-json\/wp\/v2\/media?parent=242738"}],"wp:term":[{"taxonomy":"category","embeddable":true,"href":"https:\/\/www.europesays.com\/lv\/wp-json\/wp\/v2\/categories?post=242738"},{"taxonomy":"post_tag","embeddable":true,"href":"https:\/\/www.europesays.com\/lv\/wp-json\/wp\/v2\/tags?post=242738"}],"curies":[{"name":"wp","href":"https:\/\/api.w.org\/{rel}","templated":true}]}}