{"id":24335,"date":"2025-10-18T15:51:17","date_gmt":"2025-10-18T15:51:17","guid":{"rendered":"https:\/\/www.europesays.com\/lv\/24335\/"},"modified":"2025-10-18T15:51:17","modified_gmt":"2025-10-18T15:51:17","slug":"krievija-gatavo-jaunu-klusas-mobilizacijas-likumu-lai-noturetu-karu-ukraina","status":"publish","type":"post","link":"https:\/\/www.europesays.com\/lv\/24335\/","title":{"rendered":"Krievija gatavo jaunu \u201cklus\u0101s mobiliz\u0101cijas\u201d likumu, lai notur\u0113tu karu Ukrain\u0101"},"content":{"rendered":"<p>\u201cL\u012bdz \u0161im \u0161o potenci\u0101lu bija iesp\u0113jams izmantot tikai kara st\u0101vok\u013ca vai mobiliz\u0101cijas laik\u0101. Tagad notiek re\u0101las un pla\u0161a m\u0113roga kaujas, ta\u010du kar\u0161 ofici\u0101li nav izsludin\u0101ts,\u201d skaidroja Valsts domes Aizsardz\u012bbas komitejas priek\u0161s\u0113d\u0113t\u0101ja vietnieks Aleksejs \u017durav\u013cevs.<\/p>\n<p>P\u0113c ekspertu dom\u0101m, jaunie noteikumi \u013caus Kremlim saglab\u0101t cilv\u0113kresursus, neizsludinot jaunu mobiliz\u0101ciju, kas 2022. gad\u0101 izrais\u012bja pla\u0161u sabiedr\u012bbas neapmierin\u0101t\u012bbu un masveida b\u0113g\u0161anu no valsts.<\/p>\n<p>Va\u0161ingtonas domn\u012bca Kara izp\u0113tes insti\u016bts (ISW) nor\u0101da, ka Krievijas eso\u0161\u0101 verv\u0113\u0161anas sist\u0113ma ir sasniegusi robe\u017eu: \u201cKrem\u013ca verv\u0113\u0161anas sist\u0113ma sasniedz savas iesp\u0113jas robe\u017eu, t\u0101p\u0113c vald\u012bba izmanto piespiedu rezerves mobiliz\u0101ciju, lai aizvietotu milz\u012bgos zaud\u0113jumus Ukrain\u0101,\u201d teikts anal\u012bz\u0113.<\/p>\n<p>Pa\u0161laik Krievij\u0101 ir apm\u0113ram divi miljoni akt\u012bv\u0101s rezerves karav\u012bru, kuri ik gadu piedal\u0101s apm\u0101c\u012bb\u0101s un sa\u0146em atalgojumu. P\u0113c jauno groz\u012bjumu pie\u0146em\u0161anas vi\u0146iem tiktu maks\u0101ts papildu atalgojums, ja tiktu izsaukti dienestam.<\/p>\n<p>Domes Aizsardz\u012bbas komitejas priek\u0161s\u0113d\u0113t\u0101js Andrejs Kartapolovs pazi\u0146ojis, ka Putins p\u0113c groz\u012bjumu pie\u0146em\u0161anas var\u0113s nos\u016bt\u012bt rezerves sp\u0113kus ar\u012b \u0101rpus Krievijas teritorijas, tostarp uz Ukrainas Sumu un Harkivas apgabaliem.<\/p>\n<p class=\"ad-desc ad-desc-main\">Saturs turpin\u0101s p\u0113c rekl\u0101mas<\/p>\n<p class=\"ad-desc ad-desc-sec\">Rekl\u0101ma<\/p>\n<p>Kremlis l\u012bdz \u0161im izvair\u012bjies ofici\u0101li d\u0113v\u0113t iebrukumu par karu, turpinot lietot eif\u0113mismu \u201c\u012bpa\u0161\u0101 milit\u0101r\u0101 oper\u0101cija\u201d.<\/p>\n<p>\u201cRadioFreeEurope\/RadioLiberty\u201d atg\u0101dina, ka Krievija p\u0113d\u0113j\u0101 laik\u0101 papildina savus sp\u0113kus ar\u012b ar \u0101rzemju karot\u0101jiem no Zieme\u013ckorejas, k\u0101 ar\u012b verv\u0113 nabadz\u012bgus cilv\u0113kus no Kubas ar sol\u012bjumiem par lielu atalgojumu.<\/p>\n<p class=\"tv3-fw-500\">Zi\u0146o par k\u013c\u016bdu rakst\u0101<\/p>\n<p class=\"d-md-block d-none\">Iez\u012bm\u0113 k\u013c\u016bdaino tekstu un spied Ctrl+Enter.<\/p>\n<p class=\"d-md-none d-block\">Iez\u012bm\u0113 k\u013c\u016bdaino tekstu un zi\u0146o par to!<\/p>\n","protected":false},"excerpt":{"rendered":"\u201cL\u012bdz \u0161im \u0161o potenci\u0101lu bija iesp\u0113jams izmantot tikai kara st\u0101vok\u013ca vai mobiliz\u0101cijas laik\u0101. Tagad notiek re\u0101las un pla\u0161a&hellip;\n","protected":false},"author":2,"featured_media":24336,"comment_status":"","ping_status":"","sticky":false,"template":"","format":"standard","meta":{"footnotes":""},"categories":[14],"tags":[23,57,28,29,32,33,22,254,30,31,35,39,38,36,37,34,40,20,26,27,24,25,54,55,56,21,58],"class_list":{"0":"post-24335","1":"post","2":"type-post","3":"status-publish","4":"format-standard","5":"has-post-thumbnail","7":"category-zinas-no-arvalstim","8":"tag-aktualitates","9":"tag-arvalstim","10":"tag-breaking-news","11":"tag-breakingnews","12":"tag-featured-news","13":"tag-featurednews","14":"tag-headlines","15":"tag-kars-ukrainakrievija","16":"tag-latest-news","17":"tag-latestnews","18":"tag-latvia","19":"tag-latvian","20":"tag-latviesu","21":"tag-latviesu-valoda","22":"tag-latviesuvaloda","23":"tag-latvija","24":"tag-lv","25":"tag-news","26":"tag-popularakas-zinas","27":"tag-popularakaszinas","28":"tag-top-stories","29":"tag-topstories","30":"tag-world","31":"tag-world-news","32":"tag-worldnews","33":"tag-zinas","34":"tag-zinas-no-arvalstim"},"share_on_mastodon":{"url":"","error":""},"_links":{"self":[{"href":"https:\/\/www.europesays.com\/lv\/wp-json\/wp\/v2\/posts\/24335","targetHints":{"allow":["GET"]}}],"collection":[{"href":"https:\/\/www.europesays.com\/lv\/wp-json\/wp\/v2\/posts"}],"about":[{"href":"https:\/\/www.europesays.com\/lv\/wp-json\/wp\/v2\/types\/post"}],"author":[{"embeddable":true,"href":"https:\/\/www.europesays.com\/lv\/wp-json\/wp\/v2\/users\/2"}],"replies":[{"embeddable":true,"href":"https:\/\/www.europesays.com\/lv\/wp-json\/wp\/v2\/comments?post=24335"}],"version-history":[{"count":0,"href":"https:\/\/www.europesays.com\/lv\/wp-json\/wp\/v2\/posts\/24335\/revisions"}],"wp:featuredmedia":[{"embeddable":true,"href":"https:\/\/www.europesays.com\/lv\/wp-json\/wp\/v2\/media\/24336"}],"wp:attachment":[{"href":"https:\/\/www.europesays.com\/lv\/wp-json\/wp\/v2\/media?parent=24335"}],"wp:term":[{"taxonomy":"category","embeddable":true,"href":"https:\/\/www.europesays.com\/lv\/wp-json\/wp\/v2\/categories?post=24335"},{"taxonomy":"post_tag","embeddable":true,"href":"https:\/\/www.europesays.com\/lv\/wp-json\/wp\/v2\/tags?post=24335"}],"curies":[{"name":"wp","href":"https:\/\/api.w.org\/{rel}","templated":true}]}}