{"id":24354,"date":"2025-10-18T16:25:07","date_gmt":"2025-10-18T16:25:07","guid":{"rendered":"https:\/\/www.europesays.com\/lv\/24354\/"},"modified":"2025-10-18T16:25:07","modified_gmt":"2025-10-18T16:25:07","slug":"krollis-pirmoreiz-kops-vasaras-liberecas-pamatsastava-liga-futbols-sportacentrs-com","status":"publish","type":"post","link":"https:\/\/www.europesays.com\/lv\/24354\/","title":{"rendered":"Krollis pirmoreiz kop\u0161 vasaras Liberecas pamatsast\u0101v\u0101 l\u012bg\u0101 \u2013 Futbols \u2013 Sportacentrs.com"},"content":{"rendered":"<p>Liberecas komanda izbraukum\u0101 sp\u0113koj\u0101s 1:1 pret Teplici. 12. min\u016bt\u0113 viesi neizmantoja pendeli. &#8220;Slovan&#8221; l\u012bdz\u0161in\u0113j\u0101s 12 k\u0101rt\u0101s nopeln\u012bjusi 17 punktus, kas kopv\u0113rt\u0113jum\u0101 \u013cauj atrasties viduc\u012b.<\/p>\n<p>\u0160aj\u0101 izlases sabraukum\u0101 neiek\u013cautajam Krollim \u010cehijas meistarsac\u012bkst\u0113s \u0161osezon asto\u0146\u0101s c\u012b\u0146\u0101s viens v\u0101rtu guvums.<\/p>\n<p>No zvana l\u012bdz zvanam laukum\u0101 bija pussargs L\u016bkass Vapne, kura Sognd\u0101le nosp\u0113l\u0113ja 0:0 pret Kristiansannas &#8220;Start&#8221;. 26 c\u012b\u0146\u0101s 37 punktus ieguvus\u012b Sognd\u0101le Norv\u0113\u0123ijas otraj\u0101 sp\u0113c\u012bg\u0101kaj\u0101 l\u012bg\u0101 ir astot\u0101.<\/p>\n<p>\u0160om\u0113nes pret Andoru un Angliju mal\u0101 paliku\u0161\u0101 aizsarga Vit\u0101lija Jagodinska &#8220;Visakha&#8221; sav\u0101 laukum\u0101 ar 2:3 piek\u0101p\u0101s &#8220;Angkor Tiger&#8221; futbolistiem. &#8220;Visakha&#8221; Kambod\u017eas Premjerl\u012bgas sezonu ies\u0101kusi ar devi\u0146iem punktiem asto\u0146\u0101s k\u0101rt\u0101s.<\/p>\n<p>Slov\u0101kijas augst\u0101kaj\u0101 l\u012bg\u0101 Pre\u0161ovas &#8220;Tatran&#8221; p\u0113d\u0113j\u0101s sekund\u0113s izb\u0113ga no zaud\u0113juma pret Podbrezovas &#8220;\u017deleziarne&#8221; \u2013 2:2. Gan aizsargs Daniels Balodis, gan Latvijas U21 izlases uzbruc\u0113js G\u013cebs Patika c\u012b\u0146u piln\u012bb\u0101 v\u0113roja no malas.<\/p>\n<p>Pre\u0161ovai pirmaj\u0101s 11 sp\u0113l\u0113s devi\u0146i punkti.<\/p>\n<p>Avoti:<br \/><a target=\"_blank\" href=\"https:\/\/www.chanceliga.cz\/zapas\/8133-tep-lib\" rel=\"nofollow noopener\">https:\/\/www.chanceliga.cz\/zapas\/813&#8230;<\/a><br \/><a target=\"_blank\" href=\"https:\/\/www.obos-ligaen.no\/resultater\" rel=\"nofollow noopener\">https:\/\/www.obos-ligaen.no\/resultater<\/a><br \/><a target=\"_blank\" href=\"https:\/\/cpl-cambodia.com\/match\/763\" rel=\"nofollow noopener\">https:\/\/cpl-cambodia.com\/match\/763<\/a><br \/><a target=\"_blank\" href=\"https:\/\/www.nikeliga.sk\/zapas\/2679-pre-pod\" rel=\"nofollow noopener\">https:\/\/www.nikeliga.sk\/zapas\/2679-&#8230;<\/a><\/p>\n","protected":false},"excerpt":{"rendered":"Liberecas komanda izbraukum\u0101 sp\u0113koj\u0101s 1:1 pret Teplici. 12. min\u016bt\u0113 viesi neizmantoja pendeli. &#8220;Slovan&#8221; l\u012bdz\u0161in\u0113j\u0101s 12 k\u0101rt\u0101s nopeln\u012bjusi 17&hellip;\n","protected":false},"author":2,"featured_media":24355,"comment_status":"","ping_status":"","sticky":false,"template":"","format":"standard","meta":{"footnotes":""},"categories":[17],"tags":[676,35,39,38,36,37,34,40,67],"class_list":{"0":"post-24354","1":"post","2":"type-post","3":"status-publish","4":"format-standard","5":"has-post-thumbnail","7":"category-sports","8":"tag-futbols","9":"tag-latvia","10":"tag-latvian","11":"tag-latviesu","12":"tag-latviesu-valoda","13":"tag-latviesuvaloda","14":"tag-latvija","15":"tag-lv","16":"tag-sports"},"share_on_mastodon":{"url":"","error":""},"_links":{"self":[{"href":"https:\/\/www.europesays.com\/lv\/wp-json\/wp\/v2\/posts\/24354","targetHints":{"allow":["GET"]}}],"collection":[{"href":"https:\/\/www.europesays.com\/lv\/wp-json\/wp\/v2\/posts"}],"about":[{"href":"https:\/\/www.europesays.com\/lv\/wp-json\/wp\/v2\/types\/post"}],"author":[{"embeddable":true,"href":"https:\/\/www.europesays.com\/lv\/wp-json\/wp\/v2\/users\/2"}],"replies":[{"embeddable":true,"href":"https:\/\/www.europesays.com\/lv\/wp-json\/wp\/v2\/comments?post=24354"}],"version-history":[{"count":0,"href":"https:\/\/www.europesays.com\/lv\/wp-json\/wp\/v2\/posts\/24354\/revisions"}],"wp:featuredmedia":[{"embeddable":true,"href":"https:\/\/www.europesays.com\/lv\/wp-json\/wp\/v2\/media\/24355"}],"wp:attachment":[{"href":"https:\/\/www.europesays.com\/lv\/wp-json\/wp\/v2\/media?parent=24354"}],"wp:term":[{"taxonomy":"category","embeddable":true,"href":"https:\/\/www.europesays.com\/lv\/wp-json\/wp\/v2\/categories?post=24354"},{"taxonomy":"post_tag","embeddable":true,"href":"https:\/\/www.europesays.com\/lv\/wp-json\/wp\/v2\/tags?post=24354"}],"curies":[{"name":"wp","href":"https:\/\/api.w.org\/{rel}","templated":true}]}}