{"id":24362,"date":"2025-10-18T16:35:10","date_gmt":"2025-10-18T16:35:10","guid":{"rendered":"https:\/\/www.europesays.com\/lv\/24362\/"},"modified":"2025-10-18T16:35:10","modified_gmt":"2025-10-18T16:35:10","slug":"krievijas-propagandisti-zelenska-viziti-pie-trampa-attelo-ka-neveiksmigu-hegseta-kaklasaite-to-apliecina","status":"publish","type":"post","link":"https:\/\/www.europesays.com\/lv\/24362\/","title":{"rendered":"Krievijas propagandisti Zelenska viz\u012bti pie Trampa att\u0113lo k\u0101 neveiksm\u012bgu \u2013 Hegseta kaklasaite to apliecina"},"content":{"rendered":"<p>Propagandas medijus \u012bpa\u0161i piesaista Hegseta kaklasaite<\/p>\n<p>Zi\u0146u p\u0101rraides visos trijos liel\u0101kajos Krievijas kan\u0101los bija \u013coti l\u012bdz\u012bgas, un visos kan\u0101los tika piev\u0113rsta \u012bpa\u0161a uzman\u012bba ASV aizsardz\u012bbas ministra P\u012bta Hegseta kaklasaite.<\/p>\n<p>&#8220;Neatkar\u012bgi no t\u0101, vai t\u0101 bija nejau\u0161\u012bba vai tikai sakrit\u012bba, vi\u0146\u0161 nevar\u0113ja atrast atkl\u0101t\u0101ku kaklasaiti diskusij\u0101m ar Ukrainas deleg\u0101ciju k\u0101 kaklasaiti Krievijas [karoga] kr\u0101s\u0101s,&#8221; atz\u012bm\u0113ja &#8220;Pirm\u0101 kan\u0101la&#8221; reportieris.<\/p>\n<p><img decoding=\"async\" class=\"figure__image\" onclick=\"triggerEvent('articleImageClick', { id: 17219233, focus: 'single-image', focusIndex: '17219233' })\" onkeydown=\"if (event.key === 'Enter') {&#10;        triggerEvent('articleImageClick', { id: 17219233, focus: 'single-image', focusIndex: '17219233' })&#10;        }\" role=\"button\" tabindex=\"0\" data-focus-from=\"single-image\" data-focus-index=\"17219233\" src=\"https:\/\/www.europesays.com\/lv\/wp-content\/uploads\/2025\/10\/17219233t1hfbf9.jpg\" onload=\"this.parentElement.classList.remove('figure__image-loading')\" alt=\"ASV aizsardz\u012bbas ministrs P\u012bts Hegsets.\"\/>ASV aizsardz\u012bbas ministrs P\u012bts Hegsets. Foto: AFP\/SCANPIX<\/p>\n<p>P\u0113c tam agresorvalsts kan\u0101la zi\u0146u report\u0101\u017e\u0101 tika uzskat\u0101mi par\u0101d\u012bta fotogr\u0101fija ar l\u012bdz\u012bgu kaklasaiti, kas tiek p\u0101rdota internetveikal\u0101 un tur nosaukta par &#8220;Krievijas karoga kaklasaiti&#8221;. Tad ekr\u0101n\u0101 tikpat uzskat\u0101mi par\u0101d\u012bja kaklasaiti ar ASV karoga zvaigzn\u0113m, lai skat\u012bt\u0101ji saprastu, ka Hegseta kaklasaite nevar attiekties tikai uz ASV karoga kr\u0101s\u0101m.<\/p>\n<p>Krievijas zi\u0146u raid\u012bjumi ar\u012b cent\u0101s apgalvot, ka Tramps uz\u0146\u0113ma Zelenski pusstundu v\u0113l\u0101k, jo vi\u0146\u0161 pirms Ukrainas l\u012bdera ticies ar viesi, kas vi\u0146am patika lab\u0101k \u2013 slaveno operdzied\u0101t\u0101ju Andrea Bo\u010delli.<\/p>\n<p><img decoding=\"async\" class=\"figure__image\" onclick=\"triggerEvent('articleImageClick', { id: 17219230, focus: 'single-image', focusIndex: '17219230' })\" onkeydown=\"if (event.key === 'Enter') {&#10;        triggerEvent('articleImageClick', { id: 17219230, focus: 'single-image', focusIndex: '17219230' })&#10;        }\" role=\"button\" tabindex=\"0\" data-focus-from=\"single-image\" data-focus-index=\"17219230\" src=\"https:\/\/www.europesays.com\/lv\/wp-content\/uploads\/2025\/10\/17219230t1h11f2.jpg\" onload=\"this.parentElement.classList.remove('figure__image-loading')\" alt=\"\"\/> Foto: The White House @WhiteHouse\/X.com<\/p>\n<p>Port\u0101ls &#8220;Apollo.lv&#8221; jau v\u0113st\u012bja, ka Krievijas diktatoram Vladimiram Putinam atkal izdevies ietekm\u0113t ASV prezidentu Donaldu Trampu, p\u0113c piektdien notiku\u0161\u0101s Trampa un Ukrainas prezidenta Volodimira Zelenska tik\u0161an\u0101s Va\u0161ington\u0101 raksta \u0101rvalstu prese.<\/p>\n<p>Tim\u0113r telekan\u0101ls CNN, atsaucoties uz inform\u0113tiem avotiem, v\u0113st\u012bja, ka Trampam un Zelenskim, tiekoties Va\u0161ington\u0101, bijusi &#8220;saspringta, atkl\u0101ta un br\u012b\u017eiem ne\u0113rta diskusija&#8221;.<\/p>\n<p>Trampa un Zelenska tik\u0161an\u0101s ilgusi divarpus stundas.<\/p>\n","protected":false},"excerpt":{"rendered":"Propagandas medijus \u012bpa\u0161i piesaista Hegseta kaklasaite Zi\u0146u p\u0101rraides visos trijos liel\u0101kajos Krievijas kan\u0101los bija \u013coti l\u012bdz\u012bgas, un visos&hellip;\n","protected":false},"author":2,"featured_media":24363,"comment_status":"","ping_status":"","sticky":false,"template":"","format":"standard","meta":{"footnotes":""},"categories":[5],"tags":[23,292,28,29,542,32,33,22,2545,234,74,30,31,35,39,38,36,37,34,40,20,3602,26,27,2550,24,25,178,21],"class_list":{"0":"post-24362","1":"post","2":"type-post","3":"status-publish","4":"format-standard","5":"has-post-thumbnail","7":"category-aktualitates","8":"tag-aktualitates","9":"tag-asv","10":"tag-breaking-news","11":"tag-breakingnews","12":"tag-donalds-tramps","13":"tag-featured-news","14":"tag-featurednews","15":"tag-headlines","16":"tag-kremla-propaganda","17":"tag-krievija","18":"tag-krievijas-iebrukums-ukraina","19":"tag-latest-news","20":"tag-latestnews","21":"tag-latvia","22":"tag-latvian","23":"tag-latviesu","24":"tag-latviesu-valoda","25":"tag-latviesuvaloda","26":"tag-latvija","27":"tag-lv","28":"tag-news","29":"tag-pits-hegsets","30":"tag-popularakas-zinas","31":"tag-popularakaszinas","32":"tag-propaganda","33":"tag-top-stories","34":"tag-topstories","35":"tag-volodimirs-zelenskis","36":"tag-zinas"},"share_on_mastodon":{"url":"","error":""},"_links":{"self":[{"href":"https:\/\/www.europesays.com\/lv\/wp-json\/wp\/v2\/posts\/24362","targetHints":{"allow":["GET"]}}],"collection":[{"href":"https:\/\/www.europesays.com\/lv\/wp-json\/wp\/v2\/posts"}],"about":[{"href":"https:\/\/www.europesays.com\/lv\/wp-json\/wp\/v2\/types\/post"}],"author":[{"embeddable":true,"href":"https:\/\/www.europesays.com\/lv\/wp-json\/wp\/v2\/users\/2"}],"replies":[{"embeddable":true,"href":"https:\/\/www.europesays.com\/lv\/wp-json\/wp\/v2\/comments?post=24362"}],"version-history":[{"count":0,"href":"https:\/\/www.europesays.com\/lv\/wp-json\/wp\/v2\/posts\/24362\/revisions"}],"wp:featuredmedia":[{"embeddable":true,"href":"https:\/\/www.europesays.com\/lv\/wp-json\/wp\/v2\/media\/24363"}],"wp:attachment":[{"href":"https:\/\/www.europesays.com\/lv\/wp-json\/wp\/v2\/media?parent=24362"}],"wp:term":[{"taxonomy":"category","embeddable":true,"href":"https:\/\/www.europesays.com\/lv\/wp-json\/wp\/v2\/categories?post=24362"},{"taxonomy":"post_tag","embeddable":true,"href":"https:\/\/www.europesays.com\/lv\/wp-json\/wp\/v2\/tags?post=24362"}],"curies":[{"name":"wp","href":"https:\/\/api.w.org\/{rel}","templated":true}]}}