{"id":24368,"date":"2025-10-18T16:41:08","date_gmt":"2025-10-18T16:41:08","guid":{"rendered":"https:\/\/www.europesays.com\/lv\/24368\/"},"modified":"2025-10-18T16:41:08","modified_gmt":"2025-10-18T16:41:08","slug":"jurmala-par-pusmiljonu-eiro-parbuves-vairakus-iekspagalmus-kauguros","status":"publish","type":"post","link":"https:\/\/www.europesays.com\/lv\/24368\/","title":{"rendered":"J\u016brmal\u0101 par pusmiljonu eiro p\u0101rb\u016bv\u0113s vair\u0101kus iek\u0161pagalmus Kauguros"},"content":{"rendered":"<p>B\u016bvdarbu gait\u0101 Skolas ielas 28 un Skolas ielas 32a namu iek\u0161pagalmos tiks atjaunots ielas segums, uzb\u016bv\u0113tas autost\u0101vvietas 109 automa\u0161\u012bn\u0101m, taj\u0101 skait\u0101 piecas autost\u0101vvietas transportl\u012bdzek\u013cu novieto\u0161anai inval\u012bdiem. Tiks atjaunots ar\u012b ielas apgaismojums, izveidoti g\u0101j\u0113ju celi\u0146i un ier\u012bkoti apst\u0101d\u012bjumi.<\/p>\n<p>B\u016bvdarbus Skolas ielas 28 un Skolas ielas 32a namu iek\u0161pagalmos paredz\u0113ts veikt pa posmiem un to laik\u0101 tiks ieviesti satiksmes organiz\u0101cijas ierobe\u017eojumi, par to iepriek\u0161 inform\u0113jot iedz\u012bvot\u0101jus.<\/p>\n<p>P\u0101rb\u016bves darbi tiks s\u0101kti, izb\u016bv\u0113jot autost\u0101vvietas posm\u0101 no pievedce\u013ca pirmsskolas izgl\u012bt\u012bbas iest\u0101des &#8220;Bit\u012bte&#8221; teritorijai l\u012bdz Skolas ielas 28.nama otrajam korpusam. B\u016bvdarbu laik\u0101 \u0161aj\u0101 posm\u0101 paredz\u0113ti autotransporta l\u012bdzek\u013cu novieto\u0161anas ierobe\u017eojumi un iesp\u0113jama brauktuves sa\u0161aurin\u0101\u0161ana.<\/p>\n<p>B\u016bvdarbus pl\u0101nots veikt desmit m\u0113ne\u0161u laik\u0101, orient\u0113jo\u0161i l\u012bdz 2026. gada decembrim, \u0146emot v\u0113r\u0101, ka b\u016bvdarbu norise ziemas period\u0101 var b\u016bt ierobe\u017eota.<\/p>\n<p>B\u016bvprojektu izstr\u0101d\u0101ja SIA &#8220;Global Project&#8221;, b\u016bvdarbus veic SIA &#8220;Ribetons ce\u013ci&#8221;, b\u016bvuzraudz\u012bbu nodro\u0161ina SIA &#8220;Somniar&#8221;.<\/p>\n<p>Projekta kop\u0113j\u0101s pl\u0101not\u0101s izmaksas ir 504 810 eiro, taj\u0101 skait\u0101 pa\u0161vald\u012bbas finans\u0113jums ir 90 890 eiro un valsts bud\u017eeta aizdevums &#8211; 413 930 eiro.<\/p>\n","protected":false},"excerpt":{"rendered":"B\u016bvdarbu gait\u0101 Skolas ielas 28 un Skolas ielas 32a namu iek\u0161pagalmos tiks atjaunots ielas segums, uzb\u016bv\u0113tas autost\u0101vvietas 109&hellip;\n","protected":false},"author":2,"featured_media":16866,"comment_status":"","ping_status":"","sticky":false,"template":"","format":"standard","meta":{"footnotes":""},"categories":[5],"tags":[23,28,29,7548,32,33,22,7549,114,30,31,35,39,38,36,37,34,40,20,26,27,24,25,21],"class_list":{"0":"post-24368","1":"post","2":"type-post","3":"status-publish","4":"format-standard","5":"has-post-thumbnail","7":"category-aktualitates","8":"tag-aktualitates","9":"tag-breaking-news","10":"tag-breakingnews","11":"tag-celu-remonts","12":"tag-featured-news","13":"tag-featurednews","14":"tag-headlines","15":"tag-ielu-remonts","16":"tag-jurmala","17":"tag-latest-news","18":"tag-latestnews","19":"tag-latvia","20":"tag-latvian","21":"tag-latviesu","22":"tag-latviesu-valoda","23":"tag-latviesuvaloda","24":"tag-latvija","25":"tag-lv","26":"tag-news","27":"tag-popularakas-zinas","28":"tag-popularakaszinas","29":"tag-top-stories","30":"tag-topstories","31":"tag-zinas"},"share_on_mastodon":{"url":"","error":""},"_links":{"self":[{"href":"https:\/\/www.europesays.com\/lv\/wp-json\/wp\/v2\/posts\/24368","targetHints":{"allow":["GET"]}}],"collection":[{"href":"https:\/\/www.europesays.com\/lv\/wp-json\/wp\/v2\/posts"}],"about":[{"href":"https:\/\/www.europesays.com\/lv\/wp-json\/wp\/v2\/types\/post"}],"author":[{"embeddable":true,"href":"https:\/\/www.europesays.com\/lv\/wp-json\/wp\/v2\/users\/2"}],"replies":[{"embeddable":true,"href":"https:\/\/www.europesays.com\/lv\/wp-json\/wp\/v2\/comments?post=24368"}],"version-history":[{"count":0,"href":"https:\/\/www.europesays.com\/lv\/wp-json\/wp\/v2\/posts\/24368\/revisions"}],"wp:featuredmedia":[{"embeddable":true,"href":"https:\/\/www.europesays.com\/lv\/wp-json\/wp\/v2\/media\/16866"}],"wp:attachment":[{"href":"https:\/\/www.europesays.com\/lv\/wp-json\/wp\/v2\/media?parent=24368"}],"wp:term":[{"taxonomy":"category","embeddable":true,"href":"https:\/\/www.europesays.com\/lv\/wp-json\/wp\/v2\/categories?post=24368"},{"taxonomy":"post_tag","embeddable":true,"href":"https:\/\/www.europesays.com\/lv\/wp-json\/wp\/v2\/tags?post=24368"}],"curies":[{"name":"wp","href":"https:\/\/api.w.org\/{rel}","templated":true}]}}