{"id":24381,"date":"2025-10-18T16:54:10","date_gmt":"2025-10-18T16:54:10","guid":{"rendered":"https:\/\/www.europesays.com\/lv\/24381\/"},"modified":"2025-10-18T16:54:10","modified_gmt":"2025-10-18T16:54:10","slug":"riga-aicina-uz-modes-nedelu-kino-pirmizradem-un-krasniem-koncertiem-lente-lv","status":"publish","type":"post","link":"https:\/\/www.europesays.com\/lv\/24381\/","title":{"rendered":"R\u012bga aicina uz Modes ned\u0113\u013cu, kino pirmizr\u0101d\u0113m un kr\u0101\u0161\u0146iem koncertiem\u00a0\u2014\u00a0Lente.lv"},"content":{"rendered":"<p>Kult\u016bras dz\u012bves puls\u0113\u0161ana R\u012bg\u0101: no modes skat\u0113m l\u012bdz kino atkl\u0101jumiem<\/p>\n<p>\u0160\u012b ned\u0113\u013ca, no 17. l\u012bdz 23. oktobrim, R\u012bg\u0101 un Latvij\u0101 pies\u0101tin\u0101ta ar da\u017e\u0101diem kult\u016bras notikumiem, pied\u0101v\u0101jot pla\u0161u spektru gan izsmalcin\u0101tai gaumei, gan ar\u012b pla\u0161\u0101kai publikai. Galvaspils\u0113t\u0101 norisin\u0101sies ilgi gaid\u012bt\u0101 R\u012bgas Modes ned\u0113\u013ca 2025, kas \u0161ogad \u012bpa\u0161i izcelsies ar debiju sezonu, atkl\u0101jot jaunus talantus un inovat\u012bvas idejas modes pasaul\u0113. Pas\u0101kums pulc\u0113s 17 modes z\u012bmolus no Latvijas, Igaunijas, Lietuvas, Polijas, Be\u013c\u0123ijas un Uzbekist\u0101nas, pied\u0101v\u0101jot gan modes skates, gan izgl\u012btojo\u0161as iniciat\u012bvas par ilgtsp\u0113j\u012bgu att\u012bst\u012bbu un izst\u0101des, kas savieno modi ar m\u016bsdienu m\u0101kslu.<\/p>\n<p>Tiem, kuri mekl\u0113 kinom\u0101kslas baud\u012bjumu, \u012bpa\u0161u uzman\u012bbu izpeln\u012bjusies J\u0101\u0146a \u0100beles dokument\u0101l\u0101 filma &#8220;Testaments&#8221;, kas sniedz aizraujo\u0161u detekt\u012bvst\u0101stu par dzejnieka Anatola Imermana dz\u012bvi un nepiepild\u012bto v\u0113l\u0113\u0161anos. Savuk\u0101rt Latvijas kino v\u0113sturi godin\u0101s R\u012bgas modes ned\u0113\u013cas atkl\u0101\u0161ana ar goda skati, kas velt\u012bta latvie\u0161u kino mantojumam, \u012bpa\u0161i izce\u013cot t\u0113rpu m\u0101kslinieces Sandras Silas darbus.<\/p>\n<p>M\u016bzikas baud\u012bt\u0101jus priec\u0113s da\u017e\u0101di koncerti. R\u012bgas Doms pied\u0101v\u0101s \u0113r\u0123e\u013cm\u016bzikas koncertus, tostarp uzst\u0101sies v\u0101cu \u0113r\u0123elnieks Tomass D\u0101ls. T\u0101pat Sp\u012b\u0137eru koncertz\u0101l\u0113 notiks Rudens kamerm\u016bzikas festiv\u0101la koncerti un koncertu abonements pirmsskolas vecuma b\u0113rniem.<\/p>\n<p>Te\u0101tra entuziastiem pieejamas gan pirmizr\u0101des, gan viesizr\u0101des. Dailes te\u0101tris pied\u0101v\u0101 jaunu kom\u0113diju par v\u012brie\u0161u dz\u012bvi &#8220;V\u0113l pa vienam&#8221;, bet citviet Latvij\u0101 norisin\u0101s da\u017e\u0101das izr\u0101des, tostarp Liep\u0101jas te\u0101tris viesosies R\u012bg\u0101 ar izr\u0101di &#8220;Dievs ir \u0161eit&#8221;. Kult\u016bras pied\u0101v\u0101jumu bag\u0101tina ar\u012b daudzveid\u012bgas izst\u0101des, tostarp Zuzeum m\u0101kslas centr\u0101 un Latvijas Nacion\u0101laj\u0101 m\u0101kslas muzej\u0101.<\/p>\n","protected":false},"excerpt":{"rendered":"Kult\u016bras dz\u012bves puls\u0113\u0161ana R\u012bg\u0101: no modes skat\u0113m l\u012bdz kino atkl\u0101jumiem \u0160\u012b ned\u0113\u013ca, no 17. l\u012bdz 23. oktobrim, R\u012bg\u0101&hellip;\n","protected":false},"author":2,"featured_media":24382,"comment_status":"","ping_status":"","sticky":false,"template":"","format":"standard","meta":{"footnotes":""},"categories":[19],"tags":[89,2934,90,2987,35,39,38,36,37,34,40,7559],"class_list":{"0":"post-24381","1":"post","2":"type-post","3":"status-publish","4":"format-standard","5":"has-post-thumbnail","7":"category-izklaide","8":"tag-entertainment","9":"tag-filma","10":"tag-izklaide","11":"tag-kulturas-notikumi","12":"tag-latvia","13":"tag-latvian","14":"tag-latviesu","15":"tag-latviesu-valoda","16":"tag-latviesuvaloda","17":"tag-latvija","18":"tag-lv","19":"tag-rigas-modes-nedela-2025"},"share_on_mastodon":{"url":"","error":""},"_links":{"self":[{"href":"https:\/\/www.europesays.com\/lv\/wp-json\/wp\/v2\/posts\/24381","targetHints":{"allow":["GET"]}}],"collection":[{"href":"https:\/\/www.europesays.com\/lv\/wp-json\/wp\/v2\/posts"}],"about":[{"href":"https:\/\/www.europesays.com\/lv\/wp-json\/wp\/v2\/types\/post"}],"author":[{"embeddable":true,"href":"https:\/\/www.europesays.com\/lv\/wp-json\/wp\/v2\/users\/2"}],"replies":[{"embeddable":true,"href":"https:\/\/www.europesays.com\/lv\/wp-json\/wp\/v2\/comments?post=24381"}],"version-history":[{"count":0,"href":"https:\/\/www.europesays.com\/lv\/wp-json\/wp\/v2\/posts\/24381\/revisions"}],"wp:featuredmedia":[{"embeddable":true,"href":"https:\/\/www.europesays.com\/lv\/wp-json\/wp\/v2\/media\/24382"}],"wp:attachment":[{"href":"https:\/\/www.europesays.com\/lv\/wp-json\/wp\/v2\/media?parent=24381"}],"wp:term":[{"taxonomy":"category","embeddable":true,"href":"https:\/\/www.europesays.com\/lv\/wp-json\/wp\/v2\/categories?post=24381"},{"taxonomy":"post_tag","embeddable":true,"href":"https:\/\/www.europesays.com\/lv\/wp-json\/wp\/v2\/tags?post=24381"}],"curies":[{"name":"wp","href":"https:\/\/api.w.org\/{rel}","templated":true}]}}