{"id":24383,"date":"2025-10-18T16:55:08","date_gmt":"2025-10-18T16:55:08","guid":{"rendered":"https:\/\/www.europesays.com\/lv\/24383\/"},"modified":"2025-10-18T16:55:08","modified_gmt":"2025-10-18T16:55:08","slug":"fenerbahce-pazino-ka-zagars-guvis-kajas-savainojumu","status":"publish","type":"post","link":"https:\/\/www.europesays.com\/lv\/24383\/","title":{"rendered":"&#8220;Fenerbahce&#8221; pazi\u0146o, ka \u017dagars guvis k\u0101jas savainojumu"},"content":{"rendered":"<p>Jau zi\u0146ots, ka &#8220;Fenerbahce&#8221; ceturtdien sav\u0101 laukum\u0101 ar 88:73 pieveica Minhenes &#8220;Bayern&#8221;.<\/p>\n<p>\u017dagars laukum\u0101 bija 16 min\u016btes un 53 sekundes un, raidot groz\u0101 divus no trijiem divpunktu metieniem un \u010detrus no se\u0161iem soda metieniem, guva asto\u0146us punktus. Vi\u0146a kont\u0101 ar\u012b viena atl\u0113kus\u012b bumba, \u010detras rezultat\u012bvas piesp\u0113les, \u010detri izprovoc\u0113ti p\u0101rk\u0101pumi pretiniekiem, pa vienai k\u013c\u016bdai un p\u0101rtvertai bumbai, k\u0101 ar\u012b efektivit\u0101tes koeficients 13.<\/p>\n<p>&#8220;\u017dagars ceturtdienas sp\u0113l\u0113 ar &#8220;Bayern&#8221; guva paceles c\u012bpslas traumu,&#8221; zi\u0146o klubs.<\/p>\n<p>Klubs zi\u0146o, ka p\u0113c p\u0101rbaud\u0113m &#8220;Medicana Atasehir&#8221; slimn\u012bc\u0101 Latvijas aizsargam tika diagnostic\u0113ta lab\u0101s k\u0101jas paceles c\u012bpslas trauma, to klasific\u0113jot k\u0101 otr\u0101s pak\u0101pes savainojumu.<\/p>\n<p>&#8220;Fenerbahce&#8221; v\u0113sta, ka ir uzs\u0101kta \u0101rst\u0113\u0161ana, ta\u010du neprognoz\u0113 atlab\u0161anas ilgumu.<\/p>\n<p>\u017dagars ierobe\u017eotu laiku k\u0101jas savainojuma d\u0113\u013c dev\u0101s laukum\u0101 ar\u012b Eiropas \u010dempion\u0101t\u0101, bet septembra beig\u0101s guva cirk\u0161\u0146a traumu pirmaj\u0101 &#8220;Fenerbahce&#8221; Turcijas \u010dempion\u0101t\u0101 sp\u0113l\u0113.<\/p>\n<p>Laukum\u0101 \u017dagars p\u0113c divu ned\u0113\u013cu pauzes atgriez\u0101s sv\u0113tdien.<\/p>\n<p>Pag\u0101ju\u0161aj\u0101 sezon\u0101 par Turcijas \u010dempioni k\u013cuva Art\u016bra \u017dagara p\u0101rst\u0101v\u0113t\u0101 Stambulas &#8220;Fenerbahce&#8221;, kas fin\u0101ls\u0113rij\u0101 ar 4-1 p\u0101rsp\u0113ja Stambulas &#8220;Besiktas&#8221;.<\/p>\n","protected":false},"excerpt":{"rendered":"Jau zi\u0146ots, ka &#8220;Fenerbahce&#8221; ceturtdien sav\u0101 laukum\u0101 ar 88:73 pieveica Minhenes &#8220;Bayern&#8221;. \u017dagars laukum\u0101 bija 16 min\u016btes un&hellip;\n","protected":false},"author":2,"featured_media":24384,"comment_status":"","ping_status":"","sticky":false,"template":"","format":"standard","meta":{"footnotes":""},"categories":[17],"tags":[1099,145,1098,35,39,38,36,37,34,40,67],"class_list":{"0":"post-24383","1":"post","2":"type-post","3":"status-publish","4":"format-standard","5":"has-post-thumbnail","7":"category-sports","8":"tag-arturs-zagars","9":"tag-basketbols","10":"tag-basketbols-pasaule","11":"tag-latvia","12":"tag-latvian","13":"tag-latviesu","14":"tag-latviesu-valoda","15":"tag-latviesuvaloda","16":"tag-latvija","17":"tag-lv","18":"tag-sports"},"share_on_mastodon":{"url":"","error":""},"_links":{"self":[{"href":"https:\/\/www.europesays.com\/lv\/wp-json\/wp\/v2\/posts\/24383","targetHints":{"allow":["GET"]}}],"collection":[{"href":"https:\/\/www.europesays.com\/lv\/wp-json\/wp\/v2\/posts"}],"about":[{"href":"https:\/\/www.europesays.com\/lv\/wp-json\/wp\/v2\/types\/post"}],"author":[{"embeddable":true,"href":"https:\/\/www.europesays.com\/lv\/wp-json\/wp\/v2\/users\/2"}],"replies":[{"embeddable":true,"href":"https:\/\/www.europesays.com\/lv\/wp-json\/wp\/v2\/comments?post=24383"}],"version-history":[{"count":0,"href":"https:\/\/www.europesays.com\/lv\/wp-json\/wp\/v2\/posts\/24383\/revisions"}],"wp:featuredmedia":[{"embeddable":true,"href":"https:\/\/www.europesays.com\/lv\/wp-json\/wp\/v2\/media\/24384"}],"wp:attachment":[{"href":"https:\/\/www.europesays.com\/lv\/wp-json\/wp\/v2\/media?parent=24383"}],"wp:term":[{"taxonomy":"category","embeddable":true,"href":"https:\/\/www.europesays.com\/lv\/wp-json\/wp\/v2\/categories?post=24383"},{"taxonomy":"post_tag","embeddable":true,"href":"https:\/\/www.europesays.com\/lv\/wp-json\/wp\/v2\/tags?post=24383"}],"curies":[{"name":"wp","href":"https:\/\/api.w.org\/{rel}","templated":true}]}}