{"id":24391,"date":"2025-10-18T17:05:09","date_gmt":"2025-10-18T17:05:09","guid":{"rendered":"https:\/\/www.europesays.com\/lv\/24391\/"},"modified":"2025-10-18T17:05:09","modified_gmt":"2025-10-18T17:05:09","slug":"esam-soka-bet-runa-liepaja-no-majam-aizbegusa-zena-mates-bijusas-koleges-un-skolas-direktors","status":"publish","type":"post","link":"https:\/\/www.europesays.com\/lv\/24391\/","title":{"rendered":"&#8220;Esam \u0161ok\u0101. Bet&#8230;&#8221; Run\u0101 Liep\u0101j\u0101 no m\u0101j\u0101m aizb\u0113gu\u0161\u0101 z\u0113na m\u0101tes biju\u0161\u0101s kol\u0113\u0123es un skolas direktors"},"content":{"rendered":"<p>Par\u0101d\u0101s arvien jaunas deta\u013cas st\u0101st\u0101 par 13 gadus veco z\u0113nu, kur\u0161 aizb\u0113dzis no m\u0101j\u0101m Liep\u0101j\u0101, jo m\u0101te un pat\u0113vs vi\u0146u ilgsto\u0161i tur\u0113ju\u0161i piesl\u0113gtu pie radiatoriem un situ\u0161i. Liep\u0101jnieki, ar kuriem run\u0101j\u0101m, ir \u0161ok\u0101. Bet da\u017ei dzird\u0113tajam nesp\u0113j notic\u0113t. Ko par notiku\u0161o dom\u0101 Liep\u0101j\u0101?<\/p>\n<p>Liep\u0101jnieki, ar kuriem run\u0101j\u0101m, ir \u0161ok\u0101. Da\u017ei dzird\u0113tajam nesp\u0113j notic\u0113t. Ko par notiku\u0161o dom\u0101 Liep\u0101j\u0101?<\/p>\n","protected":false},"excerpt":{"rendered":"Par\u0101d\u0101s arvien jaunas deta\u013cas st\u0101st\u0101 par 13 gadus veco z\u0113nu, kur\u0161 aizb\u0113dzis no m\u0101j\u0101m Liep\u0101j\u0101, jo m\u0101te un&hellip;\n","protected":false},"author":2,"featured_media":24392,"comment_status":"","ping_status":"","sticky":false,"template":"","format":"standard","meta":{"footnotes":""},"categories":[5],"tags":[23,28,29,32,33,22,30,31,35,39,38,36,37,34,40,20,26,27,24,25,900,138,21],"class_list":{"0":"post-24391","1":"post","2":"type-post","3":"status-publish","4":"format-standard","5":"has-post-thumbnail","7":"category-aktualitates","8":"tag-aktualitates","9":"tag-breaking-news","10":"tag-breakingnews","11":"tag-featured-news","12":"tag-featurednews","13":"tag-headlines","14":"tag-latest-news","15":"tag-latestnews","16":"tag-latvia","17":"tag-latvian","18":"tag-latviesu","19":"tag-latviesu-valoda","20":"tag-latviesuvaloda","21":"tag-latvija","22":"tag-lv","23":"tag-news","24":"tag-popularakas-zinas","25":"tag-popularakaszinas","26":"tag-top-stories","27":"tag-topstories","28":"tag-tvnet-cilvekstasti","29":"tag-valsts-policija","30":"tag-zinas"},"share_on_mastodon":{"url":"","error":""},"_links":{"self":[{"href":"https:\/\/www.europesays.com\/lv\/wp-json\/wp\/v2\/posts\/24391","targetHints":{"allow":["GET"]}}],"collection":[{"href":"https:\/\/www.europesays.com\/lv\/wp-json\/wp\/v2\/posts"}],"about":[{"href":"https:\/\/www.europesays.com\/lv\/wp-json\/wp\/v2\/types\/post"}],"author":[{"embeddable":true,"href":"https:\/\/www.europesays.com\/lv\/wp-json\/wp\/v2\/users\/2"}],"replies":[{"embeddable":true,"href":"https:\/\/www.europesays.com\/lv\/wp-json\/wp\/v2\/comments?post=24391"}],"version-history":[{"count":0,"href":"https:\/\/www.europesays.com\/lv\/wp-json\/wp\/v2\/posts\/24391\/revisions"}],"wp:featuredmedia":[{"embeddable":true,"href":"https:\/\/www.europesays.com\/lv\/wp-json\/wp\/v2\/media\/24392"}],"wp:attachment":[{"href":"https:\/\/www.europesays.com\/lv\/wp-json\/wp\/v2\/media?parent=24391"}],"wp:term":[{"taxonomy":"category","embeddable":true,"href":"https:\/\/www.europesays.com\/lv\/wp-json\/wp\/v2\/categories?post=24391"},{"taxonomy":"post_tag","embeddable":true,"href":"https:\/\/www.europesays.com\/lv\/wp-json\/wp\/v2\/tags?post=24391"}],"curies":[{"name":"wp","href":"https:\/\/api.w.org\/{rel}","templated":true}]}}