{"id":24393,"date":"2025-10-18T17:12:10","date_gmt":"2025-10-18T17:12:10","guid":{"rendered":"https:\/\/www.europesays.com\/lv\/24393\/"},"modified":"2025-10-18T17:12:10","modified_gmt":"2025-10-18T17:12:10","slug":"eminems-drizuma-klus-par-vectevu-jau-otro-reizi-meita-alaina-gaida-meiteniti-lente-lv","status":"publish","type":"post","link":"https:\/\/www.europesays.com\/lv\/24393\/","title":{"rendered":"Eminems dr\u012bzum\u0101 k\u013c\u016bs par vect\u0113vu jau otro reizi: meita Alaina gaida meiten\u012bti\u00a0\u2014\u00a0Lente.lv"},"content":{"rendered":"<p>Eminem sagaid\u012bs otro mazb\u0113rnu<\/p>\n<p>Repa le\u0123enda Eminems dr\u012bzum\u0101 atkal k\u013c\u016bs par vect\u0113vu. Vi\u0146a vec\u0101k\u0101 meita, 32 gadus vec\u0101 Alaina Skota, kop\u0101 ar v\u012bru Metu Moelleru gaida savu pirmdzimto b\u0113rnu. Aizkustino\u0161\u0101 pazi\u0146ojum\u0101 soci\u0101lajos medijos Alaina dal\u012bj\u0101s ar priec\u012bgaj\u0101m zi\u0146\u0101m, uzsverot, cik \u013coti \u0161\u012b gaid\u0101m\u0101 dz\u012bv\u012bba jau ir main\u012bjusi vi\u0146as pa\u0161u.<\/p>\n<p>Alaina sav\u0101 Instagram profil\u0101 public\u0113ja s\u0113riju ar fotogr\u0101fij\u0101m, kur\u0101s p\u0101ris redzams, turot mazu b\u0113rnu kombinezonu ar uzrakstu &#8220;Baby Moeller&#8221; un nor\u0101di &#8220;N\u0101k 2026. gad\u0101&#8221;. Citos att\u0113los redzams, k\u0101 vi\u0146a p\u0101rsteidz savu v\u012bru ar gaid\u0101maj\u0101m zi\u0146\u0101m. Vi\u0146\u0161 bija ar aizsiet\u0101m ac\u012bm, vedot cauri vi\u0146u jaunajai m\u0101jai, kur vi\u0146u sagaid\u012bja baloni, kas veidoja uzrakstu &#8220;Baby M&#8221;, un pozit\u012bvs gr\u016btniec\u012bbas tests. Alaina atkl\u0101ja, ka jau m\u0113ne\u0161iem ilgi sird\u012b j\u016bt &#8220;nelielu sirdspukstu&#8221;, kas jau &#8220;visos iesp\u0113jamos veidos main\u012bjis vi\u0146as pa\u0161u&#8221;. Vi\u0146a pau\u017e dzi\u013cu pateic\u012bbu par \u0161o sv\u0113t\u012bbu un atkl\u0101j, ka b\u0113rni\u0146\u0161 ir &#8220;lab\u0101kais no mums abiem&#8221;.<\/p>\n<p>\u0160is priec\u012bgais notikums ir otrais gad\u012bjums Eminema dz\u012bv\u0113, kad vi\u0146\u0161 k\u013c\u016bst par vect\u0113vu. Tikai \u0161\u012b gada mart\u0101 vi\u0146a jaun\u0101k\u0101 meita Heilija D\u017eeida kop\u0101 ar v\u012bru Evancu Makklintoku sagaid\u012bja pasaul\u0113 d\u0113lu Eliotu M\u0101r\u0161alu. Pirms tam, kad Heilija gaid\u012bja savu b\u0113rnu, Eminems pat rad\u012bja dziesmu par \u0161o notikumu, un m\u016bzikas video fragment\u0101 vi\u0146\u0161 sa\u0146\u0113ma Detroitas &#8220;Lions&#8221; komandas kreklu ar uzrakstu &#8220;Grandpa&#8221;.<\/p>\n<p>\u0122imenes prieks un gaid\u0101m\u0101 meiti\u0146a<\/p>\n<p>Nesen Alaina Skota ir atkl\u0101jusi ar\u012b gaid\u0101m\u0101 b\u0113rni\u0146a dzimumu. Video, kas public\u0113ts Instagram, p\u0101ris ir redzams, iedarbinot konfeti p\u016bt\u0113jus, kas izstaro roz\u0101 konfeti, skaidri nor\u0101dot, ka vi\u0146i gaida meiten\u012bti. &#8220;Tu esi viss, ko esmu jebkad sap\u0146ojusi, mana d\u0101rg\u0101 b\u0113rni\u0146,&#8221; Alaina rakst\u012bja pie video, pau\u017eot prieku par to, ka vi\u0146as v\u012brs k\u013c\u016bs par &#8220;meiti\u0146as t\u0113ti&#8221;. Vi\u0146a piebilda, ka redz\u0113t vi\u0146u kop\u0101 ar vi\u0146u meitu &#8220;b\u016bs visu laiku liel\u0101kais m\u012blas st\u0101sts&#8221;.<\/p>\n<p>\u0160\u012b zi\u0146a ir sag\u0101d\u0101jusi milz\u012bgu prieku gan Alainas, gan Metam, gan visai vi\u0146u pla\u0161ajai \u0123imenei. Alainas m\u0101sa Heilija D\u017eeida jau izteikusi savu saj\u016bsmu, koment\u0113jot: &#8220;Tik priec\u012bga par jums, meiten\u0113m \u2013 nevaru vien sagaid\u012bt, kad k\u013c\u016b\u0161u par \u0161\u012bs mazul\u012btes tant\u012bti.&#8221;<\/p>\n<p>Eminems, \u012bstaj\u0101 v\u0101rd\u0101 M\u0101r\u0161als Meterss III, adopt\u0113jis Alainu jau agr\u0101 b\u0113rn\u012bb\u0101. Vi\u0146a ir vi\u0146a biju\u0161\u0101s sievas Kimas Skotas dv\u012b\u0146um\u0101tes Daunas meita, kura c\u012bn\u012bj\u0101s ar atkar\u012bbu. T\u0101pat reperim ir v\u0113l divas meitas \u2013 Heilija D\u017eeida un Stivija Lena. Reperis jau iepriek\u0161 ir run\u0101jis par t\u0113va lomu sav\u0101 dz\u012bv\u0113, atz\u012bstot, ka b\u0113rnu audzin\u0101\u0161ana vi\u0146u &#8220;tur pie zemes&#8221; un ka svar\u012bg\u0101kais ir &#8220;b\u016bt kl\u0101t saviem b\u0113rniem un audzin\u0101t vi\u0146us pareizi&#8221;. Tagad vi\u0146am b\u016bs iesp\u0113ja izbaud\u012bt ar\u012b vect\u0113va lomu un dal\u012bties sav\u0101 pieredz\u0113 ar n\u0101kamo paaudzi.<\/p>\n<p>Alainas un Meta k\u0101zas notika 2023. gada j\u016bnij\u0101, un t\u0101s bija ietur\u0113tas &#8220;Liel\u0101 Getsbija&#8221; stil\u0101. K\u0101zas bija svin\u012bgs notikums, kur\u0101 Eminems pavad\u012bja savu meitu l\u012bdz alt\u0101rim. Tagad, kad \u0123imen\u0113 ien\u0101k jauns cilv\u0113ks, reperis dodas jaun\u0101, maig\u0101k\u0101 dz\u012bves noda\u013c\u0101, kur\u0101 maz\u0101k &#8220;mikrofonu kritienu&#8221; un vair\u0101k &#8220;j\u016bras v\u0101rdu un m\u012blest\u012bbas mirk\u013cu&#8221;.<\/p>\n","protected":false},"excerpt":{"rendered":"Eminem sagaid\u012bs otro mazb\u0113rnu Repa le\u0123enda Eminems dr\u012bzum\u0101 atkal k\u013c\u016bs par vect\u0113vu. Vi\u0146a vec\u0101k\u0101 meita, 32 gadus vec\u0101&hellip;\n","protected":false},"author":2,"featured_media":24394,"comment_status":"","ping_status":"","sticky":false,"template":"","format":"standard","meta":{"footnotes":""},"categories":[19],"tags":[7561,7560,89,936,90,35,39,38,36,37,34,40,7562,103],"class_list":{"0":"post-24393","1":"post","2":"type-post","3":"status-publish","4":"format-standard","5":"has-post-thumbnail","7":"category-izklaide","8":"tag-alaina-scott","9":"tag-eminems","10":"tag-entertainment","11":"tag-grutnieciba","12":"tag-izklaide","13":"tag-latvia","14":"tag-latvian","15":"tag-latviesu","16":"tag-latviesu-valoda","17":"tag-latviesuvaloda","18":"tag-latvija","19":"tag-lv","20":"tag-mazberni","21":"tag-muzika"},"share_on_mastodon":{"url":"","error":""},"_links":{"self":[{"href":"https:\/\/www.europesays.com\/lv\/wp-json\/wp\/v2\/posts\/24393","targetHints":{"allow":["GET"]}}],"collection":[{"href":"https:\/\/www.europesays.com\/lv\/wp-json\/wp\/v2\/posts"}],"about":[{"href":"https:\/\/www.europesays.com\/lv\/wp-json\/wp\/v2\/types\/post"}],"author":[{"embeddable":true,"href":"https:\/\/www.europesays.com\/lv\/wp-json\/wp\/v2\/users\/2"}],"replies":[{"embeddable":true,"href":"https:\/\/www.europesays.com\/lv\/wp-json\/wp\/v2\/comments?post=24393"}],"version-history":[{"count":0,"href":"https:\/\/www.europesays.com\/lv\/wp-json\/wp\/v2\/posts\/24393\/revisions"}],"wp:featuredmedia":[{"embeddable":true,"href":"https:\/\/www.europesays.com\/lv\/wp-json\/wp\/v2\/media\/24394"}],"wp:attachment":[{"href":"https:\/\/www.europesays.com\/lv\/wp-json\/wp\/v2\/media?parent=24393"}],"wp:term":[{"taxonomy":"category","embeddable":true,"href":"https:\/\/www.europesays.com\/lv\/wp-json\/wp\/v2\/categories?post=24393"},{"taxonomy":"post_tag","embeddable":true,"href":"https:\/\/www.europesays.com\/lv\/wp-json\/wp\/v2\/tags?post=24393"}],"curies":[{"name":"wp","href":"https:\/\/api.w.org\/{rel}","templated":true}]}}