{"id":24415,"date":"2025-10-18T17:36:10","date_gmt":"2025-10-18T17:36:10","guid":{"rendered":"https:\/\/www.europesays.com\/lv\/24415\/"},"modified":"2025-10-18T17:36:10","modified_gmt":"2025-10-18T17:36:10","slug":"samu-makslas-instalacija-bridina-par-klimata-krizi-lente-lv-2","status":"publish","type":"post","link":"https:\/\/www.europesays.com\/lv\/24415\/","title":{"rendered":"S\u0101mu M\u0101kslas Instal\u0101cija Br\u012bdina Par Klimata Kr\u012bzi\u00a0\u2014\u00a0Lente.lv"},"content":{"rendered":"<p>M\u0101kslas Br\u012bnums London\u0101: Zieme\u013cbrie\u017eu St\u0101sts Un Klimata Br\u012bdin\u0101jums<\/p>\n<p>Londonas slavenaj\u0101 modern\u0101s m\u0101kslas muzej\u0101 \u201cTate Modern\u201d viesus sagaida neparasta un sp\u0113c\u012bga izst\u0101de, kas atkl\u0101j s\u0101mu tautas kult\u016bru, vi\u0146u cie\u0161o saikni ar dabu un satrauco\u0161o v\u0113st\u012bjumu par klimata p\u0101rmai\u0146u draudiem. S\u0101mu m\u0101ksliniece M\u0101rete Anne S\u0101ra rad\u012bjusi iespaid\u012bgu instal\u0101ciju \u201cGoavve-Geabbil\u201d (klimata p\u0101rmai\u0146u izrais\u012bta par\u0101d\u012bba, kad lietus vai k\u016bsto\u0161s sniegs sasalst uz zemes virsmas, veidojot ledus k\u0101rtas, kas trauc\u0113 dz\u012bvniekiem piek\u013c\u016bt bar\u012bbai), kas atrodas muzeja iespaid\u012bgaj\u0101 Turb\u012bnu z\u0101l\u0113. \u0160\u012b monument\u0101l\u0101 m\u0101kslas darba m\u0113r\u0137is ir piev\u0113rst uzman\u012bbu tam, k\u0101 glob\u0101l\u0101s p\u0101rmai\u0146as apdraud s\u0101mu tautas tradicion\u0101lo dz\u012bvesveidu, kas dzi\u013ci sak\u0146ojas zieme\u013cbrie\u017eu audz\u0113\u0161an\u0101. Izst\u0101de ir atv\u0113rta apmekl\u0113t\u0101jiem no 2025. gada 14. oktobra l\u012bdz 2026. gada 6. apr\u012blim, un ieeja ir bez maksas.<\/p>\n<p>S\u0101mu Kult\u016bra un Dz\u012bvesveids: Zieme\u013cbrie\u017eu Nenov\u0113rt\u0113jam\u0101 Noz\u012bme<\/p>\n<p>M\u0101rete Anne S\u0101ra, dzimusi zieme\u013cbrie\u017eu audz\u0113t\u0101ju \u0123imen\u0113 S\u0113pmij\u0101 (tradicion\u0101l\u0101 s\u0101mu teritorija, kas aptver Norv\u0113\u0123ijas, Zviedrijas, Somijas un Krievijas da\u013cas), sav\u0101 dai\u013crad\u0113 dzi\u013ci balst\u0101s uz sen\u010du zin\u0101\u0161an\u0101m un person\u012bgo pieredzi. Vi\u0146as rad\u012bt\u0101 instal\u0101cija ir k\u0101 emocion\u0101ls tilts starp senatni un m\u016bsdien\u0101m, izmantojot materi\u0101lus, kas ir cie\u0161i saist\u012bti ar s\u0101mu tautas izdz\u012bvo\u0161anu un kult\u016bru \u2013 zieme\u013cbrie\u017eu \u0101das un kaulus, koka elementus un pat r\u016bpnieciskus materi\u0101lus, piem\u0113ram, elektr\u012bbas kabe\u013cus. \u0160ie materi\u0101li, kop\u0101 ar noska\u0146ainu ska\u0146u ainavu un dab\u012bgiem arom\u0101tiem, veido daudzsensorisku pieredzi, kas godina s\u0101mu tautas \u201cindig\u0113no zin\u0101tni\u201d un to skat\u012bjumu uz sp\u0113ku, nevis k\u0101 resursu izmanto\u0161anu, bet gan k\u0101 dz\u012bv\u012bbas ener\u0123iju, kas pl\u016bst caur zemi, dz\u012bvniekiem un kult\u016bru. Zieme\u013cbrie\u017ei ir biju\u0161i fundament\u0101li s\u0101mu tautas izdz\u012bvo\u0161anai t\u016bksto\u0161iem gadu, nodro\u0161inot gan p\u0101rtiku, gan siltu ap\u0123\u0113rbu un pajumti. Ar\u012b m\u016bsdien\u0101s zieme\u013cbrie\u017eu audz\u0113\u0161ana joproj\u0101m ir b\u016btiska s\u0101mu kult\u016bras sast\u0101vda\u013ca, lai gan t\u0101 saskaras ar nopietniem izaicin\u0101jumiem.<\/p>\n<p>Klimata P\u0101rmai\u0146u Dr\u016bmie Draudi S\u0113pmijai<\/p>\n<p>Instal\u0101cijas nosaukums \u201cGoavve-Geabbil\u201d pats par sevi ir br\u012bdin\u0101jums par klimata p\u0101rmai\u0146u posto\u0161o ietekmi. S\u0101mu m\u0101ksliniece ar savu darbu uzskat\u0101mi demonstr\u0113, k\u0101 strauj\u0101s temperat\u016bras sv\u0101rst\u012bbas, kas izraisa bie\u017e\u0101kas lietusg\u0101zes un tad strauju sasal\u0161anu, veido ledus k\u0101rtas uz zemes. \u0160\u012bs ledus barjeras dz\u012bvniekiem, \u012bpa\u0161i zieme\u013cbrie\u017eiem, at\u0146em piek\u013cuvi nepiecie\u0161amajai bar\u012bbai, radot badu un cie\u0161anas. Turkl\u0101t, \u0101du savieno\u0161ana ar elektr\u012bbas kabe\u013ciem instal\u0101cij\u0101 simboliz\u0113 s\u0101mu zemju apsaimnieko\u0161anas un izmanto\u0161anas probl\u0113mas, kas saist\u012btas ar m\u016bsdienu industri\u0101lo sabiedr\u012bbu un t\u0101s ietekmi uz tradicion\u0101laj\u0101m dz\u012bvesviet\u0101m. M\u0101ksliniece v\u0113las piev\u0113rst uzman\u012bbu tam, k\u0101 \u0161\u012bs glob\u0101l\u0101s p\u0101rmai\u0146as apdraud ne tikai dz\u012bvniekus, bet ar\u012b pa\u0161u s\u0101mu tautas kult\u016bras mantojumu un identit\u0101ti, kas ir cie\u0161i saist\u012bta ar zieme\u013cbrie\u017eu audz\u0113\u0161anas trad\u012bcij\u0101m. Zi\u0146ojumi liecina, ka klimata p\u0101rmai\u0146as rada iev\u0113rojamas probl\u0113mas zieme\u013cbrie\u017eu audz\u0113\u0161an\u0101, un s\u0101mu kopienas Zviedrijas zieme\u013cos ir spiestas mekl\u0113t jaunus veidus, k\u0101 piel\u0101goties \u0161iem apst\u0101k\u013ciem, izmantojot klimatisk\u0101s neaizsarg\u0101t\u012bbas nov\u0113rt\u0113jumus un adapt\u0101cijas pl\u0101nus.<\/p>\n<p>M\u0101ksla K\u0101 Katalizators Izmai\u0146\u0101m<\/p>\n<p>M\u0101rete Anne S\u0101ra savu m\u0101kslu izmanto ne tikai k\u0101 izpausmes l\u012bdzekli, bet ar\u012b k\u0101 sp\u0113c\u012bgu instrumentu soci\u0101lu un ekolo\u0123isku jaut\u0101jumu aktualiz\u0113\u0161anai. Vi\u0146a pau\u017e cer\u012bbu, ka vi\u0146as darbs Tate Modern ne tikai veicin\u0101s interesi un izpratni par s\u0101mu tautas probl\u0113m\u0101m un vi\u0146u saikni ar dabu, bet ar\u012b kalpos k\u0101 s\u0101kumpunkts re\u0101l\u0101m p\u0101rmai\u0146\u0101m un diskusij\u0101m par m\u016bsu kop\u012bgo atbild\u012bbu par plan\u0113tas n\u0101kotni. K\u0101 uzsver Tate Modern direktore Karin Hindsbo, M\u0101rete Anne S\u0101ra ir viena no daudzajiem talant\u012bgajiem s\u0101mu m\u0101ksliniekiem, kas p\u0113d\u0113j\u0101 laik\u0101 guvu\u0161i starptautisku atzin\u012bbu par to, ka vi\u0146i padara redzamas probl\u0113mas, kas skar S\u0113pmiju un t\u0101s iedz\u012bvot\u0101jus. \u0160\u012b izst\u0101de ir aicin\u0101jums apmekl\u0113t\u0101jiem iepaz\u012bt sen\u010du gudr\u012bbu, izjust dabas trauslumu un padom\u0101t par m\u016bsu lomu glob\u0101laj\u0101 ekosist\u0113m\u0101, saprotot, ka m\u0101ksla var b\u016bt sp\u0113c\u012bgs v\u0113stnesis svar\u012bg\u0101m soci\u0101laj\u0101m un vides t\u0113m\u0101m.<\/p>\n","protected":false},"excerpt":{"rendered":"M\u0101kslas Br\u012bnums London\u0101: Zieme\u013cbrie\u017eu St\u0101sts Un Klimata Br\u012bdin\u0101jums Londonas slavenaj\u0101 modern\u0101s m\u0101kslas muzej\u0101 \u201cTate Modern\u201d viesus sagaida neparasta&hellip;\n","protected":false},"author":2,"featured_media":24416,"comment_status":"","ping_status":"","sticky":false,"template":"","format":"standard","meta":{"footnotes":""},"categories":[19],"tags":[89,90,3761,35,39,38,36,37,34,40,7470,7472,7471,7473],"class_list":{"0":"post-24415","1":"post","2":"type-post","3":"status-publish","4":"format-standard","5":"has-post-thumbnail","7":"category-izklaide","8":"tag-entertainment","9":"tag-izklaide","10":"tag-klimata-parmainas","11":"tag-latvia","12":"tag-latvian","13":"tag-latviesu","14":"tag-latviesu-valoda","15":"tag-latviesuvaloda","16":"tag-latvija","17":"tag-lv","18":"tag-marete-anne-sara","19":"tag-samu-kultura","20":"tag-tate-modern","21":"tag-ziemelbriezi"},"share_on_mastodon":{"url":"","error":""},"_links":{"self":[{"href":"https:\/\/www.europesays.com\/lv\/wp-json\/wp\/v2\/posts\/24415","targetHints":{"allow":["GET"]}}],"collection":[{"href":"https:\/\/www.europesays.com\/lv\/wp-json\/wp\/v2\/posts"}],"about":[{"href":"https:\/\/www.europesays.com\/lv\/wp-json\/wp\/v2\/types\/post"}],"author":[{"embeddable":true,"href":"https:\/\/www.europesays.com\/lv\/wp-json\/wp\/v2\/users\/2"}],"replies":[{"embeddable":true,"href":"https:\/\/www.europesays.com\/lv\/wp-json\/wp\/v2\/comments?post=24415"}],"version-history":[{"count":0,"href":"https:\/\/www.europesays.com\/lv\/wp-json\/wp\/v2\/posts\/24415\/revisions"}],"wp:featuredmedia":[{"embeddable":true,"href":"https:\/\/www.europesays.com\/lv\/wp-json\/wp\/v2\/media\/24416"}],"wp:attachment":[{"href":"https:\/\/www.europesays.com\/lv\/wp-json\/wp\/v2\/media?parent=24415"}],"wp:term":[{"taxonomy":"category","embeddable":true,"href":"https:\/\/www.europesays.com\/lv\/wp-json\/wp\/v2\/categories?post=24415"},{"taxonomy":"post_tag","embeddable":true,"href":"https:\/\/www.europesays.com\/lv\/wp-json\/wp\/v2\/tags?post=24415"}],"curies":[{"name":"wp","href":"https:\/\/api.w.org\/{rel}","templated":true}]}}