{"id":244456,"date":"2026-07-08T18:59:26","date_gmt":"2026-07-08T18:59:26","guid":{"rendered":"https:\/\/www.europesays.com\/lv\/244456\/"},"modified":"2026-07-08T18:59:26","modified_gmt":"2026-07-08T18:59:26","slug":"tomass-stolcermanis-pirms-nakamajam-sacikstem-turam-galvas-augsa-f1lv-blogs","status":"publish","type":"post","link":"https:\/\/www.europesays.com\/lv\/244456\/","title":{"rendered":"Tomass \u0160tolcermanis: &#8220;Pirms n\u0101kamaj\u0101m sac\u012bkst\u0113m turam galvas aug\u0161\u0101&#8221; : F1LV Blogs"},"content":{"rendered":"<p>\u201cPrema Racing\u201d pilots Tomass \u0160tolcermanis Hungaroringas tras\u0113 Ung\u0101rij\u0101 aizvad\u012bja notikumiem bag\u0101tu \u201cFormula Regional\u201d Eiropas \u010dempion\u0101ta sac\u012bk\u0161u ned\u0113\u013cas nogali, kur\u0101 izc\u012bn\u012bja gan karjeras l\u012bdz \u0161im lab\u0101ko rezult\u0101tu, gan ar\u012b piedz\u012bvoja r\u016bgtu izst\u0101\u0161anos.<\/p>\n<p>Pirm\u0101 sac\u012bk\u0161u diena latvietim izv\u0113rt\u0101s \u012bpa\u0161i veiksm\u012bga. P\u0113c kvalifik\u0101cijas sesijas, kur\u0101 \u0160tolcermanis sav\u0101 grup\u0101 uzr\u0101d\u012bja tre\u0161o \u0101tr\u0101ko laiku, pilots izc\u012bn\u012bja sesto poz\u012bciju pirm\u0101s sac\u012bkstes startam.<\/p>\n<p>Par aizvad\u012bto ned\u0113\u013cas nogali Tomass \u0160tolcermanis atzina: \u201cPirmo reizi braucu Hungaroringas tras\u0113. T\u0101 bija diezgan for\u0161a un laika apst\u0101k\u013ci bija mums labv\u0113l\u012bgi. Kopum\u0101 dom\u0101ju, ka sp\u0113r\u0101m soli uz priek\u0161u un atradu labas saj\u016btas ar ma\u0161\u012bnu un jauno trasi.\u201d<\/p>\n<p>Sestdienas sac\u012bkst\u0113 Tomass apliecin\u0101ja savu konkur\u0113tsp\u0113ju, sp\u0113jot jau s\u0101kum\u0101 apsteigt konkurentu vien\u0101 no kalend\u0101ra sare\u017e\u0123\u012bt\u0101kaj\u0101m tras\u0113m, un fini\u0161\u0113t piektaj\u0101 viet\u0101. Pilots nesl\u0113pa gandar\u012bjumu: \u201cSestdiena bija mans l\u012bdz \u0161im lab\u0101kais rezult\u0101ts \u0161ogad ar 3. vietu kvalifik\u0101cijas grup\u0101 un 5. vietu pirmaj\u0101 sac\u012bkst\u0113 ar labu \u0101trumu.\u201d Sal\u012bdzin\u0101jumam, vi\u0146a komandas biedrs K\u012bns Nakamura-Berta \u0161aj\u0101 pa\u0161\u0101 braucien\u0101 sp\u0113ja pak\u0101pties no 13. uz 10. poz\u012bciju.<\/p>\n<p>Sv\u0113tdiena gan nesol\u012bja tik labv\u0113l\u012bgus rezult\u0101tus, jo p\u0113c sare\u017e\u0123\u012btas kvalifik\u0101cijas \u0160tolcermanis bija spiests start\u0113t no 18. vietas. Neskatoties uz lielisku startu, kur\u0101 vi\u0146\u0161 pak\u0101p\u0101s par vair\u0101k\u0101m poz\u012bcij\u0101m, pilots v\u0113l\u0101k tika ierauts negad\u012bjum\u0101 c\u012b\u0146as karstum\u0101 ar citiem brauc\u0113jiem, k\u0101 rezult\u0101t\u0101 sac\u012bksti n\u0101c\u0101s nosl\u0113gt priek\u0161laic\u012bgi. \u201cSv\u0113tdiena neizdev\u0101s k\u0101 pl\u0101nots ar gr\u016bt\u0101ku kvalifik\u0101ciju, c\u012bnoties, lai atrastu t\u0101du pa\u0161u \u0101trumu k\u0101 sestdien. Otr\u0101 sac\u012bkst\u0113 p\u0113c mega starta no 18. uz 14. vietu, es c\u012bn\u012bjos ar brauc\u0113jiem aizmugur\u0113 un vien\u0101 br\u012bd\u012b sad\u016bros un izst\u0101jos,\u201d situ\u0101ciju koment\u0113ja sportists.<\/p>\n<p>Kam\u0113r latvie\u0161u pilotam sv\u0113tdiena beidz\u0101s ar izst\u0101\u0161anos, Nakamura-Berta, p\u0113c soda piem\u0113ro\u0161anas konkurentam, izc\u012bn\u012bja tre\u0161o vietu. \u0160tolcermanis raug\u0101s n\u0101kotn\u0113 ar optimismu: \u201cM\u0113s turam galvas aug\u0161\u0101 pirms n\u0101kam\u0101s sac\u012bk\u0161u ned\u0113\u013cas nogales Pola Rik\u0101ra tras\u0113. Potenci\u0101ls un ritms man ir.\u201d<\/p>\n<p>FREC sezonas kopv\u0113rt\u0113jums:<\/p>\n<p><a href=\"https:\/\/www.europesays.com\/lv\/wp-content\/uploads\/2026\/07\/stand.jpg\"><img fetchpriority=\"high\" decoding=\"async\" class=\"alignnone size-full wp-image-77674\" src=\"https:\/\/www.europesays.com\/lv\/wp-content\/uploads\/2026\/07\/stand.jpg\" alt=\"\" width=\"915\" height=\"795\"  \/><\/a><\/p>\n","protected":false},"excerpt":{"rendered":"\u201cPrema Racing\u201d pilots Tomass \u0160tolcermanis Hungaroringas tras\u0113 Ung\u0101rij\u0101 aizvad\u012bja notikumiem bag\u0101tu \u201cFormula Regional\u201d Eiropas \u010dempion\u0101ta sac\u012bk\u0161u ned\u0113\u013cas nogali,&hellip;\n","protected":false},"author":2,"featured_media":244457,"comment_status":"","ping_status":"","sticky":false,"template":"","format":"standard","meta":{"footnotes":"","_share_on_mastodon":"0"},"categories":[17],"tags":[37945,35,39,38,36,37,34,40,40430,67,37946],"class_list":["post-244456","post","type-post","status-publish","format-standard","has-post-thumbnail","category-sports","tag-frec","tag-latvia","tag-latvian","tag-latviesu","tag-latviesu-valoda","tag-latviesuvaloda","tag-latvija","tag-lv","tag-prema-racing","tag-sports","tag-tomass-stolcermanis"],"share_on_mastodon":{"url":"https:\/\/pubeurope.com\/@lv\/116885898541201471","error":""},"_links":{"self":[{"href":"https:\/\/www.europesays.com\/lv\/wp-json\/wp\/v2\/posts\/244456","targetHints":{"allow":["GET"]}}],"collection":[{"href":"https:\/\/www.europesays.com\/lv\/wp-json\/wp\/v2\/posts"}],"about":[{"href":"https:\/\/www.europesays.com\/lv\/wp-json\/wp\/v2\/types\/post"}],"author":[{"embeddable":true,"href":"https:\/\/www.europesays.com\/lv\/wp-json\/wp\/v2\/users\/2"}],"replies":[{"embeddable":true,"href":"https:\/\/www.europesays.com\/lv\/wp-json\/wp\/v2\/comments?post=244456"}],"version-history":[{"count":0,"href":"https:\/\/www.europesays.com\/lv\/wp-json\/wp\/v2\/posts\/244456\/revisions"}],"wp:featuredmedia":[{"embeddable":true,"href":"https:\/\/www.europesays.com\/lv\/wp-json\/wp\/v2\/media\/244457"}],"wp:attachment":[{"href":"https:\/\/www.europesays.com\/lv\/wp-json\/wp\/v2\/media?parent=244456"}],"wp:term":[{"taxonomy":"category","embeddable":true,"href":"https:\/\/www.europesays.com\/lv\/wp-json\/wp\/v2\/categories?post=244456"},{"taxonomy":"post_tag","embeddable":true,"href":"https:\/\/www.europesays.com\/lv\/wp-json\/wp\/v2\/tags?post=244456"}],"curies":[{"name":"wp","href":"https:\/\/api.w.org\/{rel}","templated":true}]}}