{"id":24472,"date":"2025-10-18T19:00:07","date_gmt":"2025-10-18T19:00:07","guid":{"rendered":"https:\/\/www.europesays.com\/lv\/24472\/"},"modified":"2025-10-18T19:00:07","modified_gmt":"2025-10-18T19:00:07","slug":"samanta-tina-atklaj-sirdi-jauna-albuma-nepateiktais-un-aicina-uz-dziedinosu-koncertturi-lente-lv","status":"publish","type":"post","link":"https:\/\/www.europesays.com\/lv\/24472\/","title":{"rendered":"Samanta T\u012bna atkl\u0101j sirdi jaun\u0101 album\u0101 \u201cNepateiktais\u201d un aicina uz dziedino\u0161u koncertt\u016bri\u00a0\u2014\u00a0Lente.lv"},"content":{"rendered":"<p>Jaunais albums &#8220;Nepateiktais&#8221; un koncertt\u016bre: Samanta T\u012bna aicina uz dzi\u013cu pa\u0161izzi\u0146as ce\u013cojumu<\/p>\n<p>Dzied\u0101t\u0101ja Samanta T\u012bna ir laidusi klaj\u0101 savu jaun\u0101ko un, k\u0101 pati atz\u012bst, vispersonisk\u0101ko un muzik\u0101li neparast\u0101ko darbu \u2013 albumu \u201cNepateiktais\u201d. Tas ir drosm\u012bgs solis jaun\u0101 virzien\u0101, kur\u0101 m\u0101ksliniece apvieno pasaules m\u016bziku, gar\u012bgo m\u016bziku un etnisk\u0101s iez\u012bmes, radot unik\u0101lu skan\u0113jumu, kas ietver latvie\u0161u tautasdziesmas, v\u0113disk\u0101s mantras un pat sv\u0113tos rakstus. \u0160ie ska\u0146darbi ir rad\u012bti ar m\u0113r\u0137i dziedin\u0101t, dot sp\u0113ku un nest gaismu klaus\u012bt\u0101ju sird\u012bs.<\/p>\n<p>Muzik\u0101la transform\u0101cija un rado\u0161\u0101 sadarb\u012bba<\/p>\n<p>Albuma \u201cNepateiktais\u201d tap\u0161an\u0101 Samantai T\u012bnai bijusi cie\u0161a sadarb\u012bba ar komponistu un producentu Rihardu Za\u013cupi. Vi\u0146u rado\u0161\u0101 \u0137\u012bmija ir \u013c\u0101vusi rad\u012bt darbu, kas atspogu\u013co dzied\u0101t\u0101jas muzik\u0101lo un dv\u0113seles transform\u0101ciju. \u0160is projekts ir ar\u012b papildin\u0101ts ar Tukuma za\u013c\u0101 kora, \u010dellistes Daces Z\u0101l\u012btes-Zilbertas un \u0123it\u0101rista M\u0101rca Vasi\u013cevska sniegumu, pie\u0161\u0137irot ierakstam v\u0113l vair\u0101k dzi\u013cuma un unik\u0101lu piesk\u0101rienu. Samanta T\u012bna atkl\u0101j, ka albuma rad\u012b\u0161ana bijusi izaicino\u0161a pieredze, kas likusi vi\u0146ai \u201cm\u0101c\u012bties dzied\u0101t no jauna\u201d, uzsverot katra ska\u0146darba dzi\u013co emocion\u0101lo pies\u0101tin\u0101jumu.<\/p>\n<blockquote>\n<p>\u201c\u0160aj\u0101s dziesm\u0101s ir liels iek\u0161\u0113js sp\u0113ks, dziedino\u0161s kods, un, lai t\u0101s nodzied\u0101tu, man b\u016bs vajadz\u012bga drosme,\u201d atkl\u0101j dzied\u0101t\u0101ja.<\/p>\n<\/blockquote>\n<p>Rihards Za\u013cupe uzsver, ka albums ir k\u0101 ce\u013cojums cauri laikam un telp\u0101m, kur\u0101 sapl\u016bst Samantas ieceres, teksti, latvie\u0161u dainas un v\u0113disk\u0101s mantras ar vi\u0146as balss unik\u0101laj\u0101m nokr\u0101s\u0101m. \u012apa\u0161u p\u0101rsteigumu klaus\u012bt\u0101jiem sag\u0101d\u0101 duets \u201cKur ir tava sirds\u201d, kur\u0101 apvienojas Samantas un Riharda balsis, un kuram speci\u0101li tapis M\u0101ra Puj\u0101ta teksts.<\/p>\n<p>Koncertt\u016bre \u201cV\u0113stule Tev \u2013 Nepateiktais\u201d<\/p>\n<p>Ar jauno albumu Samanta T\u012bna ne tikai uzs\u0101k jaunu muzik\u0101lo noda\u013cu sav\u0101 karjer\u0101, atsakoties no ierast\u0101 popm\u016bzikas \u017eanra, bet ar\u012b dodas dzi\u013c\u0101k\u0101 personisk\u0101 ce\u013c\u0101. Vi\u0146a aicina klaus\u012bt\u0101jus pievienoties jaunai koncerts\u0113rijai \u201cV\u0113stule Tev \u2013 Nepateiktais\u201d, kas ir turpin\u0101jums emocion\u0101lajai koncertt\u016brei \u201cV\u0113stule Tev\u201d. \u0160\u012b koncertu s\u0113rija ir aicin\u0101jums doties ce\u013cojum\u0101 tuv\u0101k sev, iel\u016bkoties liet\u0101s, emocij\u0101s un notikumos, kas paliku\u0161i nepateikti vai nepabeigti. Samanta caur dziesm\u0101m un st\u0101stiem dal\u012bsies sav\u0101 pieredz\u0113 par sen noglab\u0101tu aizvainojumu iepaz\u012b\u0161anu, k\u013c\u016bdu atz\u012b\u0161anu, dz\u012b\u0161anu un ce\u013cu uz br\u012bv\u012bbu un pie\u0146em\u0161anu. Koncerti tiek veidoti romantisk\u0101, atkl\u0101t\u0101 un meditat\u012bv\u0101 atmosf\u0113r\u0101, sve\u010du gaism\u0101, radot int\u012bmu sarunu ar skat\u012bt\u0101ju.<\/p>\n<p>\u0160aj\u0101 unik\u0101laj\u0101 ce\u013cojum\u0101 skan\u0113s ar\u012b jaun\u0101 m\u016bzika no albuma \u201cNepateiktais\u201d un \u012bpa\u0161i rad\u012btas aizsardz\u012bbas un sp\u0113ka mantras, kas pal\u012bdz\u0113s stiprin\u0101t klaus\u012bt\u0101ju iek\u0161\u0113jo es. Koncertu cikls \u201cV\u0113stule Tev \u2013 Nepateiktais\u201d sol\u0101s b\u016bt Samantas visdzi\u013c\u0101kais un atkl\u0101t\u0101kais ce\u013cojums, kas piln\u012bb\u0101 rezon\u0113s ar tiem, kuri gatavi iet dzi\u013c\u0101k sev\u012b.<\/p>\n<p>Jauns muzik\u0101lais posms un autentiskums<\/p>\n<p>Samanta T\u012bna ar albumu \u201cNepateiktais\u201d un gaid\u0101mo koncertt\u016bri apliecina savu gatav\u012bbu atkl\u0101t jaunas rado\u0161\u0101s robe\u017eas. Vi\u0146as m\u016bzika vairs nav tikai popa \u017eanra ietvaros, bet mekl\u0113 autentiskumu un patiesumu. Albums simboliz\u0113 iek\u0161\u0113jo harmoniju, gaismas mekl\u0113jumus un person\u012bgo br\u012bv\u012bbu, pier\u0101dot, ka patiesu sp\u0113ku var rast gan nepateiktaj\u0101, gan dzi\u013c\u0101 dialog\u0101 ar sevi un pirmavotiem.<\/p>\n","protected":false},"excerpt":{"rendered":"Jaunais albums &#8220;Nepateiktais&#8221; un koncertt\u016bre: Samanta T\u012bna aicina uz dzi\u013cu pa\u0161izzi\u0146as ce\u013cojumu Dzied\u0101t\u0101ja Samanta T\u012bna ir laidusi klaj\u0101&hellip;\n","protected":false},"author":2,"featured_media":24473,"comment_status":"","ping_status":"","sticky":false,"template":"","format":"standard","meta":{"footnotes":""},"categories":[19],"tags":[89,7588,90,309,1316,35,39,38,194,36,37,34,40,7462,7589,7222],"class_list":{"0":"post-24472","1":"post","2":"type-post","3":"status-publish","4":"format-standard","5":"has-post-thumbnail","7":"category-izklaide","8":"tag-entertainment","9":"tag-gariga-muzika","10":"tag-izklaide","11":"tag-jauns-albums","12":"tag-koncertture","13":"tag-latvia","14":"tag-latvian","15":"tag-latviesu","16":"tag-latviesu-muzika","17":"tag-latviesu-valoda","18":"tag-latviesuvaloda","19":"tag-latvija","20":"tag-lv","21":"tag-nepateiktais","22":"tag-pasaules-muzika","23":"tag-samanta-tina"},"share_on_mastodon":{"url":"","error":""},"_links":{"self":[{"href":"https:\/\/www.europesays.com\/lv\/wp-json\/wp\/v2\/posts\/24472","targetHints":{"allow":["GET"]}}],"collection":[{"href":"https:\/\/www.europesays.com\/lv\/wp-json\/wp\/v2\/posts"}],"about":[{"href":"https:\/\/www.europesays.com\/lv\/wp-json\/wp\/v2\/types\/post"}],"author":[{"embeddable":true,"href":"https:\/\/www.europesays.com\/lv\/wp-json\/wp\/v2\/users\/2"}],"replies":[{"embeddable":true,"href":"https:\/\/www.europesays.com\/lv\/wp-json\/wp\/v2\/comments?post=24472"}],"version-history":[{"count":0,"href":"https:\/\/www.europesays.com\/lv\/wp-json\/wp\/v2\/posts\/24472\/revisions"}],"wp:featuredmedia":[{"embeddable":true,"href":"https:\/\/www.europesays.com\/lv\/wp-json\/wp\/v2\/media\/24473"}],"wp:attachment":[{"href":"https:\/\/www.europesays.com\/lv\/wp-json\/wp\/v2\/media?parent=24472"}],"wp:term":[{"taxonomy":"category","embeddable":true,"href":"https:\/\/www.europesays.com\/lv\/wp-json\/wp\/v2\/categories?post=24472"},{"taxonomy":"post_tag","embeddable":true,"href":"https:\/\/www.europesays.com\/lv\/wp-json\/wp\/v2\/tags?post=24472"}],"curies":[{"name":"wp","href":"https:\/\/api.w.org\/{rel}","templated":true}]}}