{"id":24478,"date":"2025-10-18T19:06:09","date_gmt":"2025-10-18T19:06:09","guid":{"rendered":"https:\/\/www.europesays.com\/lv\/24478\/"},"modified":"2025-10-18T19:06:09","modified_gmt":"2025-10-18T19:06:09","slug":"astronout-akustiska-ture-muc-atklaj-aizkulises-un-ilgtspejas-izaicinajumus-mini-seriala-lente-lv-2","status":"publish","type":"post","link":"https:\/\/www.europesays.com\/lv\/24478\/","title":{"rendered":"\u201cAstro\u2019n\u2019out\u201d akustisk\u0101 t\u016bre \u201cM\u016bc\u201d atkl\u0101j aizkulises un ilgtsp\u0113jas izaicin\u0101jumus mini seri\u0101l\u0101\u00a0\u2014\u00a0Lente.lv"},"content":{"rendered":"<p>Grupa \u201cAstro\u2019n\u2019out\u201d uzs\u0101k akustisko t\u016bri \u201cM\u016bc\u201d un iepaz\u012bstina ar ilgtsp\u0113jas izaicin\u0101jumiem<\/p>\n<p>Grupa \u201cAstro\u2019n\u2019out\u201d, kas pla\u0161\u0101k paz\u012bstama ar saviem ener\u0123iskajiem koncertiem un radio hitiem, ir uzs\u0101kusi savu jauno akustisko koncertt\u016bri \u201cM\u016bc\u201d. T\u016bre, kas s\u0101k\u0101s Valmier\u0101 17. oktobr\u012b, pied\u0101v\u0101 klaus\u012bt\u0101jiem int\u012bm\u0101ku pieredzi ar grupas dziesmu jaun\u0101m aran\u017eij\u0101m un sen aizmirst\u0101m p\u0113rl\u0113m. Paral\u0113li t\u016bres muzik\u0101lajam baud\u012bjumam, grupa piev\u0113r\u0161 uzman\u012bbu ar\u012b ilgtsp\u0113jai, dokument\u0113jot savus centienus rad\u012bt videi draudz\u012bg\u0101ku koncertt\u016bri mini dokument\u0101l\u0101 seri\u0101l\u0101.<\/p>\n<p>Mini seri\u0101ls atkl\u0101j aizkulises un ilgtsp\u0113jas eksperimentu<\/p>\n<p>Lai sniegtu ieskatu gatavo\u0161an\u0101s proces\u0101, \u201cAstro\u2019n\u2019out\u201d ir public\u0113jusi pirmo s\u0113riju no piecu s\u0113riju mini dokument\u0101l\u0101 seri\u0101la. Seri\u0101ls, kas tapis sadarb\u012bb\u0101 ar re\u017eisoru Tomu Mustu, atkl\u0101j izaicin\u0101jumus, ar kuriem grupa saskaras, pl\u0101nojot un \u012bstenojot akustisko t\u016bri. \u0160ogad \u012bpa\u0161a uzman\u012bba piev\u0113rsta ilgtsp\u0113jas jaut\u0101jumiem \u2013 grupa eksperiment\u0113, lai rad\u012btu p\u0113c iesp\u0113jas \u201cza\u013c\u0101ku\u201d t\u016bri, nezaud\u0113jot m\u0101ksliniecisko kvalit\u0101ti. \u0160is eksperiments aptver visus t\u016bres aspektus, s\u0101kot no transporta un ener\u0123ijas risin\u0101jumiem, l\u012bdz pat skatuves t\u0113rpiem un scenogr\u0101fijai. K\u0101 atz\u012bst grupas soliste M\u0101ra Upmane-Hol\u0161teine, ilgtsp\u0113jas aspekts ir licis p\u0101rskat\u012bt ierastos procesus un atv\u0113ris jaunas rado\u0161as iesp\u0113jas, bie\u017ei vien pat nesad\u0101rdzinot risin\u0101jumus un \u013caujot ietaup\u012bt materi\u0101lus. \u201cKopum\u0101 \u0161is eksperiments lika p\u0101rskat\u012bt ikdienas teju \u201cautopilot\u0101\u201d iestr\u0101d\u0101t\u0101s sist\u0113mas un, lai ar\u012b vair\u0101kas lietas no izsap\u0146ot\u0101 neizdev\u0101s \u012bstenot, tom\u0113r m\u0113s procesa laik\u0101 daudz iem\u0101c\u012bj\u0101mies un non\u0101c\u0101m pie atzi\u0146as \u2012 ar pavisam nes\u0101p\u012bg\u0101m izmai\u0146\u0101m, tikai mazliet piedom\u0101jot pie ilgtsp\u0113jas jaut\u0101juma daudzas ierast\u0101s izv\u0113les var \u012bstenot videi un n\u0101kotnei draudz\u012bg\u0101k,\u201d vi\u0146a st\u0101sta.<\/p>\n<p>Ilgtsp\u0113jas trad\u012bcijas un \u201cReGen Paaudze\u201d<\/p>\n<p>\u201cAstro\u2019n\u2019out\u201d ilgtsp\u0113jas ce\u013c\u0161 aizs\u0101k\u0101s jau pag\u0101ju\u0161aj\u0101 gad\u0101 ar iniciat\u012bvu \u201cReGen Paaudze\u201d, ko grupa rad\u012bja kop\u0101 ar uz\u0146\u0113mumiem ZAAO un AJ Power Recycling. \u0160\u012bs iniciat\u012bvas ietvaros tika izveidota unik\u0101la ap\u0123\u0113rbu l\u012bnija \u201cAttieksme r\u012btdienai\u201d, izmantojot tekstila \u0161\u0137iro\u0161anas konteineros nodotos T-kreklus. \u0160ogad \u0161\u012b sadarb\u012bba turpin\u0101s, un ilgtsp\u0113j\u012bgs princips tiek integr\u0113ts v\u0113l dzi\u013c\u0101k grupas darb\u012bb\u0101, pat non\u0101kot uz skatuves. Grupa atz\u012bst, ka bie\u017ei vien vienk\u0101r\u0161as izmai\u0146as ikdienas paradumos var iev\u0113rojami samazin\u0101t negat\u012bvo ietekmi uz vidi, vienlaikus paverot jaunas rado\u0161as perspekt\u012bvas. \u0160\u012bs mini seri\u0101la s\u0113rijas b\u016bs pieejamas \u201cYoutube\u201d un grupas soci\u0101lajos t\u012bklos visas koncertt\u016bres garum\u0101, kas norisin\u0101s oktobr\u012b, novembr\u012b un decembr\u012b.<\/p>\n<p>Akustisk\u0101 t\u016bre \u201cM\u016bc\u201d \u2013 tuv\u012bba un p\u0101rdomas<\/p>\n<p>Akustisk\u0101 t\u016bre \u201cM\u016bc\u201d pied\u0101v\u0101 ne tikai jaunus muzik\u0101lus atkl\u0101jumus, bet ar\u012b aicina uz kop\u012bgu \u201csazem\u0113\u0161anos\u201d, att\u0101linoties no ikdienas steigas un \u013caujoties personisk\u0101m sarun\u0101m. Koncertos skan\u0113s gan grupas jaun\u0101kie darbi, gan ar\u012b dziesmas, kas nav izpild\u012btas vair\u0101k nek\u0101 desmit gadus, t\u0101s visas ieguvu\u0161as jaunu, akustisku skan\u0113jumu. T\u016bre ir pl\u0101nota k\u0101 int\u012bma tik\u0161an\u0101s ar klaus\u012bt\u0101jiem, bez ierast\u0101 \u0161ova un pla\u0161\u0101s ball\u012btes, radot pieklusin\u0101tu gaismu, lakoniskas dekor\u0101cijas un \u013caujot domin\u0113t tie\u0161i m\u016bzikai un emocion\u0101lajai saiknei starp grupu un publiku. \u201cP\u0113c pusotra gada darbu pauzes satik\u0101mies uz pirmo rado\u0161o grupas nometni un m\u016bs visus p\u0101r\u0146\u0113ma tik paz\u012bstam\u0101 apzi\u0146a, ka m\u016bziku un darbo\u0161anos kop\u0101 mums vajag glu\u017ei k\u0101 maizi, k\u0101 svaigu gaisu,\u201d atkl\u0101j grupas soliste M\u0101ra Upmane-Hol\u0161teine. T\u016bres ietvaros \u201cAstro\u2019n\u2019out\u201d viesosies vair\u0101k\u0101s Latvijas pils\u0113t\u0101s, tostarp Valmier\u0101, Liep\u0101j\u0101, Jelgav\u0101, Kuld\u012bg\u0101, R\u0113zekn\u0113 un R\u012bg\u0101. Da\u017ei no koncertiem ir main\u012bju\u0161i norises vietu vai datumu, t\u0101p\u0113c bi\u013ce\u0161u \u012bpa\u0161niekiem ieteicams p\u0101rbaud\u012bt jaun\u0101ko inform\u0101ciju par pas\u0101kumiem.<\/p>\n<p>Par \u201cAstro\u2019n\u2019out\u201d<\/p>\n<p>\u201cAstro\u2019n\u2019out\u201d ir latvie\u0161u popm\u016bzikas grupa, kas dibin\u0101ta 2003. gad\u0101 R\u012bg\u0101. Grupa ieguvusi pla\u0161u atpaz\u012bstam\u012bbu ar saviem radio hitiem, piem\u0113ram, \u201cDa\u013ca R\u012bgas\u201d, \u201cGravit\u0101tei n\u0113\u201d, \u201cTici sev\u201d un \u201cMultivitam\u012bnu multipaka\u201d. Vi\u0146u diskogr\u0101fij\u0101 ir vair\u0101ki veiksm\u012bgi albumi, tostarp \u201cMultivitam\u012bnu multipaka\u201d, kas sa\u0146\u0113mis \u201cZelta Mikrofonu\u201d k\u0101 lab\u0101kais 2019. gada popm\u016bzikas albums, un \u201c777\u201d, kas nov\u0113rt\u0113ts ar \u201cGada albuma\u201d un \u201cGada popm\u016bzikas albuma\u201d balv\u0101m. Grupa ir paz\u012bstama ne tikai ar savu muzik\u0101lo darb\u012bbu, bet ar\u012b ar iesaist\u012b\u0161anos da\u017e\u0101d\u0101s soci\u0101l\u0101s un labdar\u012bbas kampa\u0146\u0101s, atbalstot vesel\u012bgu dz\u012bvesveidu un jaunie\u0161u iniciat\u012bvas.<\/p>\n","protected":false},"excerpt":{"rendered":"Grupa \u201cAstro\u2019n\u2019out\u201d uzs\u0101k akustisko t\u016bri \u201cM\u016bc\u201d un iepaz\u012bstina ar ilgtsp\u0113jas izaicin\u0101jumiem Grupa \u201cAstro\u2019n\u2019out\u201d, kas pla\u0161\u0101k paz\u012bstama ar saviem&hellip;\n","protected":false},"author":2,"featured_media":24479,"comment_status":"","ping_status":"","sticky":false,"template":"","format":"standard","meta":{"footnotes":""},"categories":[19],"tags":[4151,89,90,35,39,38,36,37,34,40],"class_list":{"0":"post-24478","1":"post","2":"type-post","3":"status-publish","4":"format-standard","5":"has-post-thumbnail","7":"category-izklaide","8":"tag-astro","9":"tag-entertainment","10":"tag-izklaide","11":"tag-latvia","12":"tag-latvian","13":"tag-latviesu","14":"tag-latviesu-valoda","15":"tag-latviesuvaloda","16":"tag-latvija","17":"tag-lv"},"share_on_mastodon":{"url":"","error":""},"_links":{"self":[{"href":"https:\/\/www.europesays.com\/lv\/wp-json\/wp\/v2\/posts\/24478","targetHints":{"allow":["GET"]}}],"collection":[{"href":"https:\/\/www.europesays.com\/lv\/wp-json\/wp\/v2\/posts"}],"about":[{"href":"https:\/\/www.europesays.com\/lv\/wp-json\/wp\/v2\/types\/post"}],"author":[{"embeddable":true,"href":"https:\/\/www.europesays.com\/lv\/wp-json\/wp\/v2\/users\/2"}],"replies":[{"embeddable":true,"href":"https:\/\/www.europesays.com\/lv\/wp-json\/wp\/v2\/comments?post=24478"}],"version-history":[{"count":0,"href":"https:\/\/www.europesays.com\/lv\/wp-json\/wp\/v2\/posts\/24478\/revisions"}],"wp:featuredmedia":[{"embeddable":true,"href":"https:\/\/www.europesays.com\/lv\/wp-json\/wp\/v2\/media\/24479"}],"wp:attachment":[{"href":"https:\/\/www.europesays.com\/lv\/wp-json\/wp\/v2\/media?parent=24478"}],"wp:term":[{"taxonomy":"category","embeddable":true,"href":"https:\/\/www.europesays.com\/lv\/wp-json\/wp\/v2\/categories?post=24478"},{"taxonomy":"post_tag","embeddable":true,"href":"https:\/\/www.europesays.com\/lv\/wp-json\/wp\/v2\/tags?post=24478"}],"curies":[{"name":"wp","href":"https:\/\/api.w.org\/{rel}","templated":true}]}}