{"id":24490,"date":"2025-10-18T19:25:09","date_gmt":"2025-10-18T19:25:09","guid":{"rendered":"https:\/\/www.europesays.com\/lv\/24490\/"},"modified":"2025-10-18T19:25:09","modified_gmt":"2025-10-18T19:25:09","slug":"verstapens-izcina-uzvaru-asv-grand-prix-sprinta","status":"publish","type":"post","link":"https:\/\/www.europesays.com\/lv\/24490\/","title":{"rendered":"Verstapens izc\u012bna uzvaru ASV &#8220;Grand Prix&#8221; sprint\u0101"},"content":{"rendered":"<p>Verstapens izmantoja abu &#8220;McLaren&#8221; pilotu Oskara Piastri un Lando Norisa sadursmi pirmaj\u0101 l\u012bkum\u0101 ar Niko Hilkenbergu no &#8220;Sauber&#8221; un fini\u0161\u0113ja pirmais, 19 ap\u013cus veicot 37 min\u016bt\u0113s un 58,229 sekund\u0113s, un nopeln\u012bja asto\u0146us kopv\u0113rt\u0113juma punktus.<\/p>\n<p>Otrais fini\u0161\u0113ja &#8220;Mercedes&#8221; p\u0101rst\u0101vis D\u017eord\u017es Rasels, uzvar\u0113t\u0101jam zaud\u0113jot 0,395 sekundes un nopelnot septi\u0146us punktus, bet tre\u0161ais &#8211; &#8220;Williams&#8221; pilots Karloss Sainss (+0,791).<\/p>\n<p>Ceturto un piekto vietu ie\u0146\u0113ma &#8220;Ferrari&#8221; piloti Luiss Hamiltons (+1,224) un \u0160arls Lekl\u0113rs (+1,825), sesto &#8211; Aleksanders Albons no &#8220;Williams&#8221; (+2,576), sept\u012bto &#8211; Verstapena komandas biedrs Juki Cunoda (+2,976), bet p\u0113d\u0113jo punktu kopv\u0113rt\u0113jumam nopeln\u012bja &#8220;Mercedes&#8221; brauc\u0113js Kimi Antonelli (+4,147).<\/p>\n<p>Hilkenbergs sprinta sacens\u012bbu s\u0101kum\u0101 m\u0113\u0123in\u0101ja apdz\u012bt Piastri, bet p\u0113c sadursmes cieta ar\u012b Noriss. Savuk\u0101rt Fernando Alonso &#8220;Aston Martin&#8221; izst\u0101j\u0101s riepas pl\u012bsuma d\u0113\u013c.<\/p>\n<p>Sacens\u012bbas ats\u0101k\u0101s p\u0113c piecu ap\u013cu veik\u0161anas aiz dro\u0161\u012bbas ma\u0161\u012bnas.<\/p>\n<p>\u010cetrus ap\u013cus pirms sacens\u012bbu beig\u0101m pirmaj\u0101 l\u012bkum\u0101 notika v\u0113l viena sadursme, Lensam Strolam ar savu &#8220;Aston Martin&#8221; braucamo ietriecoties Estebana Okona (&#8220;Haas&#8221;) automa\u0161\u012bn\u0101.<\/p>\n<p>Piektdien treni\u0146braucienos \u0101tr\u0101ko ap\u013ca laiku min\u016bte un 33,294 sekundes uzr\u0101d\u012bja Noriss, par 0,255 sekund\u0113m apsteidzot Hilkenbergu un par 0,279 sekund\u0113m &#8211; Piastri, bet Verstapens ie\u0146\u0113ma piekto vietu.<\/p>\n","protected":false},"excerpt":{"rendered":"Verstapens izmantoja abu &#8220;McLaren&#8221; pilotu Oskara Piastri un Lando Norisa sadursmi pirmaj\u0101 l\u012bkum\u0101 ar Niko Hilkenbergu no &#8220;Sauber&#8221;&hellip;\n","protected":false},"author":2,"featured_media":24491,"comment_status":"","ping_status":"","sticky":false,"template":"","format":"standard","meta":{"footnotes":""},"categories":[17],"tags":[4182,2467,35,39,38,36,37,34,40,2358,67],"class_list":{"0":"post-24490","1":"post","2":"type-post","3":"status-publish","4":"format-standard","5":"has-post-thumbnail","7":"category-sports","8":"tag-f-1","9":"tag-formula-1","10":"tag-latvia","11":"tag-latvian","12":"tag-latviesu","13":"tag-latviesu-valoda","14":"tag-latviesuvaloda","15":"tag-latvija","16":"tag-lv","17":"tag-makss-verstapens","18":"tag-sports"},"share_on_mastodon":{"url":"","error":""},"_links":{"self":[{"href":"https:\/\/www.europesays.com\/lv\/wp-json\/wp\/v2\/posts\/24490","targetHints":{"allow":["GET"]}}],"collection":[{"href":"https:\/\/www.europesays.com\/lv\/wp-json\/wp\/v2\/posts"}],"about":[{"href":"https:\/\/www.europesays.com\/lv\/wp-json\/wp\/v2\/types\/post"}],"author":[{"embeddable":true,"href":"https:\/\/www.europesays.com\/lv\/wp-json\/wp\/v2\/users\/2"}],"replies":[{"embeddable":true,"href":"https:\/\/www.europesays.com\/lv\/wp-json\/wp\/v2\/comments?post=24490"}],"version-history":[{"count":0,"href":"https:\/\/www.europesays.com\/lv\/wp-json\/wp\/v2\/posts\/24490\/revisions"}],"wp:featuredmedia":[{"embeddable":true,"href":"https:\/\/www.europesays.com\/lv\/wp-json\/wp\/v2\/media\/24491"}],"wp:attachment":[{"href":"https:\/\/www.europesays.com\/lv\/wp-json\/wp\/v2\/media?parent=24490"}],"wp:term":[{"taxonomy":"category","embeddable":true,"href":"https:\/\/www.europesays.com\/lv\/wp-json\/wp\/v2\/categories?post=24490"},{"taxonomy":"post_tag","embeddable":true,"href":"https:\/\/www.europesays.com\/lv\/wp-json\/wp\/v2\/tags?post=24490"}],"curies":[{"name":"wp","href":"https:\/\/api.w.org\/{rel}","templated":true}]}}