{"id":24492,"date":"2025-10-18T19:31:08","date_gmt":"2025-10-18T19:31:08","guid":{"rendered":"https:\/\/www.europesays.com\/lv\/24492\/"},"modified":"2025-10-18T19:31:08","modified_gmt":"2025-10-18T19:31:08","slug":"zuau-grimaldo-un-adrians-gula-riga-fc-spozakas-zvaigznes-septembri-lente-lv","status":"publish","type":"post","link":"https:\/\/www.europesays.com\/lv\/24492\/","title":{"rendered":"\u017duau Grimaldo un Adri\u0101ns Gu\u013ca \u2013 &#8220;Riga FC&#8221; spo\u017e\u0101k\u0101s zvaigznes septembr\u012b\u00a0\u2014\u00a0Lente.lv"},"content":{"rendered":"<p>Septembris bijis izcils m\u0113nesis Latvijas futbola Virsl\u012bgas l\u012bdervien\u012bbai &#8220;Riga FC&#8221;, kuras rind\u0101s sp\u012bdo\u0161i sevi apliecin\u0101ju\u0161i uzbrukuma l\u012bderis \u017duau Grimaldo un galvenais treneris Adri\u0101ns Gu\u013ca. Abi ir atz\u012bti par Virsl\u012bgas septembra lab\u0101ko sp\u0113l\u0113t\u0101ju un galveno treneri, kas ir apliecin\u0101jums komandas un individu\u0101lajam sniegumam.<\/p>\n<p>&#8220;Riga FC&#8221; domin\u0113 Latvijas Virsl\u012bg\u0101<\/p>\n<p>\u0160obr\u012bd &#8220;Riga FC&#8221; p\u0101rliecino\u0161i ie\u0146em pirmo vietu turn\u012bra tabul\u0101, aiz sevis atst\u0101jot tuv\u0101kos sekot\u0101jus ar iespaid\u012bgu asto\u0146u punktu p\u0101rsvaru. \u0160\u0101ds sniegums nav n\u0101cis viegli \u2013 septembr\u012b vien\u012bba aizvad\u012bja vair\u0101kas sp\u0113les, demonstr\u0113jot gan taktisko gudr\u012bbu, gan c\u012bn\u012bt\u0101ju garu, gan ar\u012b sp\u0113les kvalit\u0101ti, kas \u013cauj saglab\u0101t l\u012bderpoz\u012bcijas.<\/p>\n<p>\u017duau Grimaldo \u2013 spo\u017e\u0101k\u0101 zvaigzne laukum\u0101<\/p>\n<p>Uzbruc\u0113js \u017duau Grimaldo septembr\u012b demonstr\u0113jis patie\u0161\u0101m izcilu formu, k\u013c\u016bstot par vienu no galvenajiem komandas pan\u0101kumu kaldin\u0101t\u0101jiem. Vi\u0146a sp\u0113le ir bijusi dinamiska un rezultat\u012bva, radot daudz b\u012bstamu momentu pie pretinieku v\u0101rtiem un pal\u012bdzot komandai g\u016bt svar\u012bgus v\u0101rtus. Lai gan prec\u012bzi statistikas dati par septembra rezultativit\u0101ti nav sniegti, vi\u0146a atz\u012b\u0161ana par m\u0113ne\u0161a lab\u0101ko sp\u0113l\u0113t\u0101ju ir skaidrs apliecin\u0101jums vi\u0146a noz\u012bm\u012bgajam ieguld\u012bjumam. Grimaldo \u0161osezon jau aizvad\u012bjis 18 sp\u0113les Virsl\u012bg\u0101, g\u016bstot 2 v\u0101rtus un veicot rezultat\u012bvas piesp\u0113les, kopum\u0101 piedaloties 35 sp\u0113l\u0113s un aizvadot 2132 min\u016btes laukum\u0101. Vi\u0146a tirgus v\u0113rt\u012bba tiek l\u0113sta ap 482.9 t\u016bksto\u0161iem eiro.<\/p>\n<p>Adri\u0101ns Gu\u013ca \u2013 arhitekts aiz pan\u0101kumiem<\/p>\n<p>Nav maz\u0101k svar\u012bgs ar\u012b galven\u0101 trenera Adri\u0101na Gu\u013cas sniegums. Vi\u0146a vad\u012bb\u0101 &#8220;Riga FC&#8221; demonstr\u0113 stabilu un organiz\u0113tu sp\u0113li, kas \u013cauj sasniegt augstus rezult\u0101tus. Gu\u013cas taktisk\u0101 v\u012bzija un sp\u0113ja motiv\u0113t sp\u0113l\u0113t\u0101jus ir k\u013cuvusi par komandas pan\u0101kumu st\u016brakmeni. Vi\u0146\u0161 ir pier\u0101d\u012bjis sevi k\u0101 kompetentu speci\u0101listu, kur\u0161 sp\u0113j veiksm\u012bgi vad\u012bt komandu Virsl\u012bgas augst\u0101kaj\u0101 l\u012bg\u0101. K\u0101 treneris, Gu\u013ca ir ieguvis UEFA Pro licenci un vi\u0146a vid\u0113jais pilnvaru termi\u0146\u0161 amat\u0101 ir ap 1.84 gadiem. Vi\u0146\u0161 p\u0101r\u0146\u0113ma &#8220;Riga FC&#8221; vad\u012bbu 2025. gada janv\u0101r\u012b un ir guvis iev\u0113rojamu punktu skaitu par sp\u0113li.<\/p>\n<p>Septembra sp\u0113\u013cu apskats un perspekt\u012bvas<\/p>\n<p>Septembra m\u0113nes\u012b &#8220;Riga FC&#8221; nezaud\u0113ja nevienu sp\u0113li, kas apliecina komandas sp\u0113c\u012bgo sniegumu un notur\u012bbu. Lai gan prec\u012bzi rezult\u0101ti un pretinieki nav min\u0113ti, \u0161\u012b bezzaud\u0113juma s\u0113rija ir iespaid\u012bga un par\u0101da komandas gatav\u012bbu c\u012bn\u012bties par augst\u0101kaj\u0101m viet\u0101m. Piem\u0113ram, septembra beig\u0101s &#8220;Riga FC&#8221; izc\u012bn\u012bja uzvaras p\u0101r FS Jelgava (2:3), Auda (6:0) un Daugavpili (0:1), k\u0101 ar\u012b aizvad\u012bja neiz\u0161\u0137irtu sp\u0113li pret RFS (0:0). T\u0101pat tika izc\u012bn\u012bta p\u0101rliecino\u0161a uzvara Latvijas Kausa sp\u0113l\u0113 pret Liep\u0101ju (0:4). \u0160\u0101da dinamika un pan\u0101kumu virkne liecina par to, ka &#8220;Riga FC&#8221; ir nopietns pretendents uz \u010dempionu titulu.<\/p>\n<p>Virsl\u012bgas sezona 2025 \u2013 s\u012bva konkurence<\/p>\n<p>\u0160\u012b gada Virsl\u012bgas sezona ir \u012bpa\u0161i aizraujo\u0161a, jo komandas demonstr\u0113 augstu snieguma l\u012bmeni. &#8220;Riga FC&#8221; ar savu dominanci ir izvirz\u012bjusies priek\u0161gal\u0101, ta\u010du konkurence nav mazin\u0101jusies. Citi klubi, piem\u0113ram, RFS, Auda un FK Liep\u0101ja, ar\u012b demonstr\u0113 amb\u012bcijas un c\u012bn\u0101s par augst\u0101kaj\u0101m poz\u012bcij\u0101m. \u0160obr\u012bd pirms 32. k\u0101rtas Virsl\u012bgas tabul\u0101 &#8220;Riga&#8221; FC ie\u0146em pirmo vietu, bet RFS atrodas otraj\u0101 poz\u012bcij\u0101. Tuv\u0101k\u0101s sp\u0113les sol\u0101s b\u016bt \u013coti spraigas un interesantas.<\/p>\n<p>Virsl\u012bgas sezona 2025 sol\u0101s b\u016bt \u013coti spraiga un interesanta, un &#8220;Riga FC&#8221; ar \u017duau Grimaldo un Adrians Gu\u013cu priek\u0161gal\u0101 ir gatava turpin\u0101t ies\u0101kto un c\u012bn\u012bties par \u010dempionu titulu. Vi\u0146u septembra pan\u0101kumi ir lielisks apliecin\u0101jums komandas sp\u0113kam un potenci\u0101lam.<\/p>\n","protected":false},"excerpt":{"rendered":"Septembris bijis izcils m\u0113nesis Latvijas futbola Virsl\u012bgas l\u012bdervien\u012bbai &#8220;Riga FC&#8221;, kuras rind\u0101s sp\u012bdo\u0161i sevi apliecin\u0101ju\u0161i uzbrukuma l\u012bderis \u017duau&hellip;\n","protected":false},"author":2,"featured_media":24493,"comment_status":"","ping_status":"","sticky":false,"template":"","format":"standard","meta":{"footnotes":""},"categories":[17],"tags":[7593,7594,35,39,38,36,37,34,40,3553,67,605,7592],"class_list":{"0":"post-24492","1":"post","2":"type-post","3":"status-publish","4":"format-standard","5":"has-post-thumbnail","7":"category-sports","8":"tag-adrians-gula","9":"tag-labakais-speletajs-un-treneris","10":"tag-latvia","11":"tag-latvian","12":"tag-latviesu","13":"tag-latviesu-valoda","14":"tag-latviesuvaloda","15":"tag-latvija","16":"tag-lv","17":"tag-riga-fc","18":"tag-sports","19":"tag-virsliga","20":"tag-zuau-grimaldo"},"share_on_mastodon":{"url":"","error":""},"_links":{"self":[{"href":"https:\/\/www.europesays.com\/lv\/wp-json\/wp\/v2\/posts\/24492","targetHints":{"allow":["GET"]}}],"collection":[{"href":"https:\/\/www.europesays.com\/lv\/wp-json\/wp\/v2\/posts"}],"about":[{"href":"https:\/\/www.europesays.com\/lv\/wp-json\/wp\/v2\/types\/post"}],"author":[{"embeddable":true,"href":"https:\/\/www.europesays.com\/lv\/wp-json\/wp\/v2\/users\/2"}],"replies":[{"embeddable":true,"href":"https:\/\/www.europesays.com\/lv\/wp-json\/wp\/v2\/comments?post=24492"}],"version-history":[{"count":0,"href":"https:\/\/www.europesays.com\/lv\/wp-json\/wp\/v2\/posts\/24492\/revisions"}],"wp:featuredmedia":[{"embeddable":true,"href":"https:\/\/www.europesays.com\/lv\/wp-json\/wp\/v2\/media\/24493"}],"wp:attachment":[{"href":"https:\/\/www.europesays.com\/lv\/wp-json\/wp\/v2\/media?parent=24492"}],"wp:term":[{"taxonomy":"category","embeddable":true,"href":"https:\/\/www.europesays.com\/lv\/wp-json\/wp\/v2\/categories?post=24492"},{"taxonomy":"post_tag","embeddable":true,"href":"https:\/\/www.europesays.com\/lv\/wp-json\/wp\/v2\/tags?post=24492"}],"curies":[{"name":"wp","href":"https:\/\/api.w.org\/{rel}","templated":true}]}}