{"id":24494,"date":"2025-10-18T19:35:08","date_gmt":"2025-10-18T19:35:08","guid":{"rendered":"https:\/\/www.europesays.com\/lv\/24494\/"},"modified":"2025-10-18T19:35:08","modified_gmt":"2025-10-18T19:35:08","slug":"aizraujoss-sakums-ar-bralu-abelu-filmu-dieva-suns-lente-lv","status":"publish","type":"post","link":"https:\/\/www.europesays.com\/lv\/24494\/","title":{"rendered":"Aizraujo\u0161s S\u0101kums ar Br\u0101\u013cu \u0100be\u013cu Filmu &#8220;Dieva Suns&#8221;\u00a0\u2014\u00a0Lente.lv"},"content":{"rendered":"<p>R\u012bgas Starptautiskais Kino Festiv\u0101ls 2025: Aizraujo\u0161s Ce\u013cojums Kino M\u0101ksl\u0101<\/p>\n<p>R\u012bg\u0101 atkal valda kino burv\u012bba! \u0160ogad, no 16. l\u012bdz 26. oktobrim, norisin\u0101s 12. R\u012bgas Starptautiskais kino festiv\u0101ls (Riga IFF), pied\u0101v\u0101jot skat\u012bt\u0101jiem neaizmirstamu desmit dienu ilgu ce\u013cojumu caur pasaules un Latvijas kinematogr\u0101fijas daudzveid\u012bbu. Festiv\u0101la vadmot\u012bvs \u2013 \u201cRedzi. Mainies. P\u0101rtopi.\u201d (SEE. SHIFT. BECOME.) \u2013 aicina ikvienu k\u013c\u016bt par da\u013cu no transform\u0113jo\u0161a kino piedz\u012bvojuma, kas sp\u0113j izmain\u012bt skat\u012bjumu uz pasauli un sevi. \u0160is pas\u0101kums ir k\u013cuvis par Latvijas v\u0113rien\u012bg\u0101kaj\u0101m kino svin\u012bb\u0101m, pulc\u0113jot gan viet\u0113jos, gan starptautiskos viesus un kinom\u012b\u013cus.<\/p>\n<p>Festiv\u0101la Atkl\u0101\u0161ana un Latvijas Kino Sp\u012bdek\u013ci<\/p>\n<p>\u0160\u012b gada festiv\u0101ls tika atkl\u0101ts ar br\u0101\u013cu Laura un Raita \u0100be\u013cu provokat\u012bvo anim\u0101cijas filmu \u201cDieva suns\u201d. \u0160is unik\u0101lais darbs, kas veidots rotoskopijas tehnik\u0101, nav tikai vizu\u0101li iespaid\u012bgs, bet ar\u012b dzi\u013ci aizraujo\u0161s st\u0101sts, kas p\u0113ta tic\u012bbas, seksualit\u0101tes un sabiedr\u012bbas tabu t\u0113mas. Filma, kas jau iekarojusi pasaules skatuvi ar pirmizr\u0101di presti\u017eaj\u0101 Tribecas filmu festiv\u0101l\u0101 \u0145ujork\u0101 un iek\u013cuvusi Eiropas Kinoakad\u0113mijas balvu \u201c\u012bssarakst\u0101\u201d, ir ar\u012b Latvijas ofici\u0101lais pieteikums ASV Kinoakad\u0113mijas balvai \u201cOskars\u201d kategorij\u0101 \u201cLab\u0101k\u0101 starptautisk\u0101 pilnmetr\u0101\u017eas filma\u201d. T\u0101pat festiv\u0101l\u0101 pirmo reizi Latvijas skat\u012bt\u0101jiem tika demonstr\u0113ta J\u0101\u0146a \u0100beles dokument\u0101l\u0101 detekt\u012bvfilma \u201cP\u0113d\u0113j\u0101 griba\u201d, k\u0101 ar\u012b Krista Bur\u0101nes muzik\u0101lais uzvedums \u201cVisi putni skaisti dzied\u201d, izce\u013cot Latvijas kino sasniegumus un daudzveid\u012bbu.<\/p>\n<p>Pasaules un Eiropas Laikmet\u012bg\u0101 Kino D\u0101rgumi<\/p>\n<p>Riga IFF 2025 pied\u0101v\u0101 pla\u0161u un izmekl\u0113tu programmu, kur\u0101 iek\u013cautas vair\u0101k nek\u0101 100 pilnmetr\u0101\u017eas un \u012bsfilmas, kas tiks izr\u0101d\u012btas vair\u0101k nek\u0101 70 seansos. Festiv\u0101la laik\u0101 skat\u012bt\u0101jiem ir iesp\u0113ja baud\u012bt drosm\u012bgus un svaigus autoru skat\u012bjumus no visas pasaules, iepaz\u012bties ar film\u0101m, kas sa\u0146\u0113mu\u0161as apbalvojumus presti\u017eos festiv\u0101los, tai skait\u0101 Kann\u0101s, Ven\u0113cij\u0101, Berl\u012bn\u0113 un Roterdam\u0101. Programm\u0101 ir p\u0101rst\u0101v\u0113ti ar\u012b t\u0101di atz\u012bti autori k\u0101 Jorgs Lantims, Linna Remzija, Luka Gvandanj\u012bno, Kellija Reiharte, D\u017eafars Panahi un Ri\u010dards Linkleiters, k\u0101 ar\u012b spo\u017eas Holivudas zvaigznes, tostarp Emma Stouna, D\u017eesijs Plemonss, D\u017eenifera Lorensa un Roberts Patinsons. Papildus zin\u0101miem darbiem, festiv\u0101ls izce\u013c ar\u012b \u201capsl\u0113ptos laikmet\u012bg\u0101 kino d\u0101rgumus\u201d, pied\u0101v\u0101jot unik\u0101lu un daudzveid\u012bgu pieredzi.<\/p>\n<p>Tematisk\u0101s Sada\u013cas un Filmu Izlases<\/p>\n<p>Lai pal\u012bdz\u0113tu skat\u012bt\u0101jiem orient\u0113ties pla\u0161aj\u0101 pied\u0101v\u0101jum\u0101, Riga IFF pied\u0101v\u0101 da\u017e\u0101das tematisk\u0101s sada\u013cas un kuratoru veidotus sarakstus. Starp tiem ir \u201cLielie v\u0101rdi, liel\u0101s filmas\u201d, \u201cApsl\u0113ptie d\u0101rgumi\u201d, \u201cLaikmet\u012bg\u0101s kino virsotnes\u201d, k\u0101 ar\u012b sada\u013cas, kas velt\u012btas specifisk\u0101m t\u0113m\u0101m un \u017eanriem, piem\u0113ram, \u201cSabiedr\u012bba uz na\u017ea na\u017ea\u201d, \u201cDabas balsis\u201d un \u201cM\u012blest\u012bbas kaleidoskops\u201d. Festiv\u0101la ce\u013cvedis apkopo 14 filmu izlases, kas apvieno filmas p\u0113c to iez\u012bm\u0113m un satura, \u013caujot izzin\u0101t dabas un ekolo\u0123ijas st\u0101stus, p\u0113t\u012bt m\u012blest\u012bbas da\u017e\u0101d\u0101s sejas, ieskat\u012bties cilv\u0113ka psihes l\u012bklo\u010dos un atkl\u0101t citas saist\u012bbas starp programmas film\u0101m.<\/p>\n<p>Norises Vietas un Papildu Pas\u0101kumi<\/p>\n<p>Festiv\u0101la galven\u0101s norises vietas R\u012bg\u0101 ir kinote\u0101tris \u201cSplendid Palace\u201d un \u201cForum Cinemas\u201d, ta\u010du filmas tiek demonstr\u0113tas ar\u012b Latvijas Nacion\u0101laj\u0101 bibliot\u0113k\u0101 un Rotko muzej\u0101 Daugavpil\u012b. Papildus filmu seansiem, Riga IFF pied\u0101v\u0101 ar\u012b pla\u0161u pas\u0101kumu programmu kino profesion\u0101\u013ciem un interesentiem, ietverot diskusijas ar filmu veidot\u0101jiem un sarunas p\u0113c seansiem, kas veicina kop\u012bbas saj\u016btu un izpratni par kino ietekmi. Tiek pied\u0101v\u0101ta ar\u012b programma b\u0113rniem \u2013 \u201cKIDS&#8217; REEL\u201d, padarot festiv\u0101lu par \u0123imen\u0113m draudz\u012bgu notikumu. Bi\u013cetes uz seansiem ir pieejamas festiv\u0101la m\u0101jaslap\u0101 rigaiff.lv un \u201cBi\u013ce\u0161u serviss\u201d tirdzniec\u012bbas viet\u0101s.<\/p>\n<p>Kino Transform\u0113jo\u0161ais Sp\u0113ks<\/p>\n<p>Riga IFF \u0161ogad aicina skat\u012bt\u0101jus dzi\u013c\u0101k izjust un transform\u0113ties kinematogr\u0101fiskajos piedz\u012bvojumos. Festiv\u0101la vadmot\u012bvs \u201cRedzi. Mainies. P\u0101rtopi.\u201d atspogu\u013co ideju, ka kino sp\u0113j ne tikai izklaid\u0113t, bet ar\u012b ietekm\u0113t un main\u012bt cilv\u0113ka uztveri, sniedzot jaunu pieredzes l\u012bmeni un atverot durvis uz jaunu realit\u0101ti. K\u0101 atz\u012bst festiv\u0101la vad\u012bt\u0101ja Liene Treimane, \u201cR\u012bgas starptautiskais kinofestiv\u0101ls ir Latvij\u0101 liel\u0101kais kino notikums&#8230; t\u0101 ir satik\u0161an\u0101s ar r\u012btdienas kino.\u201d<\/p>\n","protected":false},"excerpt":{"rendered":"R\u012bgas Starptautiskais Kino Festiv\u0101ls 2025: Aizraujo\u0161s Ce\u013cojums Kino M\u0101ksl\u0101 R\u012bg\u0101 atkal valda kino burv\u012bba! \u0160ogad, no 16. l\u012bdz&hellip;\n","protected":false},"author":2,"featured_media":24495,"comment_status":"","ping_status":"","sticky":false,"template":"","format":"standard","meta":{"footnotes":""},"categories":[5],"tags":[23,28,29,4191,32,33,22,3098,30,31,35,39,38,36,37,34,100,40,20,26,27,7524,4190,24,25,21],"class_list":{"0":"post-24494","1":"post","2":"type-post","3":"status-publish","4":"format-standard","5":"has-post-thumbnail","7":"category-aktualitates","8":"tag-aktualitates","9":"tag-breaking-news","10":"tag-breakingnews","11":"tag-dieva-suns","12":"tag-featured-news","13":"tag-featurednews","14":"tag-headlines","15":"tag-kino-festivals","16":"tag-latest-news","17":"tag-latestnews","18":"tag-latvia","19":"tag-latvian","20":"tag-latviesu","21":"tag-latviesu-valoda","22":"tag-latviesuvaloda","23":"tag-latvija","24":"tag-latvijas-kino","25":"tag-lv","26":"tag-news","27":"tag-popularakas-zinas","28":"tag-popularakaszinas","29":"tag-riga-iff-2025","30":"tag-rigas-starptautiskais-kino-festivals","31":"tag-top-stories","32":"tag-topstories","33":"tag-zinas"},"share_on_mastodon":{"url":"","error":""},"_links":{"self":[{"href":"https:\/\/www.europesays.com\/lv\/wp-json\/wp\/v2\/posts\/24494","targetHints":{"allow":["GET"]}}],"collection":[{"href":"https:\/\/www.europesays.com\/lv\/wp-json\/wp\/v2\/posts"}],"about":[{"href":"https:\/\/www.europesays.com\/lv\/wp-json\/wp\/v2\/types\/post"}],"author":[{"embeddable":true,"href":"https:\/\/www.europesays.com\/lv\/wp-json\/wp\/v2\/users\/2"}],"replies":[{"embeddable":true,"href":"https:\/\/www.europesays.com\/lv\/wp-json\/wp\/v2\/comments?post=24494"}],"version-history":[{"count":0,"href":"https:\/\/www.europesays.com\/lv\/wp-json\/wp\/v2\/posts\/24494\/revisions"}],"wp:featuredmedia":[{"embeddable":true,"href":"https:\/\/www.europesays.com\/lv\/wp-json\/wp\/v2\/media\/24495"}],"wp:attachment":[{"href":"https:\/\/www.europesays.com\/lv\/wp-json\/wp\/v2\/media?parent=24494"}],"wp:term":[{"taxonomy":"category","embeddable":true,"href":"https:\/\/www.europesays.com\/lv\/wp-json\/wp\/v2\/categories?post=24494"},{"taxonomy":"post_tag","embeddable":true,"href":"https:\/\/www.europesays.com\/lv\/wp-json\/wp\/v2\/tags?post=24494"}],"curies":[{"name":"wp","href":"https:\/\/api.w.org\/{rel}","templated":true}]}}