{"id":24510,"date":"2025-10-18T19:53:08","date_gmt":"2025-10-18T19:53:08","guid":{"rendered":"https:\/\/www.europesays.com\/lv\/24510\/"},"modified":"2025-10-18T19:53:08","modified_gmt":"2025-10-18T19:53:08","slug":"riga-fc-women-ar-parliecinosu-uzvaru-cempionu-titulam-pievieno-ari-latvijas-kausu-futbols-sportacentrs-com","status":"publish","type":"post","link":"https:\/\/www.europesays.com\/lv\/24510\/","title":{"rendered":"&#8220;Riga FC Women&#8221; ar p\u0101rliecino\u0161u uzvaru \u010dempionu titulam pievieno ar\u012b Latvijas kausu \u2013 Futbols \u2013 Sportacentrs.com"},"content":{"rendered":"<p>Pirmaj\u0101 puslaik\u0101 sevi lieliski apliecin\u0101ja Sjerraleones futboliste Kumba Brima, kura guva tr\u012bs v\u0101rtus, bet otr\u0101 puslaika ievad\u0101 p\u0101rsvaru nostiprin\u0101ja Laura Sondore un jap\u0101niete Natsumi Taketa. Sp\u0113les izska\u0146\u0101 gala rezult\u0101tu pan\u0101ca amerik\u0101niete Aleksisa Lipsija un Ren\u0101te Gaugere.<\/p>\n<p>Pirms tam turn\u012br\u0101 &#8220;Riga FC Women&#8221; ar 7:0 viesos sagr\u0101va FS &#8220;Metta&#8221; komandu, bet p\u0113rn\u0101 fin\u0101la atk\u0101rtojum\u0101 sav\u0101 laukum\u0101 ar rezult\u0101tu 4:0 uzvar\u0113ja l\u012bdz\u0161in\u0113j\u0101s trofejas glab\u0101t\u0101jas &#8220;RFS Women&#8221;.<\/p>\n<p>Savuk\u0101rt FK &#8220;Auda&#8221; ar 2:0 izbraukum\u0101 uzvar\u0113ja 1. l\u012bgas p\u0101rst\u0101ves no FK &#8220;Jelgava&#8221;, ar 5:0 viesos apsp\u0113l\u0113ja v\u0113l vienu 1. l\u012bgas komandu FC &#8220;Talsi&#8221;https:\/\/sportacentrs.com\/&#8221;Tukums&#8221;, bet pusfin\u0101l\u0101 ar 1:0 uzvar\u0113ja R\u012bgas Futbola skolu. \u0136ekavas p\u0101rst\u0101ves pusfin\u0101l\u0101 iepriek\u0161 bija sp\u0113l\u0113ju\u0161as ar\u012b 2023. gad\u0101, bet fin\u0101lu vi\u0146as sasniedza pirmoreiz.<\/p>\n<p>&#8220;Riga FC Women&#8221; komandai 29. oktobr\u012b b\u016bs iesp\u0113ja izc\u012bn\u012bt savu tre\u0161o \u0161\u012bs sezonas trofeju, kad Baltijas Sievie\u0161u futbola l\u012bgas fin\u0101l\u0101 Me\u017eapark\u0101 pretiniekos b\u016bs Vi\u013c\u0146as komanda &#8220;\u017dalgiris&#8221; no Lietuvas.<\/p>\n<p>Latvijas kausa izc\u012b\u0146a sievie\u0161u komand\u0101m tiek izsp\u0113l\u0113ta kop\u0161 2014. gada. Vis\u0101s sezon\u0101s l\u012bdz 2021. gadam turn\u012br\u0101 uzvar\u0113ja R\u012bgas Futbola skola, tad pie titula tika SFK &#8220;R\u012bga&#8221;, v\u0113l\u0101k divas reizes p\u0113c k\u0101rtas trofeju ieguva FS &#8220;Metta&#8221;, bet p\u0113rn turn\u012br\u0101 lab\u0101k\u0101s bija &#8220;RFS Women&#8221; futbolistes.<\/p>\n<p>Izmantotie resursi:<br \/><a target=\"_blank\" href=\"http:\/\/www.lff.lv\" rel=\"nofollow noopener\">Latvijas Futbola feder\u0101cija<\/a><\/p>\n","protected":false},"excerpt":{"rendered":"Pirmaj\u0101 puslaik\u0101 sevi lieliski apliecin\u0101ja Sjerraleones futboliste Kumba Brima, kura guva tr\u012bs v\u0101rtus, bet otr\u0101 puslaika ievad\u0101 p\u0101rsvaru&hellip;\n","protected":false},"author":2,"featured_media":24511,"comment_status":"","ping_status":"","sticky":false,"template":"","format":"standard","meta":{"footnotes":""},"categories":[5],"tags":[23,28,29,32,33,676,22,30,31,35,39,38,36,37,34,40,20,26,27,24,25,21],"class_list":{"0":"post-24510","1":"post","2":"type-post","3":"status-publish","4":"format-standard","5":"has-post-thumbnail","7":"category-aktualitates","8":"tag-aktualitates","9":"tag-breaking-news","10":"tag-breakingnews","11":"tag-featured-news","12":"tag-featurednews","13":"tag-futbols","14":"tag-headlines","15":"tag-latest-news","16":"tag-latestnews","17":"tag-latvia","18":"tag-latvian","19":"tag-latviesu","20":"tag-latviesu-valoda","21":"tag-latviesuvaloda","22":"tag-latvija","23":"tag-lv","24":"tag-news","25":"tag-popularakas-zinas","26":"tag-popularakaszinas","27":"tag-top-stories","28":"tag-topstories","29":"tag-zinas"},"share_on_mastodon":{"url":"","error":""},"_links":{"self":[{"href":"https:\/\/www.europesays.com\/lv\/wp-json\/wp\/v2\/posts\/24510","targetHints":{"allow":["GET"]}}],"collection":[{"href":"https:\/\/www.europesays.com\/lv\/wp-json\/wp\/v2\/posts"}],"about":[{"href":"https:\/\/www.europesays.com\/lv\/wp-json\/wp\/v2\/types\/post"}],"author":[{"embeddable":true,"href":"https:\/\/www.europesays.com\/lv\/wp-json\/wp\/v2\/users\/2"}],"replies":[{"embeddable":true,"href":"https:\/\/www.europesays.com\/lv\/wp-json\/wp\/v2\/comments?post=24510"}],"version-history":[{"count":0,"href":"https:\/\/www.europesays.com\/lv\/wp-json\/wp\/v2\/posts\/24510\/revisions"}],"wp:featuredmedia":[{"embeddable":true,"href":"https:\/\/www.europesays.com\/lv\/wp-json\/wp\/v2\/media\/24511"}],"wp:attachment":[{"href":"https:\/\/www.europesays.com\/lv\/wp-json\/wp\/v2\/media?parent=24510"}],"wp:term":[{"taxonomy":"category","embeddable":true,"href":"https:\/\/www.europesays.com\/lv\/wp-json\/wp\/v2\/categories?post=24510"},{"taxonomy":"post_tag","embeddable":true,"href":"https:\/\/www.europesays.com\/lv\/wp-json\/wp\/v2\/tags?post=24510"}],"curies":[{"name":"wp","href":"https:\/\/api.w.org\/{rel}","templated":true}]}}