{"id":24520,"date":"2025-10-18T20:07:07","date_gmt":"2025-10-18T20:07:07","guid":{"rendered":"https:\/\/www.europesays.com\/lv\/24520\/"},"modified":"2025-10-18T20:07:07","modified_gmt":"2025-10-18T20:07:07","slug":"meiksans-un-polva-serviti-parvar-eiropas-kausa-2-kartu-handbols-sportacentrs-com","status":"publish","type":"post","link":"https:\/\/www.europesays.com\/lv\/24520\/","title":{"rendered":"Meik\u0161\u0101ns un \u201cPolva Serviti\u201d p\u0101rvar Eiropas kausa 2. k\u0101rtu \u2013 Handbols \u2013 Sportacentrs.com"},"content":{"rendered":"<p>Pelvas handbolisti EHF kausa izc\u012b\u0146\u0101 start\u0113ja no otr\u0101s k\u0101rtas, kur pretiniekos vi\u0146iem tika ieloz\u0113ta komanda no Kipras. Pirmaj\u0101 ma\u010d\u0101 izbraukum\u0101 \u201cPolva Serviti\u201d svin\u0113ja pan\u0101kumu ar 31:23, bet \u0161ovakar atbildes sp\u0113l\u0113 sav\u0101 laukum\u0101 tika izc\u012bn\u012bta v\u0113l p\u0101rliecino\u0161\u0101ka uzvara \u2013 ar 33:21. Latvijas izlases l\u012bnijas sp\u0113l\u0113t\u0101js Art\u016brs Meik\u0161\u0101ns abos ma\u010dos izpild\u012bja pa vienam metienam, ta\u010du pie v\u0101rtu guvumiem netika.<\/p>\n<p>Tikm\u0113r iesp\u0113ju turpin\u0101t c\u012b\u0146u par vietu n\u0101kamaj\u0101 k\u0101rt\u0101 v\u0113l saglab\u0101 Latvijas vien\u012bgais p\u0101rst\u0101vis turn\u012br\u0101 \u2013 ZRHK \u201cTenax Dobele\u201d. Dobelnieki aizvad\u012btaj\u0101 sestdien\u0101 viesos ar 31:41 piek\u0101p\u0101s Bosnijas un Hercegovinas klubam \u201cMRK Sloga Doboj\u201d. Iz\u0161\u0137iro\u0161\u0101 atbildes sp\u0113le notiks \u0161o sv\u0113tdien, 19. oktobr\u012b, plkst. 16:00 Dobeles Sporta centr\u0101, kur dobelnieki cent\u012bsies atsp\u0113l\u0113t desmit v\u0101rtu defic\u012btu.<\/p>\n<p>\u201cPat ja ir m\u012bnuss desmit, uzreiz p\u0113c sp\u0113les \u0123\u0113rbtuv\u0113 jau izskan\u0113ja kaujinieciskas domas, ka m\u0101j\u0101s m\u0113\u0123in\u0101sim izdar\u012bt maksimumu. Neb\u016bs viegli, bet nepadodamies. Ne vienu vien reizi esam pier\u0101d\u012bju\u0161i, ka sp\u0113jam to izdar\u012bt,\u201d p\u0113c s\u0101p\u012bg\u0101 zaud\u0113juma Slogas vien\u012bbai sac\u012bja Dobeles \u201cTenax\u201d komandas galvenais treneris Sandris Ver\u0161akovs.<\/p>\n<p>EHF Eiropas kausa 3. k\u0101rt\u0101 vietu nodro\u0161in\u0101jusi ar\u012b Vi\u013c\u0146as \u201cVHC \u0160viesa\u201d, kas divu sp\u0113\u013cu summ\u0101 ar 55:51 p\u0101rsp\u0113ja Zapori\u017ejas \u201cHC Motor\u201d komandu no Ukrainas.<\/p>\n<p>Savuk\u0101rt turn\u012bru ar c\u012b\u0146u otraj\u0101 k\u0101rt\u0101 nosl\u0113gusi Lietuvas \u010dempione un pa\u0161reiz\u0113j\u0101 Baltijas l\u012bgas l\u012bdervien\u012bba Klaip\u0113das \u201cHC Drag\u016bnas\u201d, kas divu sp\u0113\u013cu summ\u0101 ar 56:59 piek\u0101p\u0101s Austrijas klubam H\u0101rdas \u201cHandball Tirol\u201d.<\/p>\n<p>Otr\u0101s k\u0101rtas atbildes ma\u010ds v\u0113l priek\u0161\u0101 Igaunijas vice\u010dempionei \u201cViljandi HC\u201d, kas r\u012bt atk\u0101rtoti tiksies ar Norv\u0113\u0123ijas \u201cRunar Sandefjord\u201d. Pirmaj\u0101 sp\u0113l\u0113 igau\u0146iem sav\u0101 laukum\u0101 n\u0101c\u0101s piedz\u012bvot smagu zaud\u0113jumu \u2013 ar 26:45.<\/p>\n<p>Izmantotie resursi:<br \/><a target=\"_blank\" href=\"http:\/\/www.handball.lv\" rel=\"nofollow noopener\">Latvijas Handbola Feder\u0101cija<\/a><\/p>\n","protected":false},"excerpt":{"rendered":"Pelvas handbolisti EHF kausa izc\u012b\u0146\u0101 start\u0113ja no otr\u0101s k\u0101rtas, kur pretiniekos vi\u0146iem tika ieloz\u0113ta komanda no Kipras. Pirmaj\u0101&hellip;\n","protected":false},"author":2,"featured_media":24521,"comment_status":"","ping_status":"","sticky":false,"template":"","format":"standard","meta":{"footnotes":""},"categories":[17],"tags":[1615,35,39,38,36,37,34,40,67],"class_list":{"0":"post-24520","1":"post","2":"type-post","3":"status-publish","4":"format-standard","5":"has-post-thumbnail","7":"category-sports","8":"tag-handbols","9":"tag-latvia","10":"tag-latvian","11":"tag-latviesu","12":"tag-latviesu-valoda","13":"tag-latviesuvaloda","14":"tag-latvija","15":"tag-lv","16":"tag-sports"},"share_on_mastodon":{"url":"","error":""},"_links":{"self":[{"href":"https:\/\/www.europesays.com\/lv\/wp-json\/wp\/v2\/posts\/24520","targetHints":{"allow":["GET"]}}],"collection":[{"href":"https:\/\/www.europesays.com\/lv\/wp-json\/wp\/v2\/posts"}],"about":[{"href":"https:\/\/www.europesays.com\/lv\/wp-json\/wp\/v2\/types\/post"}],"author":[{"embeddable":true,"href":"https:\/\/www.europesays.com\/lv\/wp-json\/wp\/v2\/users\/2"}],"replies":[{"embeddable":true,"href":"https:\/\/www.europesays.com\/lv\/wp-json\/wp\/v2\/comments?post=24520"}],"version-history":[{"count":0,"href":"https:\/\/www.europesays.com\/lv\/wp-json\/wp\/v2\/posts\/24520\/revisions"}],"wp:featuredmedia":[{"embeddable":true,"href":"https:\/\/www.europesays.com\/lv\/wp-json\/wp\/v2\/media\/24521"}],"wp:attachment":[{"href":"https:\/\/www.europesays.com\/lv\/wp-json\/wp\/v2\/media?parent=24520"}],"wp:term":[{"taxonomy":"category","embeddable":true,"href":"https:\/\/www.europesays.com\/lv\/wp-json\/wp\/v2\/categories?post=24520"},{"taxonomy":"post_tag","embeddable":true,"href":"https:\/\/www.europesays.com\/lv\/wp-json\/wp\/v2\/tags?post=24520"}],"curies":[{"name":"wp","href":"https:\/\/api.w.org\/{rel}","templated":true}]}}