{"id":24556,"date":"2025-10-18T21:18:08","date_gmt":"2025-10-18T21:18:08","guid":{"rendered":"https:\/\/www.europesays.com\/lv\/24556\/"},"modified":"2025-10-18T21:18:08","modified_gmt":"2025-10-18T21:18:08","slug":"foto-%e2%9f%a9-izrade-liepu-teva-teikas-parsteidz-gimenes-ar-neparastiem-stastiem-par-liepaju","status":"publish","type":"post","link":"https:\/\/www.europesays.com\/lv\/24556\/","title":{"rendered":"FOTO \u27e9 Izr\u0101de &#8220;Liepu t\u0113va teikas&#8221; p\u0101rsteidz \u0123imenes ar neparastiem st\u0101stiem par Liep\u0101ju"},"content":{"rendered":"<p>Liep\u0101j\u0101 dz\u012bvo Liepu t\u0113vs. Neviens vi\u0146u nav saticis vaig\u0101, tom\u0113r zin\u0101ms, ka vi\u0146\u0161 ir apm\u0113ram 400 gadu vecs v\u012brs, kas dz\u012bvo sazin kur un paz\u012bst pils\u0113t\u0101 katru laternu, katru bru\u0123akmeni, katru dzegu. Liepu t\u0113vs Liep\u0101j\u0101 saredz to, ko citi ikdienas steig\u0101 nepamana \u2013 vi\u0146i vienk\u0101r\u0161i paskrien gar\u0101m. Neesot ar to mier\u0101, Liepu t\u0113vs savus nov\u0113rojumus m\u0113dz pierakst\u012bt un rodas Liepu t\u0113va teikas, kur t\u012b\u0161i un net\u012b\u0161i sajaucas izdoma un realit\u0101te.<\/p>\n<p>Izr\u0101des darb\u012bba notiek Liepu t\u0113va muzej\u0101, kuru steig\u0161us vajadz\u0113tu iek\u0101rtot priek\u0161 \u201cLiepu t\u0113va teiku rado\u0161aj\u0101m darbn\u012bc\u0101m\u201d, ta\u010du pats Liepu t\u0113vs nav v\u0113l ieradies. Galvenie muzeja iek\u0101rtot\u0101ji un izr\u0101des st\u0101stnieki \u2013 aktieri Maija Roma\u0161ko-Burkevica un <a href=\"https:\/\/sejas.tvnet.lv\/term\/806382\/kaspars-gods\" class=\"topicLink\" target=\"_blank\" rel=\"nofollow noopener\">Kaspars Gods<\/a> \u2013, gaidot Liepu t\u0113vu, pamaz\u0101m s\u0101k \u0161\u0137etin\u0101t da\u017e\u0101das teikas par neparast\u0101m pils\u0113tas viet\u0101m un neikdieni\u0161\u0137\u0101m b\u016btn\u0113m. Te satiekam baism\u012bgo rad\u012bjumu, r\u0101ce\u0146u zagli Svep\u0161\u0137i, mistisko Kan\u0101la haizivi un eksotisko Metalurga j\u016brasgovi, iepaz\u012bstam Liep\u0101jas \u0123erbon\u012b att\u0113lot\u0101s Sarkan\u0101s lauvas st\u0101stu, un visu vainago sirsn\u012bga teika par Iem\u012bl\u0113ju\u0161os skursteni.<\/p>\n<p>\u0160os neparastos st\u0101stus caurvija izr\u0101des komponista J\u0113kaba N\u012bma\u0146a rakst\u012bt\u0101 m\u016bzika, kas iedz\u012bvin\u0101ja gan st\u0101stnieku domas un j\u016btas, gan m\u012btolo\u0123iskos teiku varo\u0146us. Ik pa laikam iesprauc\u0101s ar\u012b k\u0101da dziesma ar Vara Sili\u0146a iepriek\u0161 rakst\u012btiem dzejo\u013ciem. Muzik\u0101lo materi\u0101lu ar nelieliem aktiersp\u0113les elementiem atska\u0146oja \u010dellists Kri\u0161j\u0101nis Gai\u0137is, ang\u013cu raga pav\u0113lnieks \u0100ris Burkins un \u0123it\u0101rists Harijs Rozi\u0146\u0161.<\/p>\n","protected":false},"excerpt":{"rendered":"Liep\u0101j\u0101 dz\u012bvo Liepu t\u0113vs. Neviens vi\u0146u nav saticis vaig\u0101, tom\u0113r zin\u0101ms, ka vi\u0146\u0161 ir apm\u0113ram 400 gadu vecs&hellip;\n","protected":false},"author":2,"featured_media":24557,"comment_status":"","ping_status":"","sticky":false,"template":"","format":"standard","meta":{"footnotes":""},"categories":[19],"tags":[677,89,90,7608,7609,35,39,38,36,37,34,444,40],"class_list":{"0":"post-24556","1":"post","2":"type-post","3":"status-publish","4":"format-standard","5":"has-post-thumbnail","7":"category-izklaide","8":"tag-lielais-dzintars","9":"tag-entertainment","10":"tag-izklaide","11":"tag-jekabs-nimanis","12":"tag-kaspars-gods","13":"tag-latvia","14":"tag-latvian","15":"tag-latviesu","16":"tag-latviesu-valoda","17":"tag-latviesuvaloda","18":"tag-latvija","19":"tag-liepaja","20":"tag-lv"},"share_on_mastodon":{"url":"","error":""},"_links":{"self":[{"href":"https:\/\/www.europesays.com\/lv\/wp-json\/wp\/v2\/posts\/24556","targetHints":{"allow":["GET"]}}],"collection":[{"href":"https:\/\/www.europesays.com\/lv\/wp-json\/wp\/v2\/posts"}],"about":[{"href":"https:\/\/www.europesays.com\/lv\/wp-json\/wp\/v2\/types\/post"}],"author":[{"embeddable":true,"href":"https:\/\/www.europesays.com\/lv\/wp-json\/wp\/v2\/users\/2"}],"replies":[{"embeddable":true,"href":"https:\/\/www.europesays.com\/lv\/wp-json\/wp\/v2\/comments?post=24556"}],"version-history":[{"count":0,"href":"https:\/\/www.europesays.com\/lv\/wp-json\/wp\/v2\/posts\/24556\/revisions"}],"wp:featuredmedia":[{"embeddable":true,"href":"https:\/\/www.europesays.com\/lv\/wp-json\/wp\/v2\/media\/24557"}],"wp:attachment":[{"href":"https:\/\/www.europesays.com\/lv\/wp-json\/wp\/v2\/media?parent=24556"}],"wp:term":[{"taxonomy":"category","embeddable":true,"href":"https:\/\/www.europesays.com\/lv\/wp-json\/wp\/v2\/categories?post=24556"},{"taxonomy":"post_tag","embeddable":true,"href":"https:\/\/www.europesays.com\/lv\/wp-json\/wp\/v2\/tags?post=24556"}],"curies":[{"name":"wp","href":"https:\/\/api.w.org\/{rel}","templated":true}]}}