{"id":24585,"date":"2025-10-18T22:51:17","date_gmt":"2025-10-18T22:51:17","guid":{"rendered":"https:\/\/www.europesays.com\/lv\/24585\/"},"modified":"2025-10-18T22:51:17","modified_gmt":"2025-10-18T22:51:17","slug":"krievijas-delegacija-klat-demonstre-jaunos-ierocus-un-rietumu-kopijas-lente-lv","status":"publish","type":"post","link":"https:\/\/www.europesays.com\/lv\/24585\/","title":{"rendered":"Krievijas deleg\u0101cija kl\u0101t, demonstr\u0113 jaunos iero\u010dus un Rietumu kopijas\u00a0\u2014\u00a0Lente.lv"},"content":{"rendered":"<p>Zieme\u013ckorejademonstr\u0113 jauno milit\u0101ro arsen\u0101lu Krievijas deleg\u0101cijas kl\u0101tb\u016btn\u0113<\/p>\n<p>Phenjan\u0101 nesen notikus\u012b v\u0113rien\u012bg\u0101 milit\u0101r\u0101 par\u0101de, kas velt\u012bta Korejas Str\u0101dnieku partijas 80. gadadienai, sniedza pasaulei retu ieskatu Zieme\u013ckorejas aizsardz\u012bbas sp\u0113ju att\u012bst\u012bb\u0101. Pas\u0101kum\u0101, ko apmekl\u0113ja augsta l\u012bme\u0146a Krievijas deleg\u0101cija Dmitrija Medvedeva vad\u012bb\u0101, tika demonstr\u0113ti jaun\u0101kie Zieme\u013ckorejas bru\u0146ojuma paraugi, raisot gan ba\u017eas, gan interesi starptautiskaj\u0101 ar\u0113n\u0101.<\/p>\n<p>Jaun\u0101kie tehnolo\u0123iskie sasniegumi un to izcelsme<\/p>\n<p>Par\u0101des laik\u0101 skat\u012bt\u0101ju un pasaules uzman\u012bbu piesaist\u012bja da\u017e\u0101das jaunas milit\u0101r\u0101s sist\u0113mas. Tostarp tika izr\u0101d\u012bti vair\u0101ki milit\u0101rie droni, k\u0101 ar\u012b starpkontinent\u0101l\u0101s ballistisk\u0101s ra\u0137etes, kas sp\u0113j nodro\u0161in\u0101t kodoliero\u010du aizsnieg\u0161anu. Da\u017ei anal\u012bti\u0137i nor\u0101da uz iesp\u0113jam\u0101m Rietumu tehnolo\u0123iju kopij\u0101m \u0161aj\u0101s sist\u0113m\u0101s, kas liecina par Zieme\u013ckorejas centieniem ne tikai att\u012bst\u012bt savu aizsardz\u012bbas potenci\u0101lu, bet ar\u012b apg\u016bt un adapt\u0113t glob\u0101l\u0101s milit\u0101r\u0101s inov\u0101cijas.<\/p>\n<p>\u012apa\u0161u uzman\u012bbu izpeln\u012bj\u0101s pasaul\u0113 gar\u0101k\u0101 ar auto transport\u0113jam\u0101 \u0161\u0137idr\u0101s degvielas ra\u0137ete, kas demonstr\u0113ta 2020. gad\u0101 par\u0101des laik\u0101, svinot partijas 75. gadadienu. \u0160\u012b un citas demonstr\u0113t\u0101s ra\u0137etes, tostarp no zem\u016bdenes iz\u0161aujam\u0101s, signaliz\u0113 par Phenjanas milit\u0101r\u0101s doktr\u012bnas att\u012bst\u012bbu, kuras m\u0113r\u0137is ir attur\u0113t potenci\u0101lo agresiju. \u0160\u0101du tehnolo\u0123iju izstr\u0101de un demonstr\u0113\u0161ana, neraugoties uz valsts sar\u016bko\u0161ajiem resursiem, uzsver Kima D\u017eo-una vald\u012bbas priorit\u0101tes dro\u0161\u012bbas jom\u0101.<\/p>\n<p>Starptautisk\u0101 l\u012bdzdal\u012bba un politisk\u0101 noz\u012bme<\/p>\n<p>Krievijas deleg\u0101cijas kl\u0101tb\u016btne \u0161aj\u0101 noz\u012bm\u012bgaj\u0101 pas\u0101kum\u0101 nav tikai diplom\u0101tisks \u017eests. T\u0101 nor\u0101da uz padzi\u013cin\u0101tu sadarb\u012bbu starp ab\u0101m valst\u012bm, \u012bpa\u0161i dro\u0161\u012bbas un milit\u0101r\u0101s jom\u0101s. Krievijas aizsardz\u012bbas ministrs Sergejs \u0160oigu iepriek\u0161 ir apmekl\u0113jis Zieme\u013ckoreju, lai atz\u012bm\u0113tu Korejas kara beigu 70. gadadienu. \u0160\u0101das tik\u0161an\u0101s un kop\u012bgie pas\u0101kumi, k\u0101 ar\u012b v\u0113sturisk\u0101s tik\u0161an\u0101s starp Kivu \u010ceniru un Dmitriju Medvedevu ener\u0123\u0113tikas un p\u0101rtikas jaut\u0101jumos, izce\u013c abu valstu strat\u0113\u0123isk\u0101s attiec\u012bbas.<\/p>\n<p>Korejas Str\u0101dnieku partijas gadadienas svin\u012bbas ir noz\u012bm\u012bgs notikums Zieme\u013ckorejas iek\u0161politiskaj\u0101 un starptautiskaj\u0101 dienask\u0101rt\u012bb\u0101. \u0160\u012bs par\u0101des ir ne tikai milit\u0101r\u0101s varen\u012bbas demonstr\u0113jums, bet ar\u012b veids, k\u0101 nostiprin\u0101t valsts suverenit\u0101ti un ideolo\u0123isko sp\u0113ku. T\u0101s tiek izmantotas, lai izr\u0101d\u012btu sasniegumus un stiprin\u0101tu tautas vienot\u012bbu, it \u012bpa\u0161i sare\u017e\u0123\u012btos iek\u0161\u0113j\u0101s un \u0101r\u0113j\u0101s politikas apst\u0101k\u013cos.<\/p>\n<p>Trad\u012bciju un inov\u0101ciju sapl\u016bsme milit\u0101raj\u0101s par\u0101d\u0113s<\/p>\n<p>Zieme\u013ckorejas milit\u0101r\u0101s par\u0101des ir k\u013cuvu\u0161as par ikgad\u0113ju trad\u012bciju, kur\u0101 tiek demonstr\u0113ti valsts sasniegumi bru\u0146ojuma att\u012bst\u012bb\u0101. At\u0161\u0137ir\u012bb\u0101 no iepriek\u0161\u0113jiem gadiem, kad uzsvars tika likts uz t\u0101las darb\u012bbas ballistiskaj\u0101m ra\u0137et\u0113m, p\u0113d\u0113j\u0101s par\u0101d\u0113s redzama tendence demonstr\u0113t ar\u012b jaun\u0101kus un inovat\u012bv\u0101kus bru\u0146ojuma veidus, piem\u0113ram, bezpilota lidapar\u0101tus. \u0160\u0101da att\u012bst\u012bba atspogu\u013co glob\u0101l\u0101s tendences milit\u0101ro tehnolo\u0123iju jom\u0101 un Zieme\u013ckorejas v\u0113lmi nepalikt inov\u0101ciju zi\u0146\u0101 atpaliku\u0161ai.<\/p>\n<p>Interesanti, ka par\u0101des bie\u017ei vien tiek saist\u012btas ar\u012b ar dinastijas turpin\u0101juma jaut\u0101jumiem. Piem\u0113ram, Kima D\u017eo-una meitas, Kima D\u017eue, par\u0101d\u012b\u0161an\u0101s sabiedr\u012bb\u0101 milit\u0101ro pas\u0101kumu laik\u0101, rada spekul\u0101cijas par vi\u0146as sagatavo\u0161anu n\u0101kotnes l\u012bdera lomai. Tas nor\u0101da uz dzi\u013c\u0101ku strat\u0113\u0123iju, kur\u0101 milit\u0101r\u0101 sp\u0113ka demonstr\u0113jums ir cie\u0161i saist\u012bts ar iek\u0161politiskaj\u0101m dinamik\u0101m un dinastisk\u0101s varas saglab\u0101\u0161anu.<\/p>\n","protected":false},"excerpt":{"rendered":"Zieme\u013ckorejademonstr\u0113 jauno milit\u0101ro arsen\u0101lu Krievijas deleg\u0101cijas kl\u0101tb\u016btn\u0113 Phenjan\u0101 nesen notikus\u012b v\u0113rien\u012bg\u0101 milit\u0101r\u0101 par\u0101de, kas velt\u012bta Korejas Str\u0101dnieku partijas&hellip;\n","protected":false},"author":2,"featured_media":24586,"comment_status":"","ping_status":"","sticky":false,"template":"","format":"standard","meta":{"footnotes":""},"categories":[14],"tags":[23,57,28,29,3555,32,33,22,7622,7621,30,31,35,39,38,36,37,34,40,20,26,27,7623,24,25,54,55,56,7620,21,58],"class_list":{"0":"post-24585","1":"post","2":"type-post","3":"status-publish","4":"format-standard","5":"has-post-thumbnail","7":"category-zinas-no-arvalstim","8":"tag-aktualitates","9":"tag-arvalstim","10":"tag-breaking-news","11":"tag-breakingnews","12":"tag-dmitrijs-medvedevs","13":"tag-featured-news","14":"tag-featurednews","15":"tag-headlines","16":"tag-jauni-ieroci","17":"tag-krievijas-delegacija","18":"tag-latest-news","19":"tag-latestnews","20":"tag-latvia","21":"tag-latvian","22":"tag-latviesu","23":"tag-latviesu-valoda","24":"tag-latviesuvaloda","25":"tag-latvija","26":"tag-lv","27":"tag-news","28":"tag-popularakas-zinas","29":"tag-popularakaszinas","30":"tag-rietumu-kopijas","31":"tag-top-stories","32":"tag-topstories","33":"tag-world","34":"tag-world-news","35":"tag-worldnews","36":"tag-ziemelkorejas-militara-parade","37":"tag-zinas","38":"tag-zinas-no-arvalstim"},"share_on_mastodon":{"url":"","error":""},"_links":{"self":[{"href":"https:\/\/www.europesays.com\/lv\/wp-json\/wp\/v2\/posts\/24585","targetHints":{"allow":["GET"]}}],"collection":[{"href":"https:\/\/www.europesays.com\/lv\/wp-json\/wp\/v2\/posts"}],"about":[{"href":"https:\/\/www.europesays.com\/lv\/wp-json\/wp\/v2\/types\/post"}],"author":[{"embeddable":true,"href":"https:\/\/www.europesays.com\/lv\/wp-json\/wp\/v2\/users\/2"}],"replies":[{"embeddable":true,"href":"https:\/\/www.europesays.com\/lv\/wp-json\/wp\/v2\/comments?post=24585"}],"version-history":[{"count":0,"href":"https:\/\/www.europesays.com\/lv\/wp-json\/wp\/v2\/posts\/24585\/revisions"}],"wp:featuredmedia":[{"embeddable":true,"href":"https:\/\/www.europesays.com\/lv\/wp-json\/wp\/v2\/media\/24586"}],"wp:attachment":[{"href":"https:\/\/www.europesays.com\/lv\/wp-json\/wp\/v2\/media?parent=24585"}],"wp:term":[{"taxonomy":"category","embeddable":true,"href":"https:\/\/www.europesays.com\/lv\/wp-json\/wp\/v2\/categories?post=24585"},{"taxonomy":"post_tag","embeddable":true,"href":"https:\/\/www.europesays.com\/lv\/wp-json\/wp\/v2\/tags?post=24585"}],"curies":[{"name":"wp","href":"https:\/\/api.w.org\/{rel}","templated":true}]}}