{"id":24615,"date":"2025-10-18T23:31:06","date_gmt":"2025-10-18T23:31:06","guid":{"rendered":"https:\/\/www.europesays.com\/lv\/24615\/"},"modified":"2025-10-18T23:31:06","modified_gmt":"2025-10-18T23:31:06","slug":"olimpiska-peldesanas-zvaigzne-ariarne-titmus-negaiditi-beidz-karjeru-lente-lv","status":"publish","type":"post","link":"https:\/\/www.europesays.com\/lv\/24615\/","title":{"rendered":"Olimpisk\u0101 peld\u0113\u0161anas zvaigzne Ariarne Titmus negaid\u012bti beidz karjeru\u00a0\u2014\u00a0Lente.lv"},"content":{"rendered":"<p>Olimpisk\u0101 peld\u0113\u0161anas zvaigzne Ariarne Titmus negaid\u012bti nosl\u0113dz karjeru 25 gadu vecum\u0101<\/p>\n<p>Austr\u0101lijas peld\u0113\u0161anas sens\u0101cija, \u010detrk\u0101rt\u0113j\u0101 olimpisk\u0101 \u010dempione Ariarne Titmus, ir p\u0101rsteigusi sporta pasauli, pazi\u0146ojot par savas profesion\u0101l\u0101s peld\u0113\u0161anas karjeras beig\u0101m vien 25 gadu vecum\u0101. \u0160is negaid\u012btais l\u0113mums, kas tika izzi\u0146ots ceturtdien, nosl\u0113dz vienu no spo\u017e\u0101kaj\u0101m un iedvesmojo\u0161\u0101kaj\u0101m karjer\u0101m sporta v\u0113stur\u0113. Titmus, kura paz\u012bstama ar\u012b ar iesauku &#8220;Arnie&#8221;, bija iecer\u0113jusi start\u0113t 2028. gada Losand\u017eelosas olimpiskaj\u0101s sp\u0113l\u0113s, ta\u010du tagad izv\u0113l\u0113jusies citu ce\u013cu.<\/p>\n<p>Negaid\u012bts pav\u0113rsiens un person\u012bgu priorit\u0101\u0161u mai\u0146a<\/p>\n<p>Titmus savu karjeras nosl\u0113gumu pazi\u0146oja, izmantojot emocion\u0101lu video zi\u0146u soci\u0101laj\u0101 t\u012bkl\u0101 Instagram. Vi\u0146a atkl\u0101ja, ka l\u0113mums ir bijis &#8220;\u013coti gr\u016bts, bet laim\u012bgs&#8221;. &#8220;Es vienm\u0113r esmu m\u012bl\u0113jusi peld\u0113\u0161anu, t\u0101 ir bijusi mana kaisl\u012bba kop\u0161 b\u0113rn\u012bbas,&#8221; sac\u012bja Titmus. &#8220;Ta\u010du esmu pa\u0146\u0113musi laiku prom no sporta un sapratusi, ka da\u017eas lietas man\u0101 dz\u012bv\u0113 ir k\u013cuvu\u0161as nedaudz svar\u012bg\u0101kas par peld\u0113\u0161anu.&#8221; \u0160\u012b atzi\u0146a, \u0161\u0137iet, ir galvenais iemesls vi\u0146as p\u0113k\u0161\u0146aj\u0101m aizie\u0161anai no sporta, liekot uzsvaru uz person\u012bgaj\u0101m v\u0113rt\u012bb\u0101m virs meda\u013c\u0101m un pasaules rekordiem.<\/p>\n<p>Ce\u013c\u0161 uz virsotn\u0113m un spo\u017e\u0101k\u0101s uzvaras<\/p>\n<p>Ariarne Titmus, kas dzimusi 2000. gada 7. septembr\u012b Launston\u0101, Tasm\u0101nij\u0101, savu ce\u013cu peld\u0113\u0161an\u0101 s\u0101ka \u013coti agri. Vi\u0146as talants izpaud\u0101s jau 2018. gad\u0101, kad vi\u0146a uzvar\u0113ja tr\u012bs zelta meda\u013cas Sadraudz\u012bbas sp\u0113l\u0113s. Tom\u0113r patiesais izr\u0101viens notika 2019. gad\u0101 Pasaules \u010dempion\u0101t\u0101, kur vi\u0146a sensacion\u0101li uzvar\u0113ja 400 metru br\u012bv\u0101 stila distanc\u0113, izbeidzot amerik\u0101\u0146u peld\u0113\u0161anas le\u0123endas Keitijas Ledekijas se\u0161u gadu ilgo uzvaru s\u0113riju \u0161aj\u0101 discipl\u012bn\u0101. \u0160\u012b uzvara Titmus padar\u012bja par galveno Keitijas Ledekijas s\u0101ncensi. Vi\u0146u due\u013ci, \u012bpa\u0161i 400 metru br\u012bv\u0101 stila fin\u0101los, k\u013cuva par vieniem no gaid\u012bt\u0101kajiem notikumiem modernaj\u0101 peld\u0113\u0161an\u0101, kulmin\u0113jot &#8220;gadsimta sac\u012bkst\u0113&#8221; Par\u012bzes olimpiskaj\u0101s sp\u0113l\u0113s 2024. gad\u0101, kur Titmus atk\u0101rtoti aizst\u0101v\u0113ja savu titulu. <\/p>\n<p>Titmus ir ieguvusi \u010detras olimpisk\u0101s zelta meda\u013cas, k\u0101 ar\u012b vair\u0101kas sudraba un bronzas meda\u013cas. Vi\u0146a ir pasaules rekordiste 200 metru br\u012bv\u0101 stila distanc\u0113 un tiek uzskat\u012bta par vienu no visu laiku lab\u0101kaj\u0101m vid\u0113j\u0101 distan\u010du peld\u0113t\u0101j\u0101m. Vi\u0146as sasniegumu sarakst\u0101 ir ar\u012b \u010detri pasaules \u010dempionu tituli un divi pasaules \u010dempiona tituli \u012bsaj\u0101 distanc\u0113. Vi\u0146as karjera ir bag\u0101ta ar 33 starptautisk\u0101m meda\u013c\u0101m, ieskaitot asto\u0146as olimpisk\u0101s meda\u013cas (\u010detras zelta, tr\u012bs sudraba, viena bronza).<\/p>\n<p>Vesel\u012bbas probl\u0113mas un perspekt\u012bvas mai\u0146a<\/p>\n<p>Viens no pagrieziena punktiem Titmus karjer\u0101 bija vesel\u012bbas probl\u0113mas, ar kur\u0101m vi\u0146a sask\u0101r\u0101s pirms Par\u012bzes olimpiskaj\u0101m sp\u0113l\u0113m. 2023. gad\u0101 vi\u0146ai tika veiktas oper\u0101cijas, lai no\u0146emtu divus labdab\u012bgus oln\u012bcu audz\u0113jus. \u0160is vesel\u012bbas satricin\u0101jums dzi\u013ci ietekm\u0113ja vi\u0146as skat\u012bjumu uz dz\u012bvi un sportu. &#8220;Es izg\u0101ju cauri da\u017e\u0101m vesel\u012bbas probl\u0113m\u0101m, kas mani \u013coti satricin\u0101ja,&#8221; sac\u012bja Titmus. &#8220;Tas bija pirmais reize, kad es s\u0101ku dom\u0101t par liet\u0101m \u0101rpus peld\u0113\u0161anas.&#8221; Vi\u0146a piebilda, ka ba\u017eas par iesp\u0113ju n\u0101kotn\u0113 rad\u012bt b\u0113rnus bija tas, kas vi\u0146u sk\u0101ra visvair\u0101k. Lai gan vi\u0146a \u0101tri atgriez\u0101s augst\u0101k\u0101 l\u012bme\u0146a sacens\u012bb\u0101s, \u0161\u012b pieredze lika vi\u0146ai p\u0101rdom\u0101t savas dz\u012bves priorit\u0101tes.<\/p>\n<p>P\u0113d\u0113j\u0101s sacens\u012bbas un n\u0101kotnes pl\u0101ni<\/p>\n<p>Titmus p\u0113d\u0113j\u0101s sacens\u012bbas bija Par\u012bzes olimpisk\u0101s sp\u0113les, kur vi\u0146a veiksm\u012bgi aizst\u0101v\u0113ja savu 400 metru br\u012bv\u0101 stila titulu. Atceroties \u0161o uzvaru, vi\u0146a izteic\u0101s: &#8220;Zinot tagad to, ko es zinu, es v\u0113l\u0113tos, lai es b\u016btu vair\u0101k izbaud\u012bjusi p\u0113d\u0113j\u0101s sacens\u012bbas.&#8221; P\u0113c Par\u012bzes sp\u0113l\u0113m vi\u0146a pl\u0101noja gadu ilgu p\u0101rtraukumu, lai atg\u016btu sp\u0113kus un izm\u0113\u0123in\u0101tu sp\u0113kus k\u0101 TV koment\u0113t\u0101ja. Tom\u0113r \u0161is p\u0101rtraukums noveda pie piln\u012bgas karjeras nosl\u0113guma.<\/p>\n<p>Lai gan Titmus aizejot no sporta, vi\u0146a ir izteikusi v\u0113lmi turpin\u0101t darboties saist\u012bb\u0101 ar peld\u0113\u0161anu, iesp\u0113jams, izmantojot savu pieredzi telev\u012bzijas raid\u012bjumos un publisk\u0101s uzrun\u0101s, k\u0101 ar\u012b atbalstot jaunos sportistus, \u012bpa\u0161i tos, kas n\u0101k no re\u0123ioniem. Vi\u0146as mantojums peld\u0113\u0161anas pasaul\u0113 ir ne tikai meda\u013cas un rekordi, bet ar\u012b iedvesma un paraugs jaunajai paaudzei.<\/p>\n<p>Pasaules reakcija un n\u0101kotnes perspekt\u012bvas<\/p>\n<p>Titmusas l\u0113mums izrais\u012bjis pla\u0161u rezonansi gan Austr\u0101lij\u0101, gan starptautiski. Daudzi ir paudu\u0161i neizpratni par tik agr\u012bnu aizie\u0161anu no sporta tik sp\u012bdo\u0161as karjeras laik\u0101, ta\u010du vienlaikus ar\u012b atbalstu vi\u0146as person\u012bgajai izv\u0113lei. Vi\u0146as galven\u0101 s\u0101ncense Keitija Ledekija Titmusas l\u0113mumu koment\u0113ja k\u0101 &#8220;izcilu s\u0101ncensi, \u010dempioni un cilv\u0113ku!&#8221;.<\/p>\n<p>Ariarne Titmus iepriek\u0161 ir izteikusi atbalstu basketbola sp\u0113l\u0113t\u0101jam Rafaelam Nadaljam k\u0101 savam sporta elkam un vi\u0146as cit\u0101ts ir &#8220;Esi lab\u0101kais, k\u0101ds vari b\u016bt&#8221;. Vi\u0146a ir ar\u012b stud\u0113jusi sporta un vingro\u0161anas zin\u0101tni, par\u0101dot savu interesi par sportu pla\u0161\u0101k\u0101 m\u0113rog\u0101. Tagad, kad vi\u0146as profesion\u0101l\u0101 peld\u0113\u0161anas karjera ir nosl\u0113gusies, Titmus var koncentr\u0113ties uz saviem person\u012bgajiem m\u0113r\u0137iem un n\u0101kotnes pl\u0101niem, kas, k\u0101 vi\u0146a pati atz\u012bst, tagad ir vi\u0146ai svar\u012bg\u0101ki par peld\u0113\u0161anu.<\/p>\n<p>Vienlaikus ar karjeras nosl\u0113gumu, Titmus cer, ka vi\u0146as drosme \u0161aj\u0101 l\u0113mum\u0101 iedvesmos citus sportistus saprast, ka vi\u0146i var at\u013cauties pa\u0146emt p\u0101rtraukumus un piev\u0113rsties sav\u0101m dz\u012bv\u0113m. &#8220;Esmu nodz\u012bvojusi cit\u0101du dz\u012bvi pirmajos 25 gados, un tagad man ir iesp\u0113ja dz\u012bvot norm\u0101lu dz\u012bvi&#8230; mazliet padz\u012bvot un vienk\u0101r\u0161i atp\u016bsties,&#8221; vi\u0146a sac\u012bja, piebilstot, ka ar nepaciet\u012bbu gaida br\u012bvdienas un &#8220;peld\u0113\u0161anu ar haiziv\u012bm&#8221; gaid\u0101maj\u0101 telev\u012bzijas raid\u012bjum\u0101.<\/p>\n<p>Titmusas karjera peld\u0113\u0161an\u0101 ir bijusi iev\u0113rojama, un vi\u0146as aizie\u0161ana atst\u0101j iev\u0113rojamu tuk\u0161umu Austr\u0101lijas peld\u0113\u0161anas komand\u0101. Tom\u0113r vi\u0146as piemineklis peld\u0113\u0161anas pasaul\u0113 ir nostiprin\u0101ts, un vi\u0146as st\u0101sts kalpos k\u0101 iedvesma daudziem, kas n\u0101kotn\u0113 sekos vi\u0146as p\u0113d\u0101s.<\/p>\n","protected":false},"excerpt":{"rendered":"Olimpisk\u0101 peld\u0113\u0161anas zvaigzne Ariarne Titmus negaid\u012bti nosl\u0113dz karjeru 25 gadu vecum\u0101 Austr\u0101lijas peld\u0113\u0161anas sens\u0101cija, \u010detrk\u0101rt\u0113j\u0101 olimpisk\u0101 \u010dempione Ariarne&hellip;\n","protected":false},"author":2,"featured_media":24616,"comment_status":"","ping_status":"","sticky":false,"template":"","format":"standard","meta":{"footnotes":""},"categories":[17],"tags":[7634,7615,35,39,38,36,37,34,40,7635,7037,2318,67],"class_list":{"0":"post-24615","1":"post","2":"type-post","3":"status-publish","4":"format-standard","5":"has-post-thumbnail","7":"category-sports","8":"tag-ariarne-titmus","9":"tag-karjeras-beigas","10":"tag-latvia","11":"tag-latvian","12":"tag-latviesu","13":"tag-latviesu-valoda","14":"tag-latviesuvaloda","15":"tag-latvija","16":"tag-lv","17":"tag-olimpiska-cempione","18":"tag-peldesana","19":"tag-sporta-zinas","20":"tag-sports"},"share_on_mastodon":{"url":"","error":""},"_links":{"self":[{"href":"https:\/\/www.europesays.com\/lv\/wp-json\/wp\/v2\/posts\/24615","targetHints":{"allow":["GET"]}}],"collection":[{"href":"https:\/\/www.europesays.com\/lv\/wp-json\/wp\/v2\/posts"}],"about":[{"href":"https:\/\/www.europesays.com\/lv\/wp-json\/wp\/v2\/types\/post"}],"author":[{"embeddable":true,"href":"https:\/\/www.europesays.com\/lv\/wp-json\/wp\/v2\/users\/2"}],"replies":[{"embeddable":true,"href":"https:\/\/www.europesays.com\/lv\/wp-json\/wp\/v2\/comments?post=24615"}],"version-history":[{"count":0,"href":"https:\/\/www.europesays.com\/lv\/wp-json\/wp\/v2\/posts\/24615\/revisions"}],"wp:featuredmedia":[{"embeddable":true,"href":"https:\/\/www.europesays.com\/lv\/wp-json\/wp\/v2\/media\/24616"}],"wp:attachment":[{"href":"https:\/\/www.europesays.com\/lv\/wp-json\/wp\/v2\/media?parent=24615"}],"wp:term":[{"taxonomy":"category","embeddable":true,"href":"https:\/\/www.europesays.com\/lv\/wp-json\/wp\/v2\/categories?post=24615"},{"taxonomy":"post_tag","embeddable":true,"href":"https:\/\/www.europesays.com\/lv\/wp-json\/wp\/v2\/tags?post=24615"}],"curies":[{"name":"wp","href":"https:\/\/api.w.org\/{rel}","templated":true}]}}