{"id":24617,"date":"2025-10-18T23:33:04","date_gmt":"2025-10-18T23:33:04","guid":{"rendered":"https:\/\/www.europesays.com\/lv\/24617\/"},"modified":"2025-10-18T23:33:04","modified_gmt":"2025-10-18T23:33:04","slug":"sirijas-jaunais-lideris-piedava-putinam-darijumu-kas-varetu-satraukt-izraelu-lente-lv","status":"publish","type":"post","link":"https:\/\/www.europesays.com\/lv\/24617\/","title":{"rendered":"S\u012brijas jaunais l\u012bderis pied\u0101v\u0101 Putinam dar\u012bjumu, kas var\u0113tu satraukt Izra\u0113lu\u00a0\u2014\u00a0Lente.lv"},"content":{"rendered":"<p>Jaunais S\u012brijas l\u012bderis Ahmeds al \u0160araa, kur\u0161 nesen apmekl\u0113ja Maskavu, ir n\u0101cis klaj\u0101 ar priek\u0161likumu, kas var\u0113tu rad\u012bt nopietnas ba\u017eas Izra\u0113l\u0101. Viz\u012btes laik\u0101 vi\u0146\u0161 ierosin\u0101jis Krievijas milit\u0101r\u0101s policijas izvieto\u0161anu uz S\u012brijas un Izra\u0113las robe\u017eas, lai kalpotu k\u0101 dro\u0161\u012bbas garantija un attur\u0113tu Izra\u0113lu no turpm\u0101kiem triecieniem S\u012brijas teritorij\u0101. \u0160is solis, ja tas tiktu \u012bstenots, rad\u012btu jaunu dinamiku Tuvo Austrumu sare\u017e\u0123\u012btaj\u0101 \u0123eopolitiskaj\u0101 ainav\u0101.<\/p>\n<p>Krievijas kl\u0101tb\u016btnes stiprin\u0101\u0161ana un Izra\u0113las ba\u017eas<\/p>\n<p>Al \u0160araa viz\u012bte Maskav\u0101 notika 15. oktobr\u012b, un t\u0101s galvenais m\u0113r\u0137is bija ne tikai stiprin\u0101t S\u012brijas un Krievijas attiec\u012bbas, bet ar\u012b mekl\u0113t Krievijas atbalstu valsts stabiliz\u0101cijai un dro\u0161\u012bbas stiprin\u0101\u0161anai. K\u0101 zi\u0146o \u201cReuters\u201d, viens no galvenajiem priek\u0161likumiem ir Krievijas milit\u0101r\u0101s policijas vien\u012bbu p\u0101rvieto\u0161ana uz S\u012brijas un Izra\u0113las robe\u017eas sektoru, kas paz\u012bstams k\u0101 &#8220;Bravo&#8221; atdal\u012b\u0161anas l\u012bnija. \u0160\u0101da Krievijas kl\u0101tb\u016btne robe\u017eas tuvum\u0101 tiek uzskat\u012bta par potenci\u0101lu stabiliz\u0113jo\u0161u faktoru, kas var\u0113tu samazin\u0101t milit\u0101ro incidentu risku un attur\u0113t Izra\u0113lu no t\u0101l\u0101kas milit\u0101r\u0101s iejauk\u0161an\u0101s S\u012brij\u0101. Izra\u0113la tradicion\u0101li ir bijusi \u013coti jut\u012bga pret jebk\u0101du pastiprin\u0101tu Ir\u0101nas un ar to saist\u012bto grup\u0113jumu kl\u0101tb\u016btni sav\u0101s zieme\u013cu pierobe\u017eas tuvum\u0101, un Krievijas milit\u0101r\u0101s kl\u0101tb\u016btnes palielin\u0101\u0161ana \u0161aj\u0101 apgabal\u0101 var\u0113tu tikt uztverta k\u0101 potenci\u0101ls drauds t\u0101s dro\u0161\u012bbai.<\/p>\n<p>\u0160is priek\u0161likums ar\u012b sasaucas ar iepriek\u0161\u0113jiem pas\u0101kumiem, kad Krievija, saska\u0146\u0101 ar ASV un Krievijas vieno\u0161anos par deeskal\u0101ciju, jau bija izvietojusi savu milit\u0101ro policiju dienvidrietumu S\u012brij\u0101. Toreiz \u0161\u012b vieno\u0161an\u0101s sastap\u0101s ar Izra\u0113las kritiku, neraugoties uz Krievijas garantij\u0101m, ka Ir\u0101nas sp\u0113kiem neb\u016bs at\u013cauts izvietoties S\u012brijas pierobe\u017e\u0101 ar Izra\u0113lu. \u0160\u012b v\u0113sturisk\u0101 pieredze liecina, ka Izra\u0113la past\u0101v\u012bgi ir bijusi noraiz\u0113jusies par jebk\u0101du Krievijas vai citu \u0101rvalstu sp\u0113ku milit\u0101ro kl\u0101tb\u016btni S\u012brijas dienvidos, \u012bpa\u0161i tuvu Gol\u0101nas pakalniem.<\/p>\n<p>S\u012brijas intere\u0161u aizst\u0101v\u012bba un attiec\u012bbu p\u0101rdefin\u0113\u0161ana ar Maskavu<\/p>\n<p>Al \u0160araa viz\u012btes laik\u0101 uzsv\u0113ra savu ap\u0146em\u0161anos saglab\u0101t visas eso\u0161\u0101s vieno\u0161an\u0101s starp Maskavu un Damasku, kas liecina par S\u012brijas v\u0113lmi nodro\u0161in\u0101t Krievijas turpm\u0101ko atbalstu. Galvenie sarunu temati ietv\u0113ra ne tikai dro\u0161\u012bbas jaut\u0101jumus, bet ar\u012b Krievijas milit\u0101ro objektu, piem\u0113ram, Hmeimimas gaisa sp\u0113ku b\u0101zes un Tartusas ostas, likteni S\u012brij\u0101. Krievijai S\u012brija joproj\u0101m ir svar\u012bgs \u0123eopolitiskais partneris un ietekmes elements Vidusj\u016bras austrumu re\u0123ion\u0101. Al \u0160araa pa\u013caujas ne tikai uz milit\u0101ru, bet ar\u012b uz politisku Krievijas atbalstu, k\u0101 ar\u012b mekl\u0113 Maskavas pal\u012bdz\u012bbu S\u012brijas armijas atjauno\u0161an\u0101. Tas ir noz\u012bm\u012bgs solis, \u0146emot v\u0113r\u0101 valsts ilgsto\u0161o konfliktu un nepiecie\u0161am\u012bbu atjaunot t\u0101s aizsardz\u012bbas sp\u0113jas.<\/p>\n<p>Vienlaikus ar milit\u0101r\u0101s policijas izvieto\u0161anas priek\u0161likumu, S\u012brijas l\u012bderis paudis v\u0113lmi p\u0101rveidot attiec\u012bbas ar Krieviju, uzsverot S\u012brijas neatkar\u012bbu un teritori\u0101lo integrit\u0101ti. Vi\u0146\u0161 nor\u0101d\u012bjis, ka S\u012brija cen\u0161as atjaunot un jaunos veidos defin\u0113t savas attiec\u012bbas ar Krieviju, nodro\u0161inot valsts suverenit\u0101ti, teritori\u0101lo vienot\u012bbu un dro\u0161\u012bbas stabilit\u0101ti. Tas liecina par jaunas politisk\u0101s realit\u0101tes veido\u0161anos S\u012brij\u0101 p\u0113c Ba\u0161ara al Asada g\u0101\u0161anas un Ahmeda al \u0160araa n\u0101k\u0161anas pie varas.<\/p>\n<p>Starptautisk\u0101 reakcija un iesp\u0113jam\u0101s sekas<\/p>\n<p>\u0160is S\u012brijas l\u012bdera priek\u0161likums ir rad\u012bjis zin\u0101mu satraukumu Izra\u0113l\u0101, kura jau ilgsto\u0161i ir paudusi ba\u017eas par Ir\u0101nas milit\u0101ro kl\u0101tb\u016btni S\u012brij\u0101 un t\u0101s ietekmi uz re\u0123ion\u0101lo dro\u0161\u012bbu. Izra\u0113las amatpersonas ir vair\u0101kk\u0101rt nor\u0101d\u012bju\u0161as, ka t\u0101s nevar pie\u013caut Ir\u0101nas nostiprin\u0101\u0161anos S\u012brijas dienvidos, \u012bpa\u0161i Gol\u0101nas pakalnu tuvum\u0101. Krievijas milit\u0101r\u0101s kl\u0101tb\u016btnes pastiprin\u0101\u0161ana \u0161aj\u0101 re\u0123ion\u0101 var\u0113tu v\u0113l vair\u0101k saasin\u0101t spriedzi starp Izra\u0113lu un S\u012briju, k\u0101 ar\u012b starp Izra\u0113lu un Krieviju. Tiek prognoz\u0113ts, ka Izra\u0113la uzman\u012bgi sekos l\u012bdzi \u0161\u012b dar\u012bjuma att\u012bst\u012bbai un mekl\u0113s veidus, k\u0101 aizsarg\u0101t savas dro\u0161\u012bbas intereses.<\/p>\n<p>Re\u0123ion\u0101lie anal\u012bti\u0137i nor\u0101da, ka \u0161\u0101ds S\u012brijas-Krievijas dar\u012bjums var\u0113tu rad\u012bt jaunu l\u012bdzsvaru Tuvo Austrumu sp\u0113ku lauk\u0101. Ja Krievijas milit\u0101r\u0101 policija tiktu izvietota uz robe\u017eas, tas var\u0113tu gan samazin\u0101t tie\u0161\u0101s konfront\u0101cijas risku, gan rad\u012bt jaunas politiskas un milit\u0101ras dilemmas Izra\u0113lai. Ir svar\u012bgi atz\u012bm\u0113t, ka Izra\u0113la jau iepriek\u0161 ir paudusi pretest\u012bbu jebk\u0101d\u0101m vieno\u0161an\u0101m, kas paredz\u0113tu Krievijas vai Ir\u0101nas sp\u0113ku ilgsto\u0161u kl\u0101tb\u016btni S\u012brijas dienvidos. \u0160is dar\u012bjums, visticam\u0101k, tiks uztverts k\u0101 nelabv\u0113l\u012bgs Izra\u0113las dro\u0161\u012bbas interes\u0113m.<\/p>\n<p>Papildus dro\u0161\u012bbas jaut\u0101jumiem, S\u012brijas avoti ar\u012b zi\u0146oju\u0161i par Damaskas nodomu l\u016bgt Maskavai izdot biju\u0161o S\u012brijas diktatoru Ba\u0161aru al Asadu, kur\u0161 kop\u0161 vi\u0146a g\u0101\u0161anas sl\u0113pjas Krievij\u0101. \u0160is aspekts pie\u0161\u0137ir sarun\u0101m v\u0113l vienu sare\u017e\u0123\u012btu sl\u0101ni, jo Asada nodo\u0161ana vai palik\u0161ana Krievij\u0101 ir noz\u012bm\u012bgs politisks jaut\u0101jums gan S\u012brijai, gan Krievijai.<\/p>\n<p>Kopum\u0101 \u0161is jaunais S\u012brijas priek\u0161likums ir b\u016btisks notikums, kas var\u0113tu ietekm\u0113t re\u0123ion\u0101lo dro\u0161\u012bbu un attiec\u012bbas starp galvenaj\u0101m Tuvo Austrumu dal\u012bbvalst\u012bm un lielaj\u0101m pasaules lielvar\u0101m. T\u0101 att\u012bst\u012bba tiks r\u016bp\u012bgi v\u0113rota gan Maskav\u0101, gan Telaviv\u0101, gan cit\u0101s pasaules galvaspils\u0113t\u0101s.<\/p>\n","protected":false},"excerpt":{"rendered":"Jaunais S\u012brijas l\u012bderis Ahmeds al \u0160araa, kur\u0161 nesen apmekl\u0113ja Maskavu, ir n\u0101cis klaj\u0101 ar priek\u0161likumu, kas var\u0113tu rad\u012bt&hellip;\n","protected":false},"author":2,"featured_media":24618,"comment_status":"","ping_status":"","sticky":false,"template":"","format":"standard","meta":{"footnotes":""},"categories":[14],"tags":[7636,23,57,28,29,2760,32,33,7637,22,493,234,30,31,35,39,38,36,37,34,40,20,26,27,6923,24,25,235,54,55,56,21,58],"class_list":{"0":"post-24617","1":"post","2":"type-post","3":"status-publish","4":"format-standard","5":"has-post-thumbnail","7":"category-zinas-no-arvalstim","8":"tag-ahmeds-al-saraa","9":"tag-aktualitates","10":"tag-arvalstim","11":"tag-breaking-news","12":"tag-breakingnews","13":"tag-drosibas-politika","14":"tag-featured-news","15":"tag-featurednews","16":"tag-golanas-augstienes","17":"tag-headlines","18":"tag-izraela","19":"tag-krievija","20":"tag-latest-news","21":"tag-latestnews","22":"tag-latvia","23":"tag-latvian","24":"tag-latviesu","25":"tag-latviesu-valoda","26":"tag-latviesuvaloda","27":"tag-latvija","28":"tag-lv","29":"tag-news","30":"tag-popularakas-zinas","31":"tag-popularakaszinas","32":"tag-sirija","33":"tag-top-stories","34":"tag-topstories","35":"tag-vladimirs-putins","36":"tag-world","37":"tag-world-news","38":"tag-worldnews","39":"tag-zinas","40":"tag-zinas-no-arvalstim"},"share_on_mastodon":{"url":"","error":""},"_links":{"self":[{"href":"https:\/\/www.europesays.com\/lv\/wp-json\/wp\/v2\/posts\/24617","targetHints":{"allow":["GET"]}}],"collection":[{"href":"https:\/\/www.europesays.com\/lv\/wp-json\/wp\/v2\/posts"}],"about":[{"href":"https:\/\/www.europesays.com\/lv\/wp-json\/wp\/v2\/types\/post"}],"author":[{"embeddable":true,"href":"https:\/\/www.europesays.com\/lv\/wp-json\/wp\/v2\/users\/2"}],"replies":[{"embeddable":true,"href":"https:\/\/www.europesays.com\/lv\/wp-json\/wp\/v2\/comments?post=24617"}],"version-history":[{"count":0,"href":"https:\/\/www.europesays.com\/lv\/wp-json\/wp\/v2\/posts\/24617\/revisions"}],"wp:featuredmedia":[{"embeddable":true,"href":"https:\/\/www.europesays.com\/lv\/wp-json\/wp\/v2\/media\/24618"}],"wp:attachment":[{"href":"https:\/\/www.europesays.com\/lv\/wp-json\/wp\/v2\/media?parent=24617"}],"wp:term":[{"taxonomy":"category","embeddable":true,"href":"https:\/\/www.europesays.com\/lv\/wp-json\/wp\/v2\/categories?post=24617"},{"taxonomy":"post_tag","embeddable":true,"href":"https:\/\/www.europesays.com\/lv\/wp-json\/wp\/v2\/tags?post=24617"}],"curies":[{"name":"wp","href":"https:\/\/api.w.org\/{rel}","templated":true}]}}