{"id":24627,"date":"2025-10-18T23:49:06","date_gmt":"2025-10-18T23:49:06","guid":{"rendered":"https:\/\/www.europesays.com\/lv\/24627\/"},"modified":"2025-10-18T23:49:06","modified_gmt":"2025-10-18T23:49:06","slug":"porzingis-sez-uz-rezervistu-solina-hawks-izcina-uzvaru-pirmssezonas-spele-lente-lv","status":"publish","type":"post","link":"https:\/\/www.europesays.com\/lv\/24627\/","title":{"rendered":"Porzi\u0146\u0123is s\u0113\u017e uz rezervistu soli\u0146a, &#8220;Hawks&#8221; izc\u012bna uzvaru pirmssezonas sp\u0113l\u0113\u00a0\u2014\u00a0Lente.lv"},"content":{"rendered":"<p>Porzi\u0146\u0123is &#8220;Hawks&#8221; sast\u0101v\u0101 nesan\u0101ca, bet komanda g\u016bst uzvaru<\/p>\n<p>Atlantas &#8220;Hawks&#8221; pirmssezonas p\u0101rbaudes sp\u0113l\u0113, kas notika pirmdien, piedz\u012bvoja nelielu satricin\u0101jumu, jo komandas sp\u0113c\u012bgais sp\u0113l\u0113t\u0101js Kristaps Porzi\u0146\u0123is nesp\u0113l\u0113ja saska\u0146\u0101 ar trenera l\u0113mumu. Lai gan latvie\u0161u basketbolista kl\u0101tb\u016btne laukum\u0101 \u0161oreiz nebija, &#8220;Hawks&#8221; vien\u012bba tom\u0113r sp\u0113ja izc\u012bn\u012bt uzvaru p\u0101r saviem pretiniekiem. \u0160\u0101ds l\u0113mums var\u0113tu liecin\u0101t par piesardz\u012bgu pieeju sp\u0113l\u0113t\u0101ju vesel\u012bbas un sagatavot\u012bbas nov\u0113rt\u0113\u0161an\u0101 pirms gaid\u0101m\u0101s NBA sezonas.<\/p>\n<p>K\u0101p\u0113c Porzi\u0146\u0123is nebija sast\u0101v\u0101?<\/p>\n<p>Lai gan prec\u012bzi iemesli Porzi\u0146\u0123a nesp\u0113l\u0113\u0161anai netika detaliz\u0113ti izkl\u0101st\u012bti, bie\u017ei vien pirmssezonas sp\u0113l\u0113s treneri izv\u0113las dot atp\u016btu atsl\u0113gas sp\u0113l\u0113t\u0101jiem vai \u013caut vi\u0146iem piedal\u012bties ierobe\u017eotu laiku. Tas var b\u016bt saist\u012bts ar nogurumu, neliel\u0101m fizisk\u0101m probl\u0113m\u0101m, vai vienk\u0101r\u0161i ar v\u0113lmi \u013caut jaunajiem sp\u0113l\u0113t\u0101jiem un tiem, kuriem sezona v\u0113l nav pilnv\u0113rt\u012bgi s\u0101kusies, par\u0101d\u012bt sevi. &#8220;Hawks&#8221; vad\u012bba, visticam\u0101k, v\u0113las, lai Porzi\u0146\u0123is b\u016btu piln\u012bb\u0101 gatavs un vesels, kad s\u0101ksies regul\u0101r\u0101 sezona, jo vi\u0146\u0161 ir viens no komandas l\u012bderiem un vi\u0146a sniegums ir \u013coti svar\u012bgs komandas pan\u0101kumiem. \u0160\u0101da strat\u0113\u0123ija ir ierasta daudz\u0101s sporta l\u012bg\u0101s, kur\u0101 svar\u012bgi ir ne tikai atsevi\u0161\u0137i ma\u010di, bet ar\u012b sp\u0113l\u0113t\u0101ju ilgtermi\u0146a vesel\u012bba un sniegums.<\/p>\n<p>&#8220;Hawks&#8221; sniegums bez Porzi\u0146\u0123a<\/p>\n<p>Neskatoties uz Porzi\u0146\u0123a promb\u016btni, Atlantas &#8220;Hawks&#8221; demonstr\u0113ja sp\u0113c\u012bgu sniegumu un sp\u0113ja nodro\u0161in\u0101t uzvaru p\u0101r pretiniekiem. Tas apliecina komandas sast\u0101va dzi\u013cumu un sp\u0113ju piel\u0101goties da\u017e\u0101d\u0101m situatcij\u0101m. Sp\u0113les laik\u0101 citi sp\u0113l\u0113t\u0101ji, visticam\u0101k, uz\u0146\u0113m\u0101s liel\u0101ku atbild\u012bbu un cent\u0101s aizpild\u012bt Porzi\u0146\u0123a rad\u012bto tuk\u0161umu. \u0160\u0101das sp\u0113les ir v\u0113rt\u012bgas ar\u012b t\u0101p\u0113c, ka t\u0101s \u013cauj p\u0101rbaud\u012bt citu sp\u0113l\u0113t\u0101ju potenci\u0101lu un sasp\u0113li, veidojot komandas garu un gatav\u012bbu sezonai. &#8220;Hawks&#8221; sp\u0113ja uzvar\u0113t pat bez viena no saviem galvenajiem sp\u0113l\u0113t\u0101jiem liecina par labu sagatavot\u012bbas l\u012bmeni un komandas kop\u0113jo sp\u0113ku.<\/p>\n<p>Kas t\u0101l\u0101k?<\/p>\n<p>\u0160\u012b uzvara pirmssezonas p\u0101rbaudes sp\u0113l\u0113 dod pozit\u012bvu gr\u016bdienu &#8220;Hawks&#8221; komandai, gatavojoties gaid\u0101majai NBA sezonai. Cerams, ka Kristaps Porzi\u0146\u0123is dr\u012bzum\u0101 atgriez\u012bsies laukum\u0101 un pilnv\u0113rt\u012bgi var\u0113s piedal\u012bties turpm\u0101kaj\u0101s sp\u0113l\u0113s. Komandas fani ar nepaciet\u012bbu gaida jauno sezonu un v\u0113las redz\u0113t gan Porzi\u0146\u0123i, gan visu &#8220;Hawks&#8221; komandu darb\u012bb\u0101. Svar\u012bgi ir sekot l\u012bdzi ofici\u0101lajiem pazi\u0146ojumiem par Porzi\u0146\u0123a vesel\u012bbas st\u0101vokli un vi\u0146a dal\u012bbu n\u0101kamaj\u0101s sp\u0113l\u0113s, lai prec\u012bzi zin\u0101tu, kad vi\u0146\u0161 piln\u012bb\u0101 atgriez\u012bsies sast\u0101v\u0101.<\/p>\n","protected":false},"excerpt":{"rendered":"Porzi\u0146\u0123is &#8220;Hawks&#8221; sast\u0101v\u0101 nesan\u0101ca, bet komanda g\u016bst uzvaru Atlantas &#8220;Hawks&#8221; pirmssezonas p\u0101rbaudes sp\u0113l\u0113, kas notika pirmdien, piedz\u012bvoja nelielu&hellip;\n","protected":false},"author":2,"featured_media":24628,"comment_status":"","ping_status":"","sticky":false,"template":"","format":"standard","meta":{"footnotes":""},"categories":[17],"tags":[4136,145,1260,35,39,38,36,37,34,40,1258,3554,67],"class_list":{"0":"post-24627","1":"post","2":"type-post","3":"status-publish","4":"format-standard","5":"has-post-thumbnail","7":"category-sports","8":"tag-atlanta-hawks","9":"tag-basketbols","10":"tag-kristaps-porzingis","11":"tag-latvia","12":"tag-latvian","13":"tag-latviesu","14":"tag-latviesu-valoda","15":"tag-latviesuvaloda","16":"tag-latvija","17":"tag-lv","18":"tag-nba","19":"tag-pirmssezonas-spele","20":"tag-sports"},"share_on_mastodon":{"url":"","error":""},"_links":{"self":[{"href":"https:\/\/www.europesays.com\/lv\/wp-json\/wp\/v2\/posts\/24627","targetHints":{"allow":["GET"]}}],"collection":[{"href":"https:\/\/www.europesays.com\/lv\/wp-json\/wp\/v2\/posts"}],"about":[{"href":"https:\/\/www.europesays.com\/lv\/wp-json\/wp\/v2\/types\/post"}],"author":[{"embeddable":true,"href":"https:\/\/www.europesays.com\/lv\/wp-json\/wp\/v2\/users\/2"}],"replies":[{"embeddable":true,"href":"https:\/\/www.europesays.com\/lv\/wp-json\/wp\/v2\/comments?post=24627"}],"version-history":[{"count":0,"href":"https:\/\/www.europesays.com\/lv\/wp-json\/wp\/v2\/posts\/24627\/revisions"}],"wp:featuredmedia":[{"embeddable":true,"href":"https:\/\/www.europesays.com\/lv\/wp-json\/wp\/v2\/media\/24628"}],"wp:attachment":[{"href":"https:\/\/www.europesays.com\/lv\/wp-json\/wp\/v2\/media?parent=24627"}],"wp:term":[{"taxonomy":"category","embeddable":true,"href":"https:\/\/www.europesays.com\/lv\/wp-json\/wp\/v2\/categories?post=24627"},{"taxonomy":"post_tag","embeddable":true,"href":"https:\/\/www.europesays.com\/lv\/wp-json\/wp\/v2\/tags?post=24627"}],"curies":[{"name":"wp","href":"https:\/\/api.w.org\/{rel}","templated":true}]}}