{"id":24631,"date":"2025-10-18T23:57:11","date_gmt":"2025-10-18T23:57:11","guid":{"rendered":"https:\/\/www.europesays.com\/lv\/24631\/"},"modified":"2025-10-18T23:57:11","modified_gmt":"2025-10-18T23:57:11","slug":"nav-karalu-demonstracijas-pulce-tukstosus-lente-lv","status":"publish","type":"post","link":"https:\/\/www.europesays.com\/lv\/24631\/","title":{"rendered":"&#8220;Nav kara\u013cu&#8221; demonstr\u0101cijas pulc\u0113 t\u016bksto\u0161us\u00a0\u2014\u00a0Lente.lv"},"content":{"rendered":"<p>Pla\u0161as protestu demonstr\u0101cijas pret Trampu plos\u0101s vis\u0101 ASV<\/p>\n<p>Pag\u0101ju\u0161aj\u0101 sestdien\u0101 t\u016bksto\u0161iem cilv\u0113ku pulc\u0113j\u0101s pils\u0113t\u0101s vis\u0101 Amerikas Savienotaj\u0101s Valst\u012bs, lai paustu savu neapmierin\u0101t\u012bbu ar prezidenta Donalda Trampa vad\u012bt\u0101s administr\u0101cijas politiku un virzienu, kur\u0101 valsts dodas. Vair\u0101k nek\u0101 2600 pas\u0101kumi, kas paz\u012bstami k\u0101 &#8220;No Kings&#8221; (Nav kara\u013cu) demonstr\u0101cijas, notika gan lielaj\u0101s metropol\u0113s, gan maz\u0101k\u0101s pils\u0113t\u0101s, atspogu\u013cojot dzi\u013cas ba\u017eas par demokr\u0101tijas st\u0101vokli.<\/p>\n<p>\u0145ujorkas Times Square, Bostonas Commons, \u010cik\u0101gas Grant Park un Va\u0161ingtonas D.C. iel\u0101s cilv\u0113ki kop\u0101 skand\u0113ja sauk\u013cus, piem\u0113ram, &#8220;Trampam j\u0101aiziet tagad&#8221;, un tur\u0113ja plak\u0101tus ar asi kritiku prezidentam un vi\u0146a imigr\u0101cijas politikai. Tom\u0113r demonstr\u0101cijas nebija tikai nosod\u012bjums; daudzviet t\u0101s p\u0101rv\u0113rt\u0101s par dz\u012bv\u012bg\u0101m ielu svin\u012bb\u0101m ar mar\u0161\u0113jo\u0161iem or\u0137estriem, milz\u012bgu ASV Konstit\u016bcijas &#8220;M\u0113s, tauta&#8221; ievada banneru, ko ikviens var\u0113ja parakst\u012bt, un cilv\u0113kiem pat paman\u0101m\u0101s vardes kost\u012bmos \u2013 simbols, kas ir k\u013cuvis par pretest\u012bbas z\u012bmi Portlendas pils\u0113t\u0101.<\/p>\n<p>Ba\u017eas par autorit\u0101risma tendenc\u0113m un feder\u0101l\u0101s vald\u012bbas sl\u0113g\u0161anu<\/p>\n<p>\u0160\u012bs demonstr\u0101cijas notika uz feder\u0101l\u0101s vald\u012bbas sl\u0113g\u0161anas fona, kas ne tikai aptur\u0113jis daudzas valsts programmas un pakalpojumus, bet ar\u012b lika aizdom\u0101ties par varas l\u012bdzsvaru starp izpildvaru, likumdev\u0113jiem un tiesu iest\u0101d\u0113m. Demonstrantu organizatori br\u012bdin\u0101ja, ka prezidenta agres\u012bv\u0101 pieeja ir solis pret\u012b amerik\u0101\u0146u autorit\u0101rismam.<\/p>\n<p>Atbildot uz \u0161iem notikumiem, Trampa Republik\u0101\u0146u partija kritiz\u0113ja demonstr\u0101cijas, d\u0113v\u0113jot t\u0101s par &#8220;Neieredzi Ameriku&#8221; m\u012bti\u0146iem. Pats prezidents \u0161aj\u0101 laik\u0101 uztur\u0113j\u0101s sav\u0101 Mar-a-Lago rezidenc\u0113 Florid\u0101. Pirms do\u0161an\u0101s prom, Tramps telekan\u0101la Fox News intervij\u0101 noraid\u012bja, ka vi\u0146u d\u0113v\u0113tu par karali, sakot: &#8220;Es neesmu karalis.&#8221;<\/p>\n<p>Apvienojot opoz\u012bciju un starptautisku solidarit\u0101ti<\/p>\n<p>Organizatori uzskata, ka \u0161\u012b kust\u012bba ir sp\u0113jusi apvienot pla\u0161\u0101ku opoz\u012bciju nek\u0101 iepriek\u0161\u0113j\u0101s demonstr\u0101cijas, piem\u0113ram, t\u0101s, kas v\u0113rstas pret Elona Muska veikto samazin\u0101jumu vai Trampa milit\u0101ro par\u0101di. Iev\u0113rojami demokr\u0101tu l\u012bderi, k\u0101 Sen\u0101ta l\u012bderis \u010caks \u0160\u016bmers un neatkar\u012bgais senators B\u0113rnijs Sanderss, pievienoj\u0101s protestiem, pau\u017eot atbalstu tam, ko organizatori uzskata par nepiecie\u0161amu pretstatsu administr\u0101cijas r\u012bc\u012bbai, s\u0101kot no br\u012bv\u012bbas ierobe\u017eo\u0161anas runai l\u012bdz milit\u0101ra stila imigr\u0101cijas reidiem.<\/p>\n<blockquote>\n<p>&#8220;Nav liel\u0101ka drauda autorit\u0101ram re\u017e\u012bmam k\u0101 patriotiskas tautas sp\u0113ks,&#8221; uzsv\u0113ra Ezra Levins, viens no organiz\u0101cijas &#8220;Indivisible&#8221; dibin\u0101t\u0101jiem.<\/p>\n<\/blockquote>\n<p>Eiropas pils\u0113t\u0101s notiek solidarit\u0101tes protesti<\/p>\n<p>\u0160\u012bs demonstr\u0101cijas atbalsoj\u0101s ar\u012b Eirop\u0101, kur vair\u0101k\u0101s liel\u0101kaj\u0101s pils\u0113t\u0101s notika solidarit\u0101tes pas\u0101kumi, ko organiz\u0113ja galvenok\u0101rt \u0101rvalst\u012bs dz\u012bvojo\u0161ie amerik\u0101\u0146i. Berl\u012bn\u0113, Madrid\u0113, Helsinki, Lisabon\u0101 un Rom\u0101 cilv\u0113ki pulc\u0113j\u0101s, lai paustu savu atbalstu amerik\u0101\u0146u protest\u0113t\u0101jiem un kritiz\u0113tu Trampa administr\u0101cijas politiku.<\/p>\n<p>K\u0101ds Helsinku iedz\u012bvot\u0101js atzina, ka &#8220;daudzi mani Eiropas draugi vienk\u0101r\u0161i neapmekl\u0113 Ameriku tie\u0161i tagad, jo vi\u0146i uztraucas par to, kas var\u0113tu notikt&#8221;. Vi\u0146\u0161 piebilda: &#8220;Es dom\u0101ju, ka ASV ir novietojusi sevi \u013coti, \u013coti slikti uz pasaules skatuves, un es uzskatu, ka tas ir saist\u012bts ar Trampa administr\u0101ciju.&#8221; Protesteru plak\u0101tos bija redzami t\u0101di sauk\u013ci k\u0101 &#8220;Nav kara\u013cu&#8221;, &#8220;Nav fa\u0161isma&#8221;, un pat aspr\u0101t\u012bgi izteicieni, kas v\u0113rsti pret prezidentu.<\/p>\n<p>Par\u012bz\u0113 k\u0101da amerik\u0101\u0146u emigrante, kas bija t\u0113rpusies k\u0101 Br\u012bv\u012bbas statuja, pauda dzi\u013cas ba\u017eas par cilv\u0113ku izdal\u012b\u0161anu no \u0123imen\u0113m un b\u0113rnu aiztur\u0113\u0161anu, ko vi\u0146a nod\u0113v\u0113ja par &#8220;neleg\u0101lu ICE lietu&#8221;. Demonstr\u0101cijas Eirop\u0101 uzsv\u0113ra ba\u017eas par ASV reput\u0101ciju un t\u0101s lomu pasaul\u0113, ko b\u016btiski ietekm\u0113jusi pa\u0161reiz\u0113j\u0101 administr\u0101cija.<\/p>\n","protected":false},"excerpt":{"rendered":"Pla\u0161as protestu demonstr\u0101cijas pret Trampu plos\u0101s vis\u0101 ASV Pag\u0101ju\u0161aj\u0101 sestdien\u0101 t\u016bksto\u0161iem cilv\u0113ku pulc\u0113j\u0101s pils\u0113t\u0101s vis\u0101 Amerikas Savienotaj\u0101s Valst\u012bs,&hellip;\n","protected":false},"author":2,"featured_media":24632,"comment_status":"","ping_status":"","sticky":false,"template":"","format":"standard","meta":{"footnotes":""},"categories":[14],"tags":[23,57,292,28,29,3239,542,427,32,33,22,30,31,35,39,38,36,37,34,40,20,26,27,4204,24,25,54,55,56,21,58],"class_list":{"0":"post-24631","1":"post","2":"type-post","3":"status-publish","4":"format-standard","5":"has-post-thumbnail","7":"category-zinas-no-arvalstim","8":"tag-aktualitates","9":"tag-arvalstim","10":"tag-asv","11":"tag-breaking-news","12":"tag-breakingnews","13":"tag-demokratija","14":"tag-donalds-tramps","15":"tag-eiropa","16":"tag-featured-news","17":"tag-featurednews","18":"tag-headlines","19":"tag-latest-news","20":"tag-latestnews","21":"tag-latvia","22":"tag-latvian","23":"tag-latviesu","24":"tag-latviesu-valoda","25":"tag-latviesuvaloda","26":"tag-latvija","27":"tag-lv","28":"tag-news","29":"tag-popularakas-zinas","30":"tag-popularakaszinas","31":"tag-protesti","32":"tag-top-stories","33":"tag-topstories","34":"tag-world","35":"tag-world-news","36":"tag-worldnews","37":"tag-zinas","38":"tag-zinas-no-arvalstim"},"share_on_mastodon":{"url":"","error":""},"_links":{"self":[{"href":"https:\/\/www.europesays.com\/lv\/wp-json\/wp\/v2\/posts\/24631","targetHints":{"allow":["GET"]}}],"collection":[{"href":"https:\/\/www.europesays.com\/lv\/wp-json\/wp\/v2\/posts"}],"about":[{"href":"https:\/\/www.europesays.com\/lv\/wp-json\/wp\/v2\/types\/post"}],"author":[{"embeddable":true,"href":"https:\/\/www.europesays.com\/lv\/wp-json\/wp\/v2\/users\/2"}],"replies":[{"embeddable":true,"href":"https:\/\/www.europesays.com\/lv\/wp-json\/wp\/v2\/comments?post=24631"}],"version-history":[{"count":0,"href":"https:\/\/www.europesays.com\/lv\/wp-json\/wp\/v2\/posts\/24631\/revisions"}],"wp:featuredmedia":[{"embeddable":true,"href":"https:\/\/www.europesays.com\/lv\/wp-json\/wp\/v2\/media\/24632"}],"wp:attachment":[{"href":"https:\/\/www.europesays.com\/lv\/wp-json\/wp\/v2\/media?parent=24631"}],"wp:term":[{"taxonomy":"category","embeddable":true,"href":"https:\/\/www.europesays.com\/lv\/wp-json\/wp\/v2\/categories?post=24631"},{"taxonomy":"post_tag","embeddable":true,"href":"https:\/\/www.europesays.com\/lv\/wp-json\/wp\/v2\/tags?post=24631"}],"curies":[{"name":"wp","href":"https:\/\/api.w.org\/{rel}","templated":true}]}}