{"id":24640,"date":"2025-10-19T00:33:08","date_gmt":"2025-10-19T00:33:08","guid":{"rendered":"https:\/\/www.europesays.com\/lv\/24640\/"},"modified":"2025-10-19T00:33:08","modified_gmt":"2025-10-19T00:33:08","slug":"eiropas-pilsetas-nav-karaliem-protesti-solidaritate-ar-asv-pilsoniem-pret-trampa-vadibu-lente-lv","status":"publish","type":"post","link":"https:\/\/www.europesays.com\/lv\/24640\/","title":{"rendered":"Eiropas pils\u0113t\u0101s &#8220;Nav kara\u013ciem&#8221; protesti solidarit\u0101t\u0113 ar ASV pilso\u0146iem pret Trampa vad\u012bbu\u00a0\u2014\u00a0Lente.lv"},"content":{"rendered":"<p>Eiropas pils\u0113t\u0101s norit &#8220;Nav kara\u013ciem&#8221; protesti, solidariz\u0113joties ar ASV pilso\u0146iem<\/p>\n<p>Desmitiem t\u016bksto\u0161u cilv\u0113ku vis\u0101 Eirop\u0101 sestdien pulc\u0113j\u0101s uz protestiem, paustu solidarit\u0101ti ar ASV pilso\u0146iem, kuri vienlaic\u012bgi piedal\u012bj\u0101s &#8220;Nav kara\u013ciem&#8221; demonstr\u0101cij\u0101s vis\u0101 Savienoto Valstu teritorij\u0101. \u0160ie pas\u0101kumi bija v\u0113rsti pret ASV prezidenta Donalda Trampa vad\u012bbu, un tajos galvenok\u0101rt piedal\u012bj\u0101s \u0101rzem\u0113s dz\u012bvojo\u0161ie amerik\u0101\u0146i.<\/p>\n<p>Protesti notika daudz\u0101s Eiropas galvaspils\u0113t\u0101s, tostarp Berl\u012bn\u0113, Madrid\u0113, Helsinkos, Par\u012bz\u0113, Lisabon\u0101 un Rom\u0101. Dal\u012bbnieki pauda savu neapmierin\u0101t\u012bbu ar Trampa politiku un retoriku, bie\u017ei vien izmantojot humoristiskus un asus plak\u0101tus ar sauk\u013ciem &#8220;Nav kara\u013cu&#8221;, &#8220;Nav kara\u013cu, nav oligarhu, nav fa\u0161isma&#8221; un pat &#8220;Tramps, beidz sp\u012bdzin\u0101t Putina k\u0101ju k\u0101 suns!&#8221;. Da\u017ei izrot\u0101j\u0101s par Br\u012bv\u012bbas statuju, pau\u017eot satraukumu par cilv\u0113kties\u012bbu p\u0101rk\u0101pumiem un ASV starptautisk\u0101 t\u0113la pasliktin\u0101\u0161anos.<\/p>\n<p>Eiropas iedz\u012bvot\u0101ji pau\u017e ba\u017eas par ASV poz\u012bciju pasaul\u0113<\/p>\n<p>Viena no protest\u0113t\u0101j\u0101m Helsinki, ASV pilsone, atkl\u0101ja, ka daudzi vi\u0146as eiropie\u0161u draugi pa\u0161laik nev\u0113las apmekl\u0113t Amerikas Savienot\u0101s Valstis ba\u017eu d\u0113\u013c par iesp\u0113jam\u0101m sek\u0101m. Vi\u0146a uzsv\u0113ra, ka Trampa administr\u0101cijas d\u0113\u013c ASV ir &#8220;pozicion\u0113jusi sevi \u013coti, \u013coti slikti uz pasaules skatuves&#8221;. \u0160is koment\u0101rs atspogu\u013co pla\u0161\u0101ku ba\u017eu kopumu par demokr\u0101tijas un cilv\u0113kties\u012bbu st\u0101vokli gan ASV, gan glob\u0101li.<\/p>\n<p>Madrides demonstr\u0101cij\u0101, ko organiz\u0113ja Democrats Abroad, simtiem dal\u012bbnieku skand\u0113ja sauk\u013cus un tur\u0113ja plak\u0101tus. K\u0101da amerik\u0101\u0146u izce\u013cot\u0101ja Par\u012bz\u0113, Belinda Mulliniksa, kura bija t\u0113rpusies k\u0101 Br\u012bv\u012bbas statuja, pauda dzi\u013cu satraukumu par \u0123imen\u0113m, kas tiek \u0161\u0137irtas, par b\u0113rniem, kuri tiek sasieti ar r\u0101v\u0113jsl\u0113dz\u0113ju, un par ICE (Imigr\u0101cijas un muitas dienesta) darb\u012bbu, ko vi\u0146a d\u0113v\u0113ja par &#8220;neleg\u0101lu&#8221; un &#8220;\u013coti satrauco\u0161u&#8221;.<\/p>\n<p>&#8220;Nav kara\u013ciem&#8221; kust\u012bba un t\u0101s m\u0113r\u0137i<\/p>\n<p>\u0160\u012b bija tre\u0161\u0101 masveida mobiliz\u0101cija kop\u0161 Trampa atgrie\u0161an\u0101s Baltaj\u0101 nam\u0101, un t\u0101 notika v\u0113sturisk\u0101 br\u012bd\u012b, kad notika ar\u012b vald\u012bbas sl\u0113g\u0161ana, kas ne tikai aptur\u0113ja feder\u0101l\u0101s programmas un pakalpojumus, bet ar\u012b lika ap\u0161aub\u012bt varas l\u012bdzsvaru. Organizatori br\u012bdin\u0101ja, ka agres\u012bv\u0101 izpildvaras konfront\u0101cija ar Kongresu un ties\u0101m ir &#8220;sl\u012bd\u0113\u0161ana uz amerik\u0101\u0146u autorit\u0101rismu&#8221;.<\/p>\n<p>Prezidenta Republik\u0101\u0146u partija \u0161\u012bs demonstr\u0101cijas nod\u0113v\u0113ja par &#8220;Neieredzi Ameriku&#8221; m\u012bti\u0146iem. Pats Tramps, atrodoties sav\u0101 Mar-a-Lago rezidenc\u0113 Florid\u0101, intervij\u0101 Fox News apgalvoja: &#8220;Vi\u0146i saka, ka sauc mani par karali. Es neesmu karalis.&#8221; Tom\u0113r vis\u0101 ASV bija pl\u0101nots vair\u0101k nek\u0101 2600 m\u012bti\u0146u, pievienojoties glob\u0101lajai kust\u012bbai.<\/p>\n<blockquote>\n<p>&#8220;Nav liel\u0101ka drauda autorit\u0101ram re\u017e\u012bmam k\u0101 patriotiska tautas vara,&#8221; sac\u012bja Ezra Levens, viens no galvenajiem organiz\u0113t\u0101jiem un Indivisible l\u012bdzdibin\u0101t\u0101js.<\/p>\n<\/blockquote>\n<p>Agr\u0101s r\u012bta stund\u0101s \u0145ujorkas Times Square bija pulc\u0113ju\u0161ies t\u016bksto\u0161iem cilv\u0113ku, skand\u0113jot &#8220;Trampam j\u0101iet proj\u0101m t\u016bl\u012bt&#8221; un vicinot bie\u017ei vien necenz\u0113tus plak\u0101tus, kas nosod\u012bja prezidentu un vi\u0146a imigr\u0101cijas politiku. \u0160ie protesti, kas s\u0101k\u0101s Eirop\u0101 un izplat\u012bj\u0101s vis\u0101 pasaul\u0113, apliecina sp\u0113c\u012bgu glob\u0101lu pretest\u012bbu pret Trampa administr\u0101cijas politiku un vi\u0146a izpratni par demokr\u0101tiskaj\u0101m norm\u0101m.<\/p>\n","protected":false},"excerpt":{"rendered":"Eiropas pils\u0113t\u0101s norit &#8220;Nav kara\u013ciem&#8221; protesti, solidariz\u0113joties ar ASV pilso\u0146iem Desmitiem t\u016bksto\u0161u cilv\u0113ku vis\u0101 Eirop\u0101 sestdien pulc\u0113j\u0101s uz&hellip;\n","protected":false},"author":2,"featured_media":24641,"comment_status":"","ping_status":"","sticky":false,"template":"","format":"standard","meta":{"footnotes":""},"categories":[14],"tags":[23,57,7652,28,29,542,7650,32,33,22,7653,30,31,35,39,38,36,37,34,40,7651,20,26,27,24,25,54,55,56,21,58],"class_list":{"0":"post-24640","1":"post","2":"type-post","3":"status-publish","4":"format-standard","5":"has-post-thumbnail","7":"category-zinas-no-arvalstim","8":"tag-aktualitates","9":"tag-arvalstim","10":"tag-asv-demokratija","11":"tag-breaking-news","12":"tag-breakingnews","13":"tag-donalds-tramps","14":"tag-eiropas-protesti","15":"tag-featured-news","16":"tag-featurednews","17":"tag-headlines","18":"tag-imigracijas-politika","19":"tag-latest-news","20":"tag-latestnews","21":"tag-latvia","22":"tag-latvian","23":"tag-latviesu","24":"tag-latviesu-valoda","25":"tag-latviesuvaloda","26":"tag-latvija","27":"tag-lv","28":"tag-nav-karaliem","29":"tag-news","30":"tag-popularakas-zinas","31":"tag-popularakaszinas","32":"tag-top-stories","33":"tag-topstories","34":"tag-world","35":"tag-world-news","36":"tag-worldnews","37":"tag-zinas","38":"tag-zinas-no-arvalstim"},"share_on_mastodon":{"url":"","error":""},"_links":{"self":[{"href":"https:\/\/www.europesays.com\/lv\/wp-json\/wp\/v2\/posts\/24640","targetHints":{"allow":["GET"]}}],"collection":[{"href":"https:\/\/www.europesays.com\/lv\/wp-json\/wp\/v2\/posts"}],"about":[{"href":"https:\/\/www.europesays.com\/lv\/wp-json\/wp\/v2\/types\/post"}],"author":[{"embeddable":true,"href":"https:\/\/www.europesays.com\/lv\/wp-json\/wp\/v2\/users\/2"}],"replies":[{"embeddable":true,"href":"https:\/\/www.europesays.com\/lv\/wp-json\/wp\/v2\/comments?post=24640"}],"version-history":[{"count":0,"href":"https:\/\/www.europesays.com\/lv\/wp-json\/wp\/v2\/posts\/24640\/revisions"}],"wp:featuredmedia":[{"embeddable":true,"href":"https:\/\/www.europesays.com\/lv\/wp-json\/wp\/v2\/media\/24641"}],"wp:attachment":[{"href":"https:\/\/www.europesays.com\/lv\/wp-json\/wp\/v2\/media?parent=24640"}],"wp:term":[{"taxonomy":"category","embeddable":true,"href":"https:\/\/www.europesays.com\/lv\/wp-json\/wp\/v2\/categories?post=24640"},{"taxonomy":"post_tag","embeddable":true,"href":"https:\/\/www.europesays.com\/lv\/wp-json\/wp\/v2\/tags?post=24640"}],"curies":[{"name":"wp","href":"https:\/\/api.w.org\/{rel}","templated":true}]}}