{"id":24648,"date":"2025-10-19T00:41:08","date_gmt":"2025-10-19T00:41:08","guid":{"rendered":"https:\/\/www.europesays.com\/lv\/24648\/"},"modified":"2025-10-19T00:41:08","modified_gmt":"2025-10-19T00:41:08","slug":"tukstosiem-bez-elektribas-viens-bojagajusais-lente-lv-2","status":"publish","type":"post","link":"https:\/\/www.europesays.com\/lv\/24648\/","title":{"rendered":"t\u016bksto\u0161iem bez elektr\u012bbas, viens boj\u0101g\u0101ju\u0161ais\u00a0\u2014\u00a0Lente.lv"},"content":{"rendered":"<p>Ukrainas energobjekti smagi cietu\u0161i Krievijas dronu uzbrukumos: t\u016bksto\u0161iem bez elektr\u012bbas<\/p>\n<p>Nakt\u012b uz sestdienu Krievija sar\u012bkojusi mas\u012bvu dronu uzbrukumu Ukrainas energosist\u0113mai, k\u0101 rezult\u0101t\u0101 vismaz viens cilv\u0113ks g\u0101jis boj\u0101 un t\u016bksto\u0161iem iedz\u012bvot\u0101ju paliku\u0161i bez elektroener\u0123ijas. \u0160\u0101ds brut\u0101ls trieciens ener\u0123\u0113tikas infrastrukt\u016brai, \u012bpa\u0161i pirms aukst\u0101 ziemas perioda, ir k\u013cuvis par Krievijas cinisku taktiku, ko ukrai\u0146u amatpersonas d\u0113v\u0113 par &#8220;ziemas bru\u0146o\u0161anu&#8221;.<\/p>\n<p>Hastras rajona tumsa un dz\u012bv\u012bbas zaud\u0113jums<\/p>\n<p>Harkivas apgabal\u0101, kas ir viens no vissmag\u0101k skartajiem re\u0123ioniem, gandr\u012bz visi \u010cugujivas pils\u0113tas rajoni sestdienas r\u012bt\u0101 sask\u0101r\u0101s ar piln\u012bgu elektroapg\u0101des p\u0101rtraukumu. Pils\u0113tas m\u0113rs Halina Minaieva soci\u0101laj\u0101 t\u012bkl\u0101 Facebook pav\u0113st\u012bja, ka nakt\u012b uzbrukum\u0101 pils\u0113tai raid\u012bti 10 Krievijas droni. Diem\u017e\u0113l \u0161ie uzbrukumi nav pag\u0101ju\u0161i bez upuriem \u2013 Harkivas apgabal\u0101, ciemat\u0101 Za\u013cais H\u0101js, dz\u012bv\u012bbu zaud\u0113jis viens v\u012brietis, k\u0101 inform\u0113ja Harkivas milit\u0101r\u0101s administr\u0101cijas vad\u012bt\u0101js O\u013cegs Sinehubovs. Vi\u0146\u0161 piebilda, ka vis\u0101 apgabal\u0101 kopum\u0101 notriekti 23 droni, kas sk\u0101ru\u0161i 12 apdz\u012bvotas vietas.<\/p>\n<p>Kask\u0101des ener\u0123\u0113tikas av\u0101rijas vis\u0101 Ukrain\u0101<\/p>\n<p>Sitienes sekas j\u016btamas ar\u012b citviet. \u010cer\u0146ihivas apgabala elektroapg\u0101des operators zi\u0146oja par 17 000 iedz\u012bvot\u0101ju, kas paliku\u0161i bez elektr\u012bbas p\u0113c tam, kad Krievijas triecien\u0101 tika boj\u0101ts ener\u0123\u0113tikas objekts Koruukovkas rajon\u0101. Turkl\u0101t zi\u0146as par Ukrainas dronu aktivit\u0101ti pien\u0101k ar\u012b no Krievijas teritorijas \u2013 U\u013cjanovskas apgabal\u0101 zi\u0146ots par Ukrainas dronu uzbrukumu elektr\u012bbas apak\u0161stacijai, liecina Krievijas soci\u0101lo t\u012bklu kan\u0101li.<\/p>\n<p>Civil\u0101 infrastrukt\u016bra k\u0101 m\u0113r\u0137is<\/p>\n<p>Uzbrukumi nav aprobe\u017eoju\u0161ies tikai ar ener\u0123\u0113tikas objektiem. Zapori\u017e\u017eas apgabal\u0101 Krievijas drona trieciena rezult\u0101t\u0101 aizdegusies izgl\u012bt\u012bbas iest\u0101de. Apgabala milit\u0101r\u0101s administr\u0101cijas vad\u012bt\u0101js Ivans Fjodorovs inform\u0113ja, ka Krievijas sp\u0113ki veiku\u0161i piecus triecienus pils\u0113tai, radot post\u012bjumus ar\u012b dz\u012bvojamaj\u0101m m\u0101j\u0101m un automa\u0161\u012bn\u0101m. Savuk\u0101rt Poltavas apgabal\u0101 tiku\u0161i skarti v\u0113l vair\u0101k civil\u0101s infrastrukt\u016bras objekti. Apgabala administr\u0101cijas vad\u012bt\u0101js Volodimirs Kohuts soci\u0101laj\u0101 t\u012bkl\u0101 Telegram atkl\u0101ja, ka uzbrukumos boj\u0101ts noliktava un komercuz\u0146\u0113mums.<\/p>\n<p>Gaisa aizsardz\u012bbas sasniegumi un strat\u0113\u0123iskie izaicin\u0101jumi<\/p>\n<p>Neskatoties uz pla\u0161ajiem uzbrukumiem, Ukrainas gaisa sp\u0113ki demonstr\u0113 iev\u0113rojamu efektivit\u0101ti, notriekti kopum\u0101 136 Krievijas droni. \u0160\u012b statistika uzsver gan Krievijas uzbrukumu intensit\u0101ti, gan Ukrainas aizsardz\u012bbas sp\u0113ju progresu. Krievijas taktika, kuras m\u0113r\u0137is ir teroriz\u0113t civiliedz\u012bvot\u0101jus un sagatavoties ener\u0123\u0113tiskai kr\u012bzei, k\u013c\u016bst arvien izteikt\u0101ka. Uzbrukumi notika laik\u0101, kad Ukrainas prezidents Volodimirs Zelenskis tik\u0101s ar ASV prezidentu Donalds Trampu Va\u0161ington\u0101. \u0160aj\u0101 tik\u0161an\u0101s reiz\u0113 Tramps izteica vilcin\u0101\u0161anos pieg\u0101d\u0101t Ukrainai t\u0101las darb\u012bbas ra\u0137etes &#8220;Tomahavk&#8221;, ko Kijeva uzskata par potenci\u0101lu &#8220;sp\u0113les main\u012bt\u0101ju&#8221; sarun\u0101s ar Maskavu. Vi\u0146a nost\u0101ja bija pret\u0113ja iepriek\u0161 paustajiem uzskatiem par nopietnu \u0161o iero\u010du pieg\u0101des apsv\u0113r\u0161anu.<\/p>\n","protected":false},"excerpt":{"rendered":"Ukrainas energobjekti smagi cietu\u0161i Krievijas dronu uzbrukumos: t\u016bksto\u0161iem bez elektr\u012bbas Nakt\u012b uz sestdienu Krievija sar\u012bkojusi mas\u012bvu dronu uzbrukumu&hellip;\n","protected":false},"author":2,"featured_media":24649,"comment_status":"","ping_status":"","sticky":false,"template":"","format":"standard","meta":{"footnotes":""},"categories":[5],"tags":[23,28,29,32,33,7644,22,6934,30,31,35,39,38,36,37,34,40,20,26,27,24,25,7643,7642,7645,21],"class_list":{"0":"post-24648","1":"post","2":"type-post","3":"status-publish","4":"format-standard","5":"has-post-thumbnail","7":"category-aktualitates","8":"tag-aktualitates","9":"tag-breaking-news","10":"tag-breakingnews","11":"tag-featured-news","12":"tag-featurednews","13":"tag-harkivas-apgabals","14":"tag-headlines","15":"tag-krievijas-dronu-uzbrukumi","16":"tag-latest-news","17":"tag-latestnews","18":"tag-latvia","19":"tag-latvian","20":"tag-latviesu","21":"tag-latviesu-valoda","22":"tag-latviesuvaloda","23":"tag-latvija","24":"tag-lv","25":"tag-news","26":"tag-popularakas-zinas","27":"tag-popularakaszinas","28":"tag-top-stories","29":"tag-topstories","30":"tag-tukstosiem-bez-elektribas","31":"tag-ukrainas-energosistema","32":"tag-ziemas-brunosana","33":"tag-zinas"},"share_on_mastodon":{"url":"","error":""},"_links":{"self":[{"href":"https:\/\/www.europesays.com\/lv\/wp-json\/wp\/v2\/posts\/24648","targetHints":{"allow":["GET"]}}],"collection":[{"href":"https:\/\/www.europesays.com\/lv\/wp-json\/wp\/v2\/posts"}],"about":[{"href":"https:\/\/www.europesays.com\/lv\/wp-json\/wp\/v2\/types\/post"}],"author":[{"embeddable":true,"href":"https:\/\/www.europesays.com\/lv\/wp-json\/wp\/v2\/users\/2"}],"replies":[{"embeddable":true,"href":"https:\/\/www.europesays.com\/lv\/wp-json\/wp\/v2\/comments?post=24648"}],"version-history":[{"count":0,"href":"https:\/\/www.europesays.com\/lv\/wp-json\/wp\/v2\/posts\/24648\/revisions"}],"wp:featuredmedia":[{"embeddable":true,"href":"https:\/\/www.europesays.com\/lv\/wp-json\/wp\/v2\/media\/24649"}],"wp:attachment":[{"href":"https:\/\/www.europesays.com\/lv\/wp-json\/wp\/v2\/media?parent=24648"}],"wp:term":[{"taxonomy":"category","embeddable":true,"href":"https:\/\/www.europesays.com\/lv\/wp-json\/wp\/v2\/categories?post=24648"},{"taxonomy":"post_tag","embeddable":true,"href":"https:\/\/www.europesays.com\/lv\/wp-json\/wp\/v2\/tags?post=24648"}],"curies":[{"name":"wp","href":"https:\/\/api.w.org\/{rel}","templated":true}]}}