{"id":24652,"date":"2025-10-19T00:45:11","date_gmt":"2025-10-19T00:45:11","guid":{"rendered":"https:\/\/www.europesays.com\/lv\/24652\/"},"modified":"2025-10-19T00:45:11","modified_gmt":"2025-10-19T00:45:11","slug":"ministrija-aicina-but-piesardzigiem-meklejot-darbu-arvalstis","status":"publish","type":"post","link":"https:\/\/www.europesays.com\/lv\/24652\/","title":{"rendered":"Ministrija aicina b\u016bt piesardz\u012bgiem, mekl\u0113jot darbu \u0101rvalst\u012bs"},"content":{"rendered":"<p>Ministrija aicina Latvijas valstspieder\u012bgos b\u016bt piesardz\u012bgiem, mekl\u0113jot darbu \u0101rvalst\u012bs, un r\u016bp\u012bgi p\u0101rbaud\u012bt darba pied\u0101v\u0101jumus, lai nek\u013c\u016btu par cilv\u0113ku tirdzniec\u012bbas vai neleg\u0101las nodarbin\u0101t\u012bbas upuriem, a\u0123ent\u016bru LETA inform\u0113ja \u0100M. Ministrija atz\u012bm\u0113, ka, v\u0113rt\u0113jot darba iesp\u0113jas, j\u0101izvair\u0101s no pied\u0101v\u0101jumiem, kuros nav skaidri nor\u0101d\u012bts darba dev\u0113js, l\u012bguma nosac\u012bjumi un uztur\u0113\u0161an\u0101s vieta, k\u0101 ar\u012b j\u0101b\u016bt \u012bpa\u0161i uzman\u012bgiem gad\u012bjumos, kad tiek pied\u0101v\u0101ts p\u0101rvad\u0101t\u0101ja darbs ar neskaidriem pien\u0101kumiem.<\/p>\n<p>Lai gan verv\u0113t\u0101ji sola, ka darba pien\u0101kumos b\u016bs pre\u010du p\u0101rvad\u0101\u0161ana, realit\u0101t\u0113 darbiniekiem liek Eiropas Savien\u012bbas (ES) teritorij\u0101 neleg\u0101li ievest imigrantus no Ir\u0101nas, S\u012brijas un cit\u0101m tre\u0161aj\u0101m valst\u012bm.<\/p>\n<p>T\u0101pat \u0100M uzsver, ka pirms do\u0161an\u0101s uz citu valsti j\u0101inform\u0113 tuvinieki par uztur\u0113\u0161an\u0101s vietu un kontaktperson\u0101m, j\u0101saglab\u0101 pases un dokumentu kopijas, k\u0101 ar\u012b j\u0101re\u0123istr\u0113jas konsul\u0101raj\u0101 re\u0123istr\u0101 vietn\u0113 &#8220;latvija.lv&#8221;. \u0100M br\u012bdina neuz\u0146emties p\u0101rvad\u0101jumus vai vest bag\u0101\u017eu, kuras saturu nav iesp\u0113jams p\u0101rbaud\u012bt, jo \u0161\u0101dos gad\u012bjumos cilv\u0113ki var neapzin\u0101ti k\u013c\u016bt par narkotisko vielu vai citu neleg\u0101lu pre\u010du p\u0101rvad\u0101t\u0101jiem.<\/p>\n","protected":false},"excerpt":{"rendered":"Ministrija aicina Latvijas valstspieder\u012bgos b\u016bt piesardz\u012bgiem, mekl\u0113jot darbu \u0101rvalst\u012bs, un r\u016bp\u012bgi p\u0101rbaud\u012bt darba pied\u0101v\u0101jumus, lai nek\u013c\u016btu par cilv\u0113ku&hellip;\n","protected":false},"author":2,"featured_media":24653,"comment_status":"","ping_status":"","sticky":false,"template":"","format":"standard","meta":{"footnotes":""},"categories":[14],"tags":[23,464,57,28,29,4603,32,33,22,30,31,35,39,38,36,37,34,40,20,26,27,24,25,54,55,56,21,58],"class_list":{"0":"post-24652","1":"post","2":"type-post","3":"status-publish","4":"format-standard","5":"has-post-thumbnail","7":"category-zinas-no-arvalstim","8":"tag-aktualitates","9":"tag-arlietu-ministrija","10":"tag-arvalstim","11":"tag-breaking-news","12":"tag-breakingnews","13":"tag-darba-tirgus","14":"tag-featured-news","15":"tag-featurednews","16":"tag-headlines","17":"tag-latest-news","18":"tag-latestnews","19":"tag-latvia","20":"tag-latvian","21":"tag-latviesu","22":"tag-latviesu-valoda","23":"tag-latviesuvaloda","24":"tag-latvija","25":"tag-lv","26":"tag-news","27":"tag-popularakas-zinas","28":"tag-popularakaszinas","29":"tag-top-stories","30":"tag-topstories","31":"tag-world","32":"tag-world-news","33":"tag-worldnews","34":"tag-zinas","35":"tag-zinas-no-arvalstim"},"share_on_mastodon":{"url":"","error":""},"_links":{"self":[{"href":"https:\/\/www.europesays.com\/lv\/wp-json\/wp\/v2\/posts\/24652","targetHints":{"allow":["GET"]}}],"collection":[{"href":"https:\/\/www.europesays.com\/lv\/wp-json\/wp\/v2\/posts"}],"about":[{"href":"https:\/\/www.europesays.com\/lv\/wp-json\/wp\/v2\/types\/post"}],"author":[{"embeddable":true,"href":"https:\/\/www.europesays.com\/lv\/wp-json\/wp\/v2\/users\/2"}],"replies":[{"embeddable":true,"href":"https:\/\/www.europesays.com\/lv\/wp-json\/wp\/v2\/comments?post=24652"}],"version-history":[{"count":0,"href":"https:\/\/www.europesays.com\/lv\/wp-json\/wp\/v2\/posts\/24652\/revisions"}],"wp:featuredmedia":[{"embeddable":true,"href":"https:\/\/www.europesays.com\/lv\/wp-json\/wp\/v2\/media\/24653"}],"wp:attachment":[{"href":"https:\/\/www.europesays.com\/lv\/wp-json\/wp\/v2\/media?parent=24652"}],"wp:term":[{"taxonomy":"category","embeddable":true,"href":"https:\/\/www.europesays.com\/lv\/wp-json\/wp\/v2\/categories?post=24652"},{"taxonomy":"post_tag","embeddable":true,"href":"https:\/\/www.europesays.com\/lv\/wp-json\/wp\/v2\/tags?post=24652"}],"curies":[{"name":"wp","href":"https:\/\/api.w.org\/{rel}","templated":true}]}}