{"id":24666,"date":"2025-10-19T01:23:18","date_gmt":"2025-10-19T01:23:18","guid":{"rendered":"https:\/\/www.europesays.com\/lv\/24666\/"},"modified":"2025-10-19T01:23:18","modified_gmt":"2025-10-19T01:23:18","slug":"foto-dainis-grube-un-marcis-auzins-atklaj-ka-parsteigusi-mazpilsetas-bukmeikerus-klustot-par-cilvekiem","status":"publish","type":"post","link":"https:\/\/www.europesays.com\/lv\/24666\/","title":{"rendered":"FOTO | Dainis Gr\u016bbe un\u00a0M\u0101rcis Auzi\u0146\u0161\u00a0atkl\u0101j, k\u0101 p\u0101rsteigu\u0161i\u00a0\u00abmazpils\u0113tas bukmeikerus\u00bb, k\u013c\u016bstot\u00a0par cilv\u0113kiem"},"content":{"rendered":"<p>Foto:\u00a0J\u0101nis Deinats<\/p>\n<p style=\"text-align: justify;\">M\u016bzikas nam\u0101 \u201cDaile\u201d\u2019 \u0161oned\u0113\u013c\u00a0norisin\u0101jusies\u00a0pirmizr\u0101de muzik\u0101li izklaid\u0113jo\u0161ajam st\u0101stam ar detekt\u012bva elementiem \u00a0\u2013 \u201cB\u012bstam\u0101 zona | Dainis Gr\u016bbe un M\u0101rcis Auzi\u0146\u0161\u201d.<\/p>\n<p style=\"text-align: justify;\">Divi b\u0113rn\u012bbas draugi \u2013 aktieris Dainis Gr\u016bbe un \u0123it\u0101rists M\u0101rcis Auzi\u0146\u0161 \u2013 satik\u0101s uz vienas skatuves, lai ar humoru, pa\u0161ironiju un muzik\u0101lu temperamentu dal\u012btos sav\u0101s jaun\u012bbas atmi\u0146\u0101s un p\u0101rdom\u0101s par pieaug\u0161anu. Abi reiz biju\u0161i pui\u0161i, par kuriem skol\u0101 teica: \u201cNo \u0161iem jau nu gan cilv\u0113ki nesan\u0101ks.\u201d Tagad vi\u0146i ir k\u013cuvu\u0161i par veiksm\u012bgiem \u010detrdesmitgadniekiem ar \u0123imen\u0113m, karjer\u0101m un muguras s\u0101p\u0113m, un izr\u0101d\u0113 mekl\u0113 atbildi uz jaut\u0101jumu \u2013 k\u0101 vi\u0146iem izdev\u0101s pozit\u012bvi p\u0101rsteigt visus \u201cmazpils\u0113tas bukmeikerus\u201d un tom\u0113r k\u013c\u016bt par cilv\u0113kiem.<\/p>\n<blockquote>\n<p style=\"text-align: center;\">Izr\u0101de ir ce\u013cojums atpaka\u013c uz 90. gadu Latviju \u2013 laiku, kad dz\u012bvi v\u0113l neapguva ekr\u0101nos, \u201cWhatsApp\u201d\u00a0eksist\u0113ja tikai uz pieturas sienas, bet meitenes satika nevis \u201cTinder\u012b\u201d, bet diskot\u0113kas tums\u0101. St\u0101sts atdz\u012bvojas ar spilgtiem t\u0113liem \u2013 no Pilzenes alus dzer\u0161anas kop\u0101 ar Blaumani l\u012bdz kaimi\u0146am, kur\u0161 smar\u017eo p\u0113c svaigi izdzerta odekolona.<\/p>\n<\/blockquote>\n<p style=\"text-align: justify;\">\u201cB\u012bstam\u0101 zona\u201d ir muzik\u0101li teatr\u0101ls st\u0101sts par pieaug\u0161anu, draudz\u012bbu un sevis atkl\u0101\u0161anu \u2013 ar devu humora, nostal\u0123ijas un pa\u0161ironijas, kas aizkustina gan sirdi, gan smieklu musku\u013cus, atkl\u0101j izt\u0101des veidot\u0101ji.<\/p>\n<p style=\"text-align: justify;\">Lasiet ar\u012b:\u00a0<\/p>\n<p style=\"text-align: justify;\"><a href=\"https:\/\/ritakafija.lv\/2025\/10\/16\/ta-nebija-klasiska-iemilesanas-erksku-sova-dalibniece-atklaj-savas-jutas-pret-kempera-soferi\/\" target=\"_blank\" rel=\"noopener nofollow\">\u00abT\u0101 nebija klasiska iem\u012bl\u0113\u0161an\u0101s,\u00bb \u2013 \u0112rk\u0161\u0137u \u0161ova dal\u012bbniece atkl\u0101j savas j\u016btas pret kempera \u0161oferi<\/a><\/p>\n<p style=\"text-align: justify;\"><a style=\"color: #800000;\" href=\"https:\/\/ritakafija.lv\/2025\/10\/17\/sis-ir-kars-par-dzivibu-nogalinato-sunu-saimnieks-sola-nepadoties-un-pateicas-atbalstitajiem\/\" target=\"_blank\" rel=\"noopener nofollow\">\u00ab\u0160is ir kar\u0161 par dz\u012bv\u012bbu,\u00bb \u2013 nogalin\u0101to su\u0146u saimnieks sola nepadoties un pateicas atbalst\u012bt\u0101jiem<\/a><\/p>\n<p style=\"text-align: justify;\"><a style=\"color: #800000;\" href=\"https:\/\/ritakafija.lv\/2025\/10\/16\/visus-izsauc-uz-nopratinasanu-advokate-atklaj-jaunako-timmas-tragiskas-naves-izmeklesana\/\" target=\"_blank\" rel=\"noopener nofollow\">\u00abVisus izsauc uz nopratin\u0101\u0161anu,\u00bb \u2013 advok\u0101te atkl\u0101j jaun\u0101ko Timmas tra\u0123isk\u0101s n\u0101ves izmekl\u0113\u0161an\u0101<\/a><\/p>\n<p style=\"text-align: justify;\"><a style=\"color: #800000;\" href=\"https:\/\/ritakafija.lv\/2025\/10\/16\/cetras-zodiaka-zimes-stav-uz-liktenigu-parmainu-slieksna-jau-driz-gaidams-specigs-izraviens\/\" target=\"_blank\" rel=\"noopener nofollow\">\u010cetras zodiaka z\u012bmes st\u0101v uz likten\u012bgu p\u0101rmai\u0146u sliek\u0161\u0146a: jau dr\u012bz gaid\u0101ms sp\u0113c\u012bgs izr\u0101viens<\/a><\/p>\n<p style=\"text-align: justify;\"><a style=\"color: #800000;\" href=\"https:\/\/ritakafija.lv\/2025\/10\/16\/prom-no-popa-samanta-tina-laidusi-klaja-lidz-sim-muzikali-neparastako-albumu\/\" target=\"_blank\" rel=\"noopener nofollow\">Prom no popa \u2013 Samanta T\u012bna laidusi klaj\u0101 l\u012bdz \u0161im muzik\u0101li neparast\u0101ko albumu<\/a><\/p>\n<p style=\"text-align: justify;\"><a style=\"color: #800000;\" href=\"https:\/\/ritakafija.lv\/2025\/10\/16\/astonas-pasmaju-slavenibas-dodas-pargajiena-uz-vienu-no-planetas-ekstremakajam-vietam\/\" target=\"_blank\" rel=\"noopener nofollow\">Asto\u0146as pa\u0161m\u0101ju slaven\u012bbas dodas p\u0101rg\u0101jien\u0101 uz vienu no plan\u0113tas ekstr\u0113m\u0101kaj\u0101m viet\u0101m<\/a><\/p>\n","protected":false},"excerpt":{"rendered":"Foto:\u00a0J\u0101nis Deinats M\u016bzikas nam\u0101 \u201cDaile\u201d\u2019 \u0161oned\u0113\u013c\u00a0norisin\u0101jusies\u00a0pirmizr\u0101de muzik\u0101li izklaid\u0113jo\u0161ajam st\u0101stam ar detekt\u012bva elementiem \u00a0\u2013 \u201cB\u012bstam\u0101 zona | Dainis Gr\u016bbe&hellip;\n","protected":false},"author":2,"featured_media":24667,"comment_status":"","ping_status":"","sticky":false,"template":"","format":"standard","meta":{"footnotes":""},"categories":[5],"tags":[7667,1267,23,28,29,7305,32,33,7206,22,7668,30,31,35,39,38,36,37,34,40,2604,20,26,27,24,25,21],"class_list":{"0":"post-24666","1":"post","2":"type-post","3":"status-publish","4":"format-standard","5":"has-post-thumbnail","7":"category-aktualitates","8":"tag-bistama-zona-dainis-grube-un-marcis-auzins","9":"tag-aktieris","10":"tag-aktualitates","11":"tag-breaking-news","12":"tag-breakingnews","13":"tag-dainis-grube","14":"tag-featured-news","15":"tag-featurednews","16":"tag-gitarists","17":"tag-headlines","18":"tag-izrade","19":"tag-latest-news","20":"tag-latestnews","21":"tag-latvia","22":"tag-latvian","23":"tag-latviesu","24":"tag-latviesu-valoda","25":"tag-latviesuvaloda","26":"tag-latvija","27":"tag-lv","28":"tag-marcis-auzins","29":"tag-news","30":"tag-popularakas-zinas","31":"tag-popularakaszinas","32":"tag-top-stories","33":"tag-topstories","34":"tag-zinas"},"share_on_mastodon":{"url":"","error":""},"_links":{"self":[{"href":"https:\/\/www.europesays.com\/lv\/wp-json\/wp\/v2\/posts\/24666","targetHints":{"allow":["GET"]}}],"collection":[{"href":"https:\/\/www.europesays.com\/lv\/wp-json\/wp\/v2\/posts"}],"about":[{"href":"https:\/\/www.europesays.com\/lv\/wp-json\/wp\/v2\/types\/post"}],"author":[{"embeddable":true,"href":"https:\/\/www.europesays.com\/lv\/wp-json\/wp\/v2\/users\/2"}],"replies":[{"embeddable":true,"href":"https:\/\/www.europesays.com\/lv\/wp-json\/wp\/v2\/comments?post=24666"}],"version-history":[{"count":0,"href":"https:\/\/www.europesays.com\/lv\/wp-json\/wp\/v2\/posts\/24666\/revisions"}],"wp:featuredmedia":[{"embeddable":true,"href":"https:\/\/www.europesays.com\/lv\/wp-json\/wp\/v2\/media\/24667"}],"wp:attachment":[{"href":"https:\/\/www.europesays.com\/lv\/wp-json\/wp\/v2\/media?parent=24666"}],"wp:term":[{"taxonomy":"category","embeddable":true,"href":"https:\/\/www.europesays.com\/lv\/wp-json\/wp\/v2\/categories?post=24666"},{"taxonomy":"post_tag","embeddable":true,"href":"https:\/\/www.europesays.com\/lv\/wp-json\/wp\/v2\/tags?post=24666"}],"curies":[{"name":"wp","href":"https:\/\/api.w.org\/{rel}","templated":true}]}}