{"id":24670,"date":"2025-10-19T01:36:07","date_gmt":"2025-10-19T01:36:07","guid":{"rendered":"https:\/\/www.europesays.com\/lv\/24670\/"},"modified":"2025-10-19T01:36:07","modified_gmt":"2025-10-19T01:36:07","slug":"nobela-premijas-laureats-laszlo-krasznahorkai-veselibas-problemu-del-atsakas-no-dalibas-portugales-literaturas-festivala-lente-lv","status":"publish","type":"post","link":"https:\/\/www.europesays.com\/lv\/24670\/","title":{"rendered":"Nobela pr\u0113mijas laure\u0101ts L\u00e1szl\u00f3 Krasznahorkai vesel\u012bbas probl\u0113mu d\u0113\u013c atsak\u0101s no dal\u012bbas Portug\u0101les literat\u016bras festiv\u0101l\u0101\u00a0\u2014\u00a0Lente.lv"},"content":{"rendered":"<p>Nobel laure\u0101ts Krasznahorkai vesel\u012bbas d\u0113\u013c pamet Portug\u0101les festiv\u0101lu<\/p>\n<p>Neskatoties uz neseno godin\u0101\u0161anu ar Nobela pr\u0113miju literat\u016br\u0101, Ung\u0101rijas rakstnieks L\u00e1szl\u00f3 Krasznahorkai ir spiests atsaukt savu dal\u012bbu F\u00f3lio 2025 literat\u016bras festiv\u0101l\u0101 Portug\u0101l\u0113. Iemesls ir neparedz\u0113tas vesel\u012bbas probl\u0113mas, kas piepras\u012bju\u0161as t\u016bl\u012bt\u0113ju uzman\u012bbu. \u0160is notikums bija gaid\u012bts k\u0101 viena no pirmaj\u0101m publiskaj\u0101m Krasznahorkai par\u0101d\u012b\u0161an\u0101m p\u0113c Nobela pr\u0113mijas pasnieg\u0161anas.<\/p>\n<p>Neparedz\u0113ts izst\u0101\u0161an\u0101s no F\u00f3lio 2025<\/p>\n<p>Organizatori pazi\u0146oju\u0161i, ka Krasznahorkai izdev\u0101s pamest Obid\u016bzas pils\u0113ti\u0146u Portug\u0101l\u0113, jo vi\u0146a izdev\u0113js inform\u0113jis par nepiecie\u0161am\u012bbu nekav\u0113joties v\u0113rsties p\u0113c medic\u012bnisk\u0101s pal\u012bdz\u012bbas. Tas noz\u012bm\u0113, ka rakstnieks nevar\u0113s piedal\u012bties pas\u0101kumos un mediju tik\u0161an\u0101s, kurus vi\u0146\u0161 \u013coti gaid\u012bjis. Krasznahorkai jau iepriek\u0161 nepiedal\u012bj\u0101s Frankfurtes gr\u0101matu tirgus atkl\u0101\u0161an\u0101 agr\u0101k \u0161oned\u0113\u013c, padarot vi\u0146a dal\u012bbu Obid\u016bz\u0101 par v\u0113l jo vair\u0101k gaid\u012btu.<\/p>\n<p>Rakstnieka darba neatk\u0101rtojam\u012bba un Nobela atzin\u012bba<\/p>\n<p>71 gadu vecais autors, kura dai\u013cradei rakstur\u012bgs sirre\u0101lisms un anarhija, apvienojot dr\u016bmu pasaules skat\u012bjumu ar asumam pilnu humoru, sa\u0146\u0113ma Nobela pr\u0113miju literat\u016br\u0101 9. oktobr\u012b. Zviedru akad\u0113mijas \u017e\u016brija vi\u0146u godin\u0101ja par darbiem, kas apliecina m\u0101kslas sp\u0113ku \u201capokaliptiska terora laikmet\u0101\u201d. Krasznahorkai tiek raksturots k\u0101 \u201clielisks episkais rakstnieks\u201d, kura darbiem piem\u012bt absurda un groteska p\u0101rm\u0113r\u012bba. Vi\u0146a rom\u0101ni, kas da\u017ek\u0101rt sast\u0101v no vienas garas teikuma rindas, spilgti atspogu\u013co laikmeta dv\u0113seles st\u0101vokli. K\u0101 piem\u0113ru var min\u0113t vi\u0146a jaun\u0101ko gr\u0101matu \u201cHerscht 07769\u201d, kas ir politisk\u0101 ekstr\u0113misma sat\u012bra caur varo\u0146a pieredzi.<\/p>\n<p>Gaid\u012bt\u0101 tik\u0161an\u0101s un emocion\u0101l\u0101 reakcija<\/p>\n<p>Krasznahorkai bija paredz\u0113ts piedal\u012bties diskusij\u0101 par \u201cn\u0101vi\u201d festiv\u0101la p\u0113d\u0113j\u0101 dien\u0101, kop\u0101 ar rakstniekiem Lionel Shriver un Rui Cardoso Martins. \u0160\u012b tik\u0161an\u0101s bija \u012bpa\u0161i gaid\u012bta. Sa\u0146emot zi\u0146u par Nobela pr\u0113miju, kas ietver ar\u012b miljona dol\u0101ru naudas balvu, rakstnieks izteic\u0101s, ka j\u016btas \u201cmier\u012bgs un nervozs\u201d. Vi\u0146\u0161 piebilda: \u201c\u0160\u012b ir pirm\u0101 diena man\u0101 dz\u012bv\u0113, kad esmu sa\u0146\u0113mis Nobela pr\u0113miju. Es nezinu, ko man sag\u0101d\u0101s n\u0101kotne.\u201d Vi\u0146a l\u012bdz\u012bba ar citiem slaveniem laure\u0101tiem, piem\u0113ram, Imre Kert\u00e9sz, Ernests Hemingvejs un Tonija Morrisona, nor\u0101da uz vi\u0146a noz\u012bm\u012bgo vietu pasaules literat\u016br\u0101.<\/p>\n","protected":false},"excerpt":{"rendered":"Nobel laure\u0101ts Krasznahorkai vesel\u012bbas d\u0113\u013c pamet Portug\u0101les festiv\u0101lu Neskatoties uz neseno godin\u0101\u0161anu ar Nobela pr\u0113miju literat\u016br\u0101, Ung\u0101rijas rakstnieks&hellip;\n","protected":false},"author":2,"featured_media":24671,"comment_status":"","ping_status":"","sticky":false,"template":"","format":"standard","meta":{"footnotes":""},"categories":[19],"tags":[89,7675,90,7674,35,39,38,36,37,34,40,5946,7676,3089],"class_list":{"0":"post-24670","1":"post","2":"type-post","3":"status-publish","4":"format-standard","5":"has-post-thumbnail","7":"category-izklaide","8":"tag-entertainment","9":"tag-folio-2025","10":"tag-izklaide","11":"tag-laszlo-krasznahorkai","12":"tag-latvia","13":"tag-latvian","14":"tag-latviesu","15":"tag-latviesu-valoda","16":"tag-latviesuvaloda","17":"tag-latvija","18":"tag-lv","19":"tag-nobela-premija-literatura","20":"tag-portugales-literaturas-festivals","21":"tag-veselibas-problemas"},"share_on_mastodon":{"url":"","error":""},"_links":{"self":[{"href":"https:\/\/www.europesays.com\/lv\/wp-json\/wp\/v2\/posts\/24670","targetHints":{"allow":["GET"]}}],"collection":[{"href":"https:\/\/www.europesays.com\/lv\/wp-json\/wp\/v2\/posts"}],"about":[{"href":"https:\/\/www.europesays.com\/lv\/wp-json\/wp\/v2\/types\/post"}],"author":[{"embeddable":true,"href":"https:\/\/www.europesays.com\/lv\/wp-json\/wp\/v2\/users\/2"}],"replies":[{"embeddable":true,"href":"https:\/\/www.europesays.com\/lv\/wp-json\/wp\/v2\/comments?post=24670"}],"version-history":[{"count":0,"href":"https:\/\/www.europesays.com\/lv\/wp-json\/wp\/v2\/posts\/24670\/revisions"}],"wp:featuredmedia":[{"embeddable":true,"href":"https:\/\/www.europesays.com\/lv\/wp-json\/wp\/v2\/media\/24671"}],"wp:attachment":[{"href":"https:\/\/www.europesays.com\/lv\/wp-json\/wp\/v2\/media?parent=24670"}],"wp:term":[{"taxonomy":"category","embeddable":true,"href":"https:\/\/www.europesays.com\/lv\/wp-json\/wp\/v2\/categories?post=24670"},{"taxonomy":"post_tag","embeddable":true,"href":"https:\/\/www.europesays.com\/lv\/wp-json\/wp\/v2\/tags?post=24670"}],"curies":[{"name":"wp","href":"https:\/\/api.w.org\/{rel}","templated":true}]}}