{"id":24674,"date":"2025-10-19T01:41:04","date_gmt":"2025-10-19T01:41:04","guid":{"rendered":"https:\/\/www.europesays.com\/lv\/24674\/"},"modified":"2025-10-19T01:41:04","modified_gmt":"2025-10-19T01:41:04","slug":"ambiciozi-plani-pieaugosais-parads-un-drosibas-stiprinasana-lente-lv","status":"publish","type":"post","link":"https:\/\/www.europesays.com\/lv\/24674\/","title":{"rendered":"Ambiciozi pl\u0101ni, pieaugo\u0161ais par\u0101ds un dro\u0161\u012bbas stiprin\u0101\u0161ana\u00a0\u2014\u00a0Lente.lv"},"content":{"rendered":"<p>Latvijas 2026. gada bud\u017eets: Ambiciozi pl\u0101ni un pieaugo\u0161ais par\u0101ds<\/p>\n<p>Vald\u012bba ir devusi za\u013co gaismu 2026. gada valsts bud\u017eetam, kas paredz iev\u0113rojamus izdevumus un ie\u0146\u0113mumus, vienlaikus aktualiz\u0113jot jaut\u0101jumu par valsts par\u0101da pieaugumu. Lai gan bud\u017eeta projekts tiek raksturots k\u0101 solis uz priek\u0161u, \u012bpa\u0161i aizsardz\u012bbas un dro\u0161\u012bbas stiprin\u0101\u0161an\u0101, ekonomisti un fisk\u0101l\u0101s discipl\u012bnas uzraugi nor\u0101da uz iesp\u0113jamiem ilgtermi\u0146a riskiem, ko rada pieaugo\u0161\u0101 par\u0101dsaist\u012bbu nasta.<\/p>\n<p>Bud\u017eeta r\u0101d\u012bt\u0101ji un priorit\u0101tes<\/p>\n<p>Saska\u0146\u0101 ar apstiprin\u0101to projektu, 2026. gada konsolid\u0113t\u0101 kopbud\u017eeta ie\u0146\u0113mumi pl\u0101noti 16,064 miljardu eiro apm\u0113r\u0101, savuk\u0101rt izdevumi sasniegs 17,945 miljardus eiro. Sal\u012bdzinot ar iepriek\u0161\u0113jo gadu, ie\u0146\u0113mumu pieaugums paredz\u0113ts strauj\u0101ks nek\u0101 izdevumu pieaugums \u2013 ie\u0146\u0113mumi palielin\u0101sies par 944,6 miljoniem eiro, bet izdevumi par 804,3 miljoniem eiro. \u0160\u0101da dinamika da\u013c\u0113ji skaidrojama ar piesardz\u012bg\u0101m makroekonomiskaj\u0101m prognoz\u0113m, kas paredz m\u0113renu ekonomikas izaugsmi un infl\u0101cijas samazin\u0101\u0161anos.<\/p>\n<p>Galven\u0101s bud\u017eeta priorit\u0101tes 2026. gadam ir dro\u0161\u012bba, atbalsts \u0123imen\u0113m ar b\u0113rniem un izgl\u012bt\u012bba. Aizsardz\u012bbai un dro\u0161\u012bbai kopum\u0101 paredz\u0113ti 448,3 miljoni eiro, kas \u013caus aizsardz\u012bbas izdevumiem sasniegt gandr\u012bz 5% no IKP. Tas ir b\u016btisks solis, lai stiprin\u0101tu Nacion\u0101lo bru\u0146oto sp\u0113ku kaujas sp\u0113jas, ieg\u0101d\u0101tos ekip\u0113jumu un nodro\u0161in\u0101tu apm\u0101c\u012bbas. \u0160iem m\u0113r\u0137iem tiek izmantota ar\u012b Eiropas Savien\u012bbas valstu iz\u0146\u0113muma klauzula aizsardz\u012bbas izdevumiem, kas \u013cauj \u012bslaic\u012bgi p\u0101rsniegt noteiktus fisk\u0101los r\u0101d\u012bt\u0101jus.<\/p>\n<p>Valsts par\u0101ds \u2013 augo\u0161s izaicin\u0101jums<\/p>\n<p>Neskatoties uz ambiciozajiem pl\u0101niem un priorit\u0101ro jomu finans\u0113\u0161anu, pieaugo\u0161ais valsts par\u0101ds rada ba\u017eas. Fisk\u0101l\u0101s discipl\u012bnas padome nor\u0101da, ka papildu finans\u0113jums aizsardz\u012bbai liel\u0101 m\u0113r\u0101 atrasts uz valsts par\u0101da pieauguma r\u0113\u0137ina, nevis samazinot citus bud\u017eeta izdevumus. Lai gan Latvijas valsts par\u0101ds prognoz\u0113ts zem 55% no IKP, kas ir zem Eiropas Savien\u012bbas noteikt\u0101 60% griestu l\u012bme\u0146a, ekonomisti pau\u017e satraukumu par \u0161\u012bs tendences ilgtsp\u0113ju. Tiek prognoz\u0113ts, ka par\u0101da apkalpo\u0161anas izdevumi turpin\u0101s pieaugt, radot spiedienu uz bud\u017eeta iesp\u0113j\u0101m cit\u0101s nozar\u0113s.<\/p>\n<p>Da\u017ei ekonomisti, piem\u0113ram, K\u0101rlis Purgailis no \u201cCitadeles\u201d, uzsver, ka \u0161is bud\u017eets rada nopietnus ilgtsp\u0113jas riskus n\u0101kotn\u0113. Vi\u0146\u0161 nor\u0101da, ka, ja ekonomikas izaugsme b\u016bs l\u0113n\u0101ka nek\u0101 gaid\u012bts, Latvijai var\u0113tu rasties p\u0101rm\u0113r\u012bgs par\u0101da slogs. Turkl\u0101t, ja finan\u0161u tirgus s\u0101ks negat\u012bv\u0101k v\u0113rt\u0113t Latvijas kred\u012btrisku, par\u0101da apkalpo\u0161ana var k\u013c\u016bt \u013coti d\u0101rga.<\/p>\n<p>Valsts kase pl\u0101no 2026. gad\u0101 aiz\u0146emties 3,8 miljardus eiro starptautiskajos finan\u0161u tirgos, lai segtu par\u0101da atmaksu, bud\u017eeta defic\u012btu un nodro\u0161in\u0101tu rezerves. \u0160ie l\u012bdzek\u013ci ir b\u016btiski, jo katru gadu aptuveni 2 miljardi eiro tiek novirz\u012bti eso\u0161\u0101 par\u0101da apkalpo\u0161anai.<\/p>\n<p>Kriti\u0137u un atbalst\u012bt\u0101ju viedok\u013ci<\/p>\n<p>Lai gan vald\u012bba ir apmierin\u0101ta ar bud\u017eeta projektu, kritika n\u0101k no da\u017e\u0101d\u0101m pus\u0113m. Latvijas Darba dev\u0113ju konfeder\u0101cija (LDDK) uzskata, ka taup\u012bbas pas\u0101kumi nav biju\u0161i pietiekami un bud\u017eets nav pietiekami v\u0113rsts uz ekonomisko att\u012bst\u012bbu, vair\u0101k pa\u013caujoties uz Eiropas Savien\u012bbas un Atvese\u013co\u0161an\u0101s fonda invest\u012bcij\u0101m. Da\u017ei opoz\u012bcijas deput\u0101ti parlament\u0101 kritiz\u0113 vald\u012bbu par to, ka sol\u012btie ietaup\u012bjumi nav atrasti, bet valsts par\u0101ds turpina augt, kas n\u0101kotn\u0113 ietekm\u0113s iedz\u012bvot\u0101ju labkl\u0101j\u012bbu.<\/p>\n<p>Savuk\u0101rt Finan\u0161u ministrija uzsver, ka bud\u017eets ir izstr\u0101d\u0101ts atbilsto\u0161i Eiropas Savien\u012bbas un nacion\u0101laj\u0101m fisk\u0101l\u0101s discipl\u012bnas norm\u0101m, un tas nodro\u0161ina finans\u0113jumu svar\u012bg\u0101kaj\u0101m priorit\u0101t\u0113m, vienlaikus cen\u0161oties samazin\u0101t izdevumus cit\u0101s jom\u0101s. Piem\u0113ram, pl\u0101noti izdevumu samazin\u0101jumi vair\u0101k\u0101s ministrij\u0101s, tai skait\u0101 Finan\u0161u ministrij\u0101, Tieslietu ministrij\u0101 un cit\u0101s.<\/p>\n<p>Ir svar\u012bgi atz\u012bm\u0113t, ka, lai gan kop\u0113jie izdevumi tiek samazin\u0101ti, tiek palielin\u0101ts finans\u0113jums aizsardz\u012bbai un dro\u0161\u012bbai, kas ir svar\u012bgi m\u016bsdienu \u0123eopolitiskaj\u0101 situ\u0101cij\u0101. Vienlaikus papildu l\u012bdzek\u013ci tiek pie\u0161\u0137irti ar\u012b izgl\u012bt\u012bbas un soci\u0101l\u0101s jomas pas\u0101kumiem, piem\u0113ram, jaunas pedagogu darba samaksas mode\u013ca \u201cProgramma skol\u0101\u201d ievie\u0161anai un paliat\u012bv\u0101s apr\u016bpes papla\u0161in\u0101\u0161anai.<\/p>\n<p>N\u0101kotnes perspekt\u012bvas<\/p>\n<p>2026. gada bud\u017eeta projekts atspogu\u013co vald\u012bbas centienus sabalans\u0113t nepiecie\u0161am\u012bbu stiprin\u0101t valsts dro\u0161\u012bbu ar fisk\u0101l\u0101s atbild\u012bbas principiem. Lai gan priorit\u0101rie pas\u0101kumi sa\u0146em papildu finans\u0113jumu, ilgtermi\u0146\u0101 svar\u012bgi b\u016bs r\u016bp\u012bgi sekot l\u012bdzi valsts par\u0101da dinamikai un mekl\u0113t iesp\u0113jas efekt\u012bv\u0101kai izdevumu p\u0101rvald\u012bbai. Ekonomisk\u0101 izaugsme, efekt\u012bva ES fondu apguve un struktur\u0101l\u0101s reformas var\u0113tu pal\u012bdz\u0113t mazin\u0101t par\u0101da slogu un nodro\u0161in\u0101t ilgtsp\u0113j\u012bgu valsts att\u012bst\u012bbu.<\/p>\n","protected":false},"excerpt":{"rendered":"Latvijas 2026. gada bud\u017eets: Ambiciozi pl\u0101ni un pieaugo\u0161ais par\u0101ds Vald\u012bba ir devusi za\u013co gaismu 2026. gada valsts bud\u017eetam,&hellip;\n","protected":false},"author":2,"featured_media":24675,"comment_status":"","ping_status":"","sticky":false,"template":"","format":"standard","meta":{"footnotes":""},"categories":[5],"tags":[7679,23,28,29,32,33,7678,22,30,31,35,39,38,36,37,34,6160,1045,40,20,26,27,24,25,2826,21],"class_list":{"0":"post-24674","1":"post","2":"type-post","3":"status-publish","4":"format-standard","5":"has-post-thumbnail","7":"category-aktualitates","8":"tag-aizsardzibas-budzets","9":"tag-aktualitates","10":"tag-breaking-news","11":"tag-breakingnews","12":"tag-featured-news","13":"tag-featurednews","14":"tag-fiskala-politika","15":"tag-headlines","16":"tag-latest-news","17":"tag-latestnews","18":"tag-latvia","19":"tag-latvian","20":"tag-latviesu","21":"tag-latviesu-valoda","22":"tag-latviesuvaloda","23":"tag-latvija","24":"tag-latvijas-budzets-2026","25":"tag-latvijas-ekonomika","26":"tag-lv","27":"tag-news","28":"tag-popularakas-zinas","29":"tag-popularakaszinas","30":"tag-top-stories","31":"tag-topstories","32":"tag-valsts-parads","33":"tag-zinas"},"share_on_mastodon":{"url":"","error":""},"_links":{"self":[{"href":"https:\/\/www.europesays.com\/lv\/wp-json\/wp\/v2\/posts\/24674","targetHints":{"allow":["GET"]}}],"collection":[{"href":"https:\/\/www.europesays.com\/lv\/wp-json\/wp\/v2\/posts"}],"about":[{"href":"https:\/\/www.europesays.com\/lv\/wp-json\/wp\/v2\/types\/post"}],"author":[{"embeddable":true,"href":"https:\/\/www.europesays.com\/lv\/wp-json\/wp\/v2\/users\/2"}],"replies":[{"embeddable":true,"href":"https:\/\/www.europesays.com\/lv\/wp-json\/wp\/v2\/comments?post=24674"}],"version-history":[{"count":0,"href":"https:\/\/www.europesays.com\/lv\/wp-json\/wp\/v2\/posts\/24674\/revisions"}],"wp:featuredmedia":[{"embeddable":true,"href":"https:\/\/www.europesays.com\/lv\/wp-json\/wp\/v2\/media\/24675"}],"wp:attachment":[{"href":"https:\/\/www.europesays.com\/lv\/wp-json\/wp\/v2\/media?parent=24674"}],"wp:term":[{"taxonomy":"category","embeddable":true,"href":"https:\/\/www.europesays.com\/lv\/wp-json\/wp\/v2\/categories?post=24674"},{"taxonomy":"post_tag","embeddable":true,"href":"https:\/\/www.europesays.com\/lv\/wp-json\/wp\/v2\/tags?post=24674"}],"curies":[{"name":"wp","href":"https:\/\/api.w.org\/{rel}","templated":true}]}}