{"id":24678,"date":"2025-10-19T01:53:11","date_gmt":"2025-10-19T01:53:11","guid":{"rendered":"https:\/\/www.europesays.com\/lv\/24678\/"},"modified":"2025-10-19T01:53:11","modified_gmt":"2025-10-19T01:53:11","slug":"rigas-pasvaldiba-versisies-lai-atrak-norisinatos-rigas-natalijas-draudzinas-vidusskolas-direktora-novertesana","status":"publish","type":"post","link":"https:\/\/www.europesays.com\/lv\/24678\/","title":{"rendered":"R\u012bgas pa\u0161vald\u012bba v\u0113rs\u012bsies, lai \u0101tr\u0101k norisin\u0101tos R\u012bgas Nat\u0101lijas Draudzi\u0146as vidusskolas direktora nov\u0113rt\u0113\u0161ana"},"content":{"rendered":"<p>Atbilsto\u0161i normat\u012bvu pras\u012bb\u0101m skolu direktoru darba nov\u0113rt\u0113\u0161ana notiek reizi divos gados, savuk\u0101rt \u0161aj\u0101 gad\u012bjum\u0101 p\u0101rbaudi <a href=\"https:\/\/www.apollo.lv\/term\/793889\/pasvaldiba\" class=\"topicLink\" target=\"_blank\" rel=\"nofollow noopener\">pa\u0161vald\u012bba<\/a> l\u016bdz veikt \u0101tr\u0101k, lai objekt\u012bvi izv\u0113rt\u0113tu direktora profesion\u0101lo darb\u012bbu un nodro\u0161in\u0101tu skolas darba kvalit\u0101ti.<\/p>\n<p>Bul\u0101ne skaidro, ka \u0161\u0101ds l\u0113mums pie\u0146emts, \u0146emot v\u0113r\u0101 publiskaj\u0101 telp\u0101 izskan\u0113ju\u0161o inform\u0101ciju par situ\u0101ciju skol\u0101, bet pla\u0161\u0101kus skaidrojumus nesniedz.<\/p>\n<p>Latvijas Radio aizvad\u012btaj\u0101 ned\u0113\u013c\u0101 v\u0113st\u012bja, ka b\u016bdami neapmierin\u0101ti ar haotisko un netaisn\u012bgo vad\u012bbas stilu, gada laik\u0101 no darba vidusskol\u0101 aizg\u0101ju\u0161i vismaz 20 skolot\u0101ji.<\/p>\n<p>Skolas pedagogi un skol\u0113ni Latvijas Radio st\u0101st\u012bja, ka pedagogu tr\u016bkuma d\u0113\u013c da\u013ca stundu ilgsto\u0161i nenotiek. Interv\u0113tie ar\u012b atkl\u0101ja, ka probl\u0113mas skol\u0101 s\u0101ku\u0161\u0101s 2024. gada august\u0101, kad par skolas direktoru k\u013cuvis Z\u0101\u0123eris. Direktoram p\u0101rmesta nesp\u0113ja sastr\u0101d\u0101ties ar pedagogiem un organiz\u0113t skolas darbu, k\u0101 ar\u012b netaisn\u012bga attieksme, bet vi\u0146a vietniekam &#8211; rupj\u012bba.<\/p>\n<p>Latvijas Radio k\u0101da pedago\u0123e, kura v\u0113l str\u0101d\u0101 \u0161aj\u0101 skol\u0101, v\u0113st\u012bja, ka neapmierin\u0101tie s\u016bdz\u0113ju\u0161ies par izgl\u012bt\u012bbu atbild\u012bgaj\u0101m R\u012bgas pa\u0161vald\u012bbas amatperson\u0101m, tom\u0113r neesot izdevies pan\u0101kt situ\u0101cijas mai\u0146u.<\/p>\n<p>Latvijas Radio l\u016bdza direktoram skaidrot situ\u0101ciju, tom\u0113r Z\u0101\u0123eris no sarunas vair\u0101kk\u0101rt izvair\u012bj\u0101s.<\/p>\n","protected":false},"excerpt":{"rendered":"Atbilsto\u0161i normat\u012bvu pras\u012bb\u0101m skolu direktoru darba nov\u0113rt\u0113\u0161ana notiek reizi divos gados, savuk\u0101rt \u0161aj\u0101 gad\u012bjum\u0101 p\u0101rbaudi pa\u0161vald\u012bba l\u016bdz veikt&hellip;\n","protected":false},"author":2,"featured_media":24679,"comment_status":"","ping_status":"","sticky":false,"template":"","format":"standard","meta":{"footnotes":""},"categories":[5],"tags":[23,28,29,7686,32,33,22,30,31,35,39,38,36,37,34,40,20,794,26,27,7685,24,25,21],"class_list":{"0":"post-24678","1":"post","2":"type-post","3":"status-publish","4":"format-standard","5":"has-post-thumbnail","7":"category-aktualitates","8":"tag-aktualitates","9":"tag-breaking-news","10":"tag-breakingnews","11":"tag-direktors","12":"tag-featured-news","13":"tag-featurednews","14":"tag-headlines","15":"tag-latest-news","16":"tag-latestnews","17":"tag-latvia","18":"tag-latvian","19":"tag-latviesu","20":"tag-latviesu-valoda","21":"tag-latviesuvaloda","22":"tag-latvija","23":"tag-lv","24":"tag-news","25":"tag-pasvaldiba","26":"tag-popularakas-zinas","27":"tag-popularakaszinas","28":"tag-rigas-natalijas-draudzinas-vidusskola","29":"tag-top-stories","30":"tag-topstories","31":"tag-zinas"},"share_on_mastodon":{"url":"","error":""},"_links":{"self":[{"href":"https:\/\/www.europesays.com\/lv\/wp-json\/wp\/v2\/posts\/24678","targetHints":{"allow":["GET"]}}],"collection":[{"href":"https:\/\/www.europesays.com\/lv\/wp-json\/wp\/v2\/posts"}],"about":[{"href":"https:\/\/www.europesays.com\/lv\/wp-json\/wp\/v2\/types\/post"}],"author":[{"embeddable":true,"href":"https:\/\/www.europesays.com\/lv\/wp-json\/wp\/v2\/users\/2"}],"replies":[{"embeddable":true,"href":"https:\/\/www.europesays.com\/lv\/wp-json\/wp\/v2\/comments?post=24678"}],"version-history":[{"count":0,"href":"https:\/\/www.europesays.com\/lv\/wp-json\/wp\/v2\/posts\/24678\/revisions"}],"wp:featuredmedia":[{"embeddable":true,"href":"https:\/\/www.europesays.com\/lv\/wp-json\/wp\/v2\/media\/24679"}],"wp:attachment":[{"href":"https:\/\/www.europesays.com\/lv\/wp-json\/wp\/v2\/media?parent=24678"}],"wp:term":[{"taxonomy":"category","embeddable":true,"href":"https:\/\/www.europesays.com\/lv\/wp-json\/wp\/v2\/categories?post=24678"},{"taxonomy":"post_tag","embeddable":true,"href":"https:\/\/www.europesays.com\/lv\/wp-json\/wp\/v2\/tags?post=24678"}],"curies":[{"name":"wp","href":"https:\/\/api.w.org\/{rel}","templated":true}]}}