{"id":24704,"date":"2025-10-19T02:53:07","date_gmt":"2025-10-19T02:53:07","guid":{"rendered":"https:\/\/www.europesays.com\/lv\/24704\/"},"modified":"2025-10-19T02:53:07","modified_gmt":"2025-10-19T02:53:07","slug":"prioritate-drosibai-un-iedzivotaju-atbalstam-lente-lv","status":"publish","type":"post","link":"https:\/\/www.europesays.com\/lv\/24704\/","title":{"rendered":"priorit\u0101te dro\u0161\u012bbai un iedz\u012bvot\u0101ju atbalstam\u00a0\u2014\u00a0Lente.lv"},"content":{"rendered":"<p>Valsts bud\u017eeta projekts 2026. gadam virz\u0101s uz Saeimu ar stingru sol\u012bjumu izv\u0113rt\u0113t katru t\u0113ri\u0146u<\/p>\n<p>Saeima ir s\u0101kusi izskat\u012bt valsts 2026. gada bud\u017eeta projektu, nododot to komisij\u0101m izv\u0113rt\u0113\u0161anai. \u0160is svar\u012bgais solis, kas notika 16. oktobr\u012b, iez\u012bm\u0113 ce\u013cu uz gal\u012bgo bud\u017eeta apstiprin\u0101\u0161anu, kas paredz r\u016bp\u012bgu finan\u0161u resursu sadal\u012bjumu un efekt\u012bvas izmanto\u0161anas nodro\u0161in\u0101\u0161anu.<\/p>\n<p>Priorit\u0101tes un prognozes: Dro\u0161\u012bba, \u0123imenes un izgl\u012bt\u012bba centr\u0101<\/p>\n<p>Vald\u012bba ir apstiprin\u0101jusi 2026. gada bud\u017eeta projektu, nosakot galven\u0101s priorit\u0101tes: valsts dro\u0161\u012bba, atbalsts \u0123imen\u0113m ar b\u0113rniem un izgl\u012bt\u012bba. Paredz\u0113ts, ka bud\u017eeta ie\u0146\u0113mumi sasniegs 16,1 miljardu eiro, savuk\u0101rt izdevumi \u2013 17,9 miljardus eiro, kas ir pieaugums attiec\u012bgi par 6,2% un 4,7% sal\u012bdzin\u0101jum\u0101 ar iepriek\u0161\u0113jo gadu. Bud\u017eeta defic\u012bts prognoz\u0113ts 3,3% apm\u0113r\u0101 no IKP. Valsts dro\u0161\u012bbas stiprin\u0101\u0161anai pie\u0161\u0137irts iev\u0113rojams finans\u0113jums, kas veido gandr\u012bz 5% no IKP, demonstr\u0113jot valsts ap\u0146em\u0161anos aizsardz\u012bbas sp\u0113ju un iek\u0161\u0113j\u0101s dro\u0161\u012bbas stiprin\u0101\u0161an\u0101. Papildu finans\u0113jums 565,5 miljonu eiro apm\u0113r\u0101 paredz\u0113ts \u0161\u012bm trim galvenaj\u0101m priorit\u0101t\u0113m. \u0160\u012b summa ietver 320,3 miljonus eiro dro\u0161\u012bbai, 45 miljonus eiro izgl\u012bt\u012bbai un 94,8 miljonus eiro atbalstam \u0123imen\u0113m ar b\u0113rniem. Lai gan bud\u017eeta sagatavo\u0161ana nav bijusi viegla, jo vald\u012bb\u0101 past\u0101v\u0113ju\u0161i spriedzes, ir pan\u0101kta vieno\u0161an\u0101s par svar\u012bgiem l\u0113mumiem. Finans\u0113jums priorit\u0101rajiem pas\u0101kumiem tiks nodro\u0161in\u0101ts, samazinot izdevumus, nevis palielinot nodok\u013cus.<\/p>\n<p>Bud\u017eeta izdevumu rev\u012bzija un fisk\u0101l\u0101 telpa<\/p>\n<p>Lai nodro\u0161in\u0101tu papildu l\u012bdzek\u013cus priorit\u0101rajiem pas\u0101kumiem, veikta valsts bud\u017eeta izdevumu rev\u012bzija, kas \u013c\u0101vusi identific\u0113t un vienoties par izdevumu samazin\u0101jumiem 171 miljona eiro apm\u0113r\u0101 2026. gad\u0101. \u0160ie ietaup\u012bjumi galvenok\u0101rt tiks novirz\u012bti fisk\u0101l\u0101s telpas uzlabo\u0161anai. Kopum\u0101 vid\u0113j\u0101 termi\u0146\u0101 l\u012bdz 2028. gadam pl\u0101nots samazin\u0101t valsts bud\u017eeta izdevumus par 814,1 miljonu eiro. Lai gan tas rad\u012bjis izaicin\u0101jumus, vald\u012bba ir centusies nodro\u0161in\u0101t l\u012bdzsvaru starp atbild\u012bgiem izdevumu samazin\u0101jumiem un gudriem ieguld\u012bjumiem. Nodok\u013ci, kas tie\u0161i skar sabiedr\u012bbu, netiks palielin\u0101ti. Paredz\u0113ts, ka IKP pieaugs par 2,1% n\u0101kamgad, lai gan \u0123eopolitisk\u0101s situ\u0101cijas d\u0113\u013c \u0161is r\u0101d\u012bt\u0101js var\u0113tu b\u016bt nenoteikts.<\/p>\n<p>Likumprojektu pakotne un Saeimas izskat\u012b\u0161anas process<\/p>\n<p>Valsts bud\u017eeta projekts 2026. gadam tiek virz\u012bts uz Saeimu kop\u0101 ar gandr\u012bz 50 pavado\u0161ajiem likumprojektiem. 16. oktobr\u012b Saeima nodeva \u0161o projektu izskat\u012b\u0161anai sav\u0101s komisij\u0101s, 52 deput\u0101tiem balsojot par, bet 41 \u2013 pret. Anda \u010cak\u0161a, Saeimas Bud\u017eeta un finan\u0161u (nodok\u013cu) komisijas priek\u0161s\u0113d\u0113t\u0101ja, aicin\u0101ja deput\u0101tus str\u0101d\u0101t pie bud\u017eeta projekta konstrukt\u012bvi un satur\u012bgi, uzsverot t\u0101 noz\u012bm\u012bgo funkciju valsts aizsardz\u012bbas sp\u0113ju un dro\u0161\u012bbas stiprin\u0101\u0161an\u0101. Deput\u0101tiem b\u016bs iesp\u0113ja iesniegt desmitiem, pat simtiem, groz\u012bjumu, kas pras\u012bs r\u016bp\u012bgu izv\u0113rt\u0113\u0161anu un, iesp\u0113jams, maratona s\u0113des, lai bud\u017eetu gal\u012bgi pie\u0146emtu. Paredzams, ka bud\u017eets var\u0113tu tikt pie\u0146emts decembra s\u0101kum\u0101, ja vien valdo\u0161\u0101 koal\u012bcija sp\u0113s saglab\u0101t vienot\u012bbu. Opoz\u012bcijas deput\u0101ti ir kritiz\u0113ju\u0161i vald\u012bbu par sol\u012bto ietaup\u012bjumu neatra\u0161anos un augo\u0161o valsts par\u0101du, kas n\u0101kotn\u0113 var\u0113tu ietekm\u0113t iedz\u012bvot\u0101ju labkl\u0101j\u012bbu. \u012apa\u0161i izskan\u0113ju\u0161i iebildumi pret pensiju likumprojektiem, ko da\u017ei politi\u0137i d\u0113v\u0113 par liekul\u012bbu.<\/p>\n<p>Ekonomisk\u0101 situ\u0101cija un n\u0101kotnes perspekt\u012bvas<\/p>\n<p>Latvijas tautsaimniec\u012bba prognoz\u0113ta ar 2,1% IKP pieaugumu 2026. gad\u0101. Tom\u0113r Starptautiskais Val\u016btas fonds (SVF) ir pazemin\u0101jis Latvijas IKP pieauguma prognozes \u0161im un n\u0101kamajam gadam, paredzot attiec\u012bgi 1% un 2,2% izaugsmi. Infl\u0101cija paredzama 3,8% apm\u0113r\u0101 2025. gad\u0101 un 2,6% n\u0101kamaj\u0101 gad\u0101. Eiropas Komisijas prognozes liecina, ka infl\u0101cija pieaugs no 1,4% 2024. gad\u0101 l\u012bdz 3% 2025. gad\u0101, bet samazin\u0101sies l\u012bdz 1,7% 2026. gad\u0101. Lai gan bud\u017eeta sagatavo\u0161ana ir bijusi izaicin\u0101jums, jo \u012bpa\u0161i izvairo\u0161an\u0101s no nodok\u013cu palielin\u0101\u0161anas, tiek uzsv\u0113rts, ka \u0161is bud\u017eets simboliz\u0113 valsts izv\u0113li par labu dro\u0161\u0101kai n\u0101kotnei. Tas ietver ieguld\u012bjumus nacion\u0101laj\u0101 dro\u0161\u012bb\u0101, atbalstu \u0123imen\u0113m un zin\u0101\u0161an\u0101s, kas ir ilgtermi\u0146a invest\u012bcijas sabiedr\u012bbas labkl\u0101j\u012bbai un valsts stabilit\u0101tei.<\/p>\n","protected":false},"excerpt":{"rendered":"Valsts bud\u017eeta projekts 2026. gadam virz\u0101s uz Saeimu ar stingru sol\u012bjumu izv\u0113rt\u0113t katru t\u0113ri\u0146u Saeima ir s\u0101kusi izskat\u012bt&hellip;\n","protected":false},"author":2,"featured_media":24705,"comment_status":"","ping_status":"","sticky":false,"template":"","format":"standard","meta":{"footnotes":""},"categories":[5],"tags":[23,28,29,7700,32,33,333,22,30,31,35,39,38,36,37,34,40,20,26,27,332,141,24,25,2763,21],"class_list":{"0":"post-24704","1":"post","2":"type-post","3":"status-publish","4":"format-standard","5":"has-post-thumbnail","7":"category-aktualitates","8":"tag-aktualitates","9":"tag-breaking-news","10":"tag-breakingnews","11":"tag-budzeta-projekts","12":"tag-featured-news","13":"tag-featurednews","14":"tag-finansejums","15":"tag-headlines","16":"tag-latest-news","17":"tag-latestnews","18":"tag-latvia","19":"tag-latvian","20":"tag-latviesu","21":"tag-latviesu-valoda","22":"tag-latviesuvaloda","23":"tag-latvija","24":"tag-lv","25":"tag-news","26":"tag-popularakas-zinas","27":"tag-popularakaszinas","28":"tag-prioritates","29":"tag-saeima","30":"tag-top-stories","31":"tag-topstories","32":"tag-valsts-budzets-2026","33":"tag-zinas"},"share_on_mastodon":{"url":"","error":""},"_links":{"self":[{"href":"https:\/\/www.europesays.com\/lv\/wp-json\/wp\/v2\/posts\/24704","targetHints":{"allow":["GET"]}}],"collection":[{"href":"https:\/\/www.europesays.com\/lv\/wp-json\/wp\/v2\/posts"}],"about":[{"href":"https:\/\/www.europesays.com\/lv\/wp-json\/wp\/v2\/types\/post"}],"author":[{"embeddable":true,"href":"https:\/\/www.europesays.com\/lv\/wp-json\/wp\/v2\/users\/2"}],"replies":[{"embeddable":true,"href":"https:\/\/www.europesays.com\/lv\/wp-json\/wp\/v2\/comments?post=24704"}],"version-history":[{"count":0,"href":"https:\/\/www.europesays.com\/lv\/wp-json\/wp\/v2\/posts\/24704\/revisions"}],"wp:featuredmedia":[{"embeddable":true,"href":"https:\/\/www.europesays.com\/lv\/wp-json\/wp\/v2\/media\/24705"}],"wp:attachment":[{"href":"https:\/\/www.europesays.com\/lv\/wp-json\/wp\/v2\/media?parent=24704"}],"wp:term":[{"taxonomy":"category","embeddable":true,"href":"https:\/\/www.europesays.com\/lv\/wp-json\/wp\/v2\/categories?post=24704"},{"taxonomy":"post_tag","embeddable":true,"href":"https:\/\/www.europesays.com\/lv\/wp-json\/wp\/v2\/tags?post=24704"}],"curies":[{"name":"wp","href":"https:\/\/api.w.org\/{rel}","templated":true}]}}