{"id":24706,"date":"2025-10-19T02:55:07","date_gmt":"2025-10-19T02:55:07","guid":{"rendered":"https:\/\/www.europesays.com\/lv\/24706\/"},"modified":"2025-10-19T02:55:07","modified_gmt":"2025-10-19T02:55:07","slug":"ttt-riga-piedzivo-zaudejumu-eirokausa-pret-stambulas-emlak-konut-lente-lv","status":"publish","type":"post","link":"https:\/\/www.europesays.com\/lv\/24706\/","title":{"rendered":"TTT R\u012bga piedz\u012bvo zaud\u0113jumu Eirokaus\u0101 pret Stambulas &#8220;Emlak Konut&#8221;\u00a0\u2014\u00a0Lente.lv"},"content":{"rendered":"<p>TTT R\u012bga piedz\u012bvo zaud\u0113jumu Eirokaus\u0101 pret Stambulas &#8220;Emlak Konut&#8221;<\/p>\n<p>Latvijas sievie\u0161u basketbola klubs &#8220;TTT R\u012bga&#8221; ir piedz\u012bvojis vil\u0161anos Eirokausa grupas otraj\u0101 sp\u0113l\u0113, ceturtdien izbraukum\u0101 Stambul\u0101 piek\u0101pjoties Turcijas vien\u012bbai &#8220;Emlak Konut&#8221; ar rezult\u0101tu 56:84.<\/p>\n<p>Sp\u0113les gaita un rezult\u0101ts<\/p>\n<p>Sp\u0113le, kas norisin\u0101j\u0101s E grupas ietvaros, diem\u017e\u0113l Latvijas komandai nebija veiksm\u012bga. &#8220;TTT R\u012bga&#8221; nesp\u0113ja lauzt pretinie\u010du p\u0101rsvaru un beig\u0101s piedz\u012bvoja p\u0101rliecino\u0161u zaud\u0113jumu. Rezult\u0101ts 56:84 skaidri par\u0101da laukum\u0101 notiku\u0161o, kur &#8220;Emlak Konut&#8221; basketbolistes demonstr\u0113ja p\u0101r\u0101ku sniegumu. \u0160is zaud\u0113jums ir r\u016bgta z\u0101le &#8220;TTT R\u012bga&#8221; ce\u013c\u0101 uz izsl\u0113g\u0161anas sp\u0113l\u0113m.<\/p>\n<p>Situ\u0101cija Eirokausa grup\u0101<\/p>\n<p>Ar \u0161o zaud\u0113jumu &#8220;TTT R\u012bga&#8221; saglab\u0101 savu poz\u012bciju Eirokausa E grupas kopv\u0113rt\u0113jum\u0101. Lai gan prec\u012bzi dati par eso\u0161o poz\u012bciju un punktu skaitu var main\u012bties, zin\u0101ms, ka Latvijas komanda ie\u0146em zem\u0101ku vietu nek\u0101 Turcijas &#8220;Emlak Konut&#8221;. Grupas kopv\u0113rt\u0113jum\u0101 pa\u0161laik priek\u0161\u0101 atrodas t\u0101das komandas k\u0101 Crvena zvezda un Emlak Konut, kam\u0113r Saarlouis un TTT R\u012bga ir bez punktiem p\u0113c div\u0101m sp\u0113l\u0113m. \u0160\u012b situ\u0101cija liek komandai nopietni apdom\u0101t turpm\u0101ko strat\u0113\u0123iju, lai cer\u0113tu uz izk\u013c\u016b\u0161anu no grupas.<\/p>\n<p>N\u0101kamos izaicin\u0101jumus un perspekt\u012bvas<\/p>\n<p>N\u0101kam\u0101 sp\u0113le &#8220;TTT R\u012bga&#8221; paredz\u0113ta pret Lietuvas vien\u012bbu Aistes LSU Kaunas, kas norisin\u0101sies 19. oktobr\u012b. \u0160\u012b sp\u0113le ir \u013coti svar\u012bga, lai atg\u016btu p\u0101rliec\u012bbu un uzlabotu poz\u012bcijas grup\u0101. Lai gan s\u0101kums nav bijis spo\u017es, komandai ir sp\u0113ks un potenci\u0101ls demonstr\u0113t lab\u0101ku sniegumu. Svar\u012bgi ir analiz\u0113t k\u013c\u016bdas, stiprin\u0101t aizsardz\u012bbu un uzlabot uzbrukumu, lai sp\u0113tu konkur\u0113t ar sp\u0113c\u012bg\u0101k\u0101m pretiniec\u0113m. Cerams, ka \u0161is zaud\u0113jums kalpos k\u0101 motiv\u0101cija turpm\u0101kaj\u0101m c\u012b\u0146\u0101m.<\/p>\n","protected":false},"excerpt":{"rendered":"TTT R\u012bga piedz\u012bvo zaud\u0113jumu Eirokaus\u0101 pret Stambulas &#8220;Emlak Konut&#8221; Latvijas sievie\u0161u basketbola klubs &#8220;TTT R\u012bga&#8221; ir piedz\u012bvojis vil\u0161anos&hellip;\n","protected":false},"author":2,"featured_media":24707,"comment_status":"","ping_status":"","sticky":false,"template":"","format":"standard","meta":{"footnotes":""},"categories":[17],"tags":[145,7701,7702,35,39,38,36,37,34,40,2152,67,2150],"class_list":{"0":"post-24706","1":"post","2":"type-post","3":"status-publish","4":"format-standard","5":"has-post-thumbnail","7":"category-sports","8":"tag-basketbols","9":"tag-eirokauss","10":"tag-emlak-konut","11":"tag-latvia","12":"tag-latvian","13":"tag-latviesu","14":"tag-latviesu-valoda","15":"tag-latviesuvaloda","16":"tag-latvija","17":"tag-lv","18":"tag-sieviesu-basketbols","19":"tag-sports","20":"tag-ttt-riga"},"share_on_mastodon":{"url":"","error":""},"_links":{"self":[{"href":"https:\/\/www.europesays.com\/lv\/wp-json\/wp\/v2\/posts\/24706","targetHints":{"allow":["GET"]}}],"collection":[{"href":"https:\/\/www.europesays.com\/lv\/wp-json\/wp\/v2\/posts"}],"about":[{"href":"https:\/\/www.europesays.com\/lv\/wp-json\/wp\/v2\/types\/post"}],"author":[{"embeddable":true,"href":"https:\/\/www.europesays.com\/lv\/wp-json\/wp\/v2\/users\/2"}],"replies":[{"embeddable":true,"href":"https:\/\/www.europesays.com\/lv\/wp-json\/wp\/v2\/comments?post=24706"}],"version-history":[{"count":0,"href":"https:\/\/www.europesays.com\/lv\/wp-json\/wp\/v2\/posts\/24706\/revisions"}],"wp:featuredmedia":[{"embeddable":true,"href":"https:\/\/www.europesays.com\/lv\/wp-json\/wp\/v2\/media\/24707"}],"wp:attachment":[{"href":"https:\/\/www.europesays.com\/lv\/wp-json\/wp\/v2\/media?parent=24706"}],"wp:term":[{"taxonomy":"category","embeddable":true,"href":"https:\/\/www.europesays.com\/lv\/wp-json\/wp\/v2\/categories?post=24706"},{"taxonomy":"post_tag","embeddable":true,"href":"https:\/\/www.europesays.com\/lv\/wp-json\/wp\/v2\/tags?post=24706"}],"curies":[{"name":"wp","href":"https:\/\/api.w.org\/{rel}","templated":true}]}}