{"id":24771,"date":"2025-10-19T05:17:08","date_gmt":"2025-10-19T05:17:08","guid":{"rendered":"https:\/\/www.europesays.com\/lv\/24771\/"},"modified":"2025-10-19T05:17:08","modified_gmt":"2025-10-19T05:17:08","slug":"igaunija-pasvaldibu-velesanu-diena-aptaujas-prognoze-opozicijas-uzvaru-tvnet","status":"publish","type":"post","link":"https:\/\/www.europesays.com\/lv\/24771\/","title":{"rendered":"Igaunij\u0101 pa\u0161vald\u012bbu v\u0113l\u0113\u0161anu diena \u2013 aptaujas prognoz\u0113 opoz\u012bcijas uzvaru &#8211; TVNET"},"content":{"rendered":"<ol>\n<li><a href=\"https:\/\/news.google.com\/rss\/articles\/CBMioAFBVV95cUxOSGV0WGQzS2FPS0N5NC1BdnZEc0dLUEt2MVh1eUpNam5fLWVQTXd3S2RQNWpreHN1bHdVV0QxVy1PMlAzUEwzTGx5bFBBdXhmc2pjeHNGUUZDSW1XS1JhU1ZHYVRRTE85Q0JFbm14cXAtcHBsdXV2elZ3LUR5bVVzNGZMWGUxc09PLUxvNURvSkxDZHA0em5waFpGMTFEMU5p?oc=5\" target=\"_blank\" rel=\"nofollow noopener\">Igaunij\u0101 pa\u0161vald\u012bbu v\u0113l\u0113\u0161anu diena \u2013 aptaujas prognoz\u0113 opoz\u012bcijas uzvaru<\/a>&nbsp;&nbsp;TVNET<\/li>\n<li><a href=\"https:\/\/news.google.com\/rss\/articles\/CBMi1AFBVV95cUxPTDNBTDJRTkxDalk0d3Qwamx6SHhHZDVNbkNILTZhUnM5N3FpODh1R0JUamtqUVA2T0dMVnlENkRSYVpLY1ozOHI2c2hXT0ZTa1ZpLTZLbkk2LXlmQm9CcGJza1Z1OTAzZ2E5LUVEVWszVzdQa2ZXZjQ0dTFzRkpwYUlfcFJUWmwzQWM0cjlxN2x0WTBfU2Uta0Vza0N5b1Z0OUZ1MHk2ZjBFVUdYWjFMMTBQYWhITFhMTjFidUhZVFhHaXRtdVVRMEpYaXdaeUZkZFFDOA?oc=5\" target=\"_blank\" rel=\"nofollow noopener\">Kl\u0101t pa\u0161vald\u012bbu v\u0113l\u0113\u0161anas Igaunij\u0101. Pie varas Tallin\u0101 var\u0113tu non\u0101kt krievvalod\u012bgo atbalst\u012btais sp\u0113ks<\/a>&nbsp;&nbsp;Jauns.lv<\/li>\n<li><a href=\"https:\/\/news.google.com\/rss\/articles\/CBMi5wFBVV95cUxNbW5uZ0NjYUgyNlBOZXUybTJsclJkTnVmZ002ZHNrc2hra0xPZ29lcVhta1ZBbVpxa2QwS1g3a2U0ZlBlc0lHakhvekVuVU9UMlZMQUY3Z3hCb0Y4UlRUYkduWjlzb1QtVnBNUzRFc1I5RG1pRW9Ib2VVeEJsb0d0a3U2d2dMRk12cWFPQzF2XzZ1TFo1TTdYY3JLTUlEdWU0aHlvaVVkakhSU2FCcW8wZFNBWjM3YjN2ZTNxblpVN2FNcEtRMEJCb1pEdVI1cUdGYmJ4Ymh0WWJJUjhHT2JRRDVmM0txdFU?oc=5\" target=\"_blank\" rel=\"nofollow noopener\">Igaunijas pa\u0161vald\u012bbu v\u0113l\u0113\u0161an\u0101s trij\u0101s liel\u0101kaj\u0101s pils\u0113t\u0101s var\u0113tu uzvar\u0113t opoz\u012bcijas partijas \/ Raksts<\/a>&nbsp;&nbsp;LSM<\/li>\n<li><a href=\"https:\/\/news.google.com\/rss\/articles\/CBMivwFBVV95cUxOWG0yZ1U3ZFJyR200S0NXcU45UHV1aUFmSHQ1a1FzYTBBLXprVDJhdDJZTFRBZkwwYnA2cGc2T2h5MDMwYmZaSTd6V05oT2lCbUhIZXVfQmN4S2w5VHRvdTF0T3gtdDR3bzNUU2hNc1VJcXdJa2FhdWtXOGdTQ19mZmlpbkNxdVdVNmdULXdzYXYxaks4dWlYUHVJemoyMVlxZVhscThDNGVxWkVISXRqX19PaFpNR29tNms4QmpDaw?oc=5\" target=\"_blank\" rel=\"nofollow noopener\">Lietuv\u0101 Ru\u0123iniene pret \u0160akalieni. Igaunij\u0101 spriedze pirms pa\u0161vald\u012bbu v\u0113l\u0113\u0161an\u0101m<\/a>&nbsp;&nbsp;NRA<\/li>\n<li><a href=\"https:\/\/news.google.com\/rss\/articles\/CBMiuwFBVV95cUxNZXlkcjF4eGtwNTFDZ0FpQ1FlV296WHdHN2VTTC1QYzJHOENiSFNyVVdGdlVleG5VSXZHM2pvZ1NSY0JHRnRlTFRJNkFuMjNmbTJhSks1MURGV2J2U0ZyTWJEQlh1enJRTWJ1UkMyek1JT0locTZITFU1RzBSRjdDenhGcnlsc09YSXdxUDY3Ty0xLVFHOUlteHh1RnYtc0ZBRGl4REVWT3RfaHhnbDJWLV81eTk2SjNkbmg4?oc=5\" target=\"_blank\" rel=\"nofollow noopener\">Lietuv\u0101 politisk\u0101 v\u0113tra: premjere p\u0101rmet aizsardz\u012bbas ministrei &#8220;sabot\u0101\u017eu&#8221; bud\u017eeta tap\u0161an\u0101<\/a>&nbsp;&nbsp;tv3.lv<\/li>\n<\/ol>\n","protected":false},"excerpt":{"rendered":"Igaunij\u0101 pa\u0161vald\u012bbu v\u0113l\u0113\u0161anu diena \u2013 aptaujas prognoz\u0113 opoz\u012bcijas uzvaru&nbsp;&nbsp;TVNET Kl\u0101t pa\u0161vald\u012bbu v\u0113l\u0113\u0161anas Igaunij\u0101. Pie varas Tallin\u0101 var\u0113tu non\u0101kt&hellip;\n","protected":false},"author":2,"featured_media":24772,"comment_status":"","ping_status":"","sticky":false,"template":"","format":"standard","meta":{"footnotes":""},"categories":[5],"tags":[23,28,29,32,33,22,73,30,31,35,39,38,36,37,34,40,20,4758,26,27,24,25,21],"class_list":{"0":"post-24771","1":"post","2":"type-post","3":"status-publish","4":"format-standard","5":"has-post-thumbnail","7":"category-aktualitates","8":"tag-aktualitates","9":"tag-breaking-news","10":"tag-breakingnews","11":"tag-featured-news","12":"tag-featurednews","13":"tag-headlines","14":"tag-igaunija","15":"tag-latest-news","16":"tag-latestnews","17":"tag-latvia","18":"tag-latvian","19":"tag-latviesu","20":"tag-latviesu-valoda","21":"tag-latviesuvaloda","22":"tag-latvija","23":"tag-lv","24":"tag-news","25":"tag-pasvaldibu-velesanas","26":"tag-popularakas-zinas","27":"tag-popularakaszinas","28":"tag-top-stories","29":"tag-topstories","30":"tag-zinas"},"share_on_mastodon":{"url":"","error":""},"_links":{"self":[{"href":"https:\/\/www.europesays.com\/lv\/wp-json\/wp\/v2\/posts\/24771","targetHints":{"allow":["GET"]}}],"collection":[{"href":"https:\/\/www.europesays.com\/lv\/wp-json\/wp\/v2\/posts"}],"about":[{"href":"https:\/\/www.europesays.com\/lv\/wp-json\/wp\/v2\/types\/post"}],"author":[{"embeddable":true,"href":"https:\/\/www.europesays.com\/lv\/wp-json\/wp\/v2\/users\/2"}],"replies":[{"embeddable":true,"href":"https:\/\/www.europesays.com\/lv\/wp-json\/wp\/v2\/comments?post=24771"}],"version-history":[{"count":0,"href":"https:\/\/www.europesays.com\/lv\/wp-json\/wp\/v2\/posts\/24771\/revisions"}],"wp:featuredmedia":[{"embeddable":true,"href":"https:\/\/www.europesays.com\/lv\/wp-json\/wp\/v2\/media\/24772"}],"wp:attachment":[{"href":"https:\/\/www.europesays.com\/lv\/wp-json\/wp\/v2\/media?parent=24771"}],"wp:term":[{"taxonomy":"category","embeddable":true,"href":"https:\/\/www.europesays.com\/lv\/wp-json\/wp\/v2\/categories?post=24771"},{"taxonomy":"post_tag","embeddable":true,"href":"https:\/\/www.europesays.com\/lv\/wp-json\/wp\/v2\/tags?post=24771"}],"curies":[{"name":"wp","href":"https:\/\/api.w.org\/{rel}","templated":true}]}}