{"id":24773,"date":"2025-10-19T05:23:15","date_gmt":"2025-10-19T05:23:15","guid":{"rendered":"https:\/\/www.europesays.com\/lv\/24773\/"},"modified":"2025-10-19T05:23:15","modified_gmt":"2025-10-19T05:23:15","slug":"katrina-zarina-stasies-ltrk-vadiba-janis-endzins-pieversisies-birokratijas-mazinasanai-lente-lv","status":"publish","type":"post","link":"https:\/\/www.europesays.com\/lv\/24773\/","title":{"rendered":"Katr\u012bna Zari\u0146a st\u0101sies LTRK vad\u012bb\u0101, J\u0101nis Endzi\u0146\u0161 piev\u0113rs\u012bsies birokr\u0101tijas mazin\u0101\u0161anai\u00a0\u2014\u00a0Lente.lv"},"content":{"rendered":"<p>Juridiskas un organizatoriskas p\u0101rmai\u0146as LTRK vad\u012bb\u0101<\/p>\n<p>Latvijas Tirdzniec\u012bbas un r\u016bpniec\u012bbas kamer\u0101 (LTRK), kas ir liel\u0101k\u0101 uz\u0146\u0113m\u0113ju biedr\u012bba valst\u012b, ir notiku\u0161as noz\u012bm\u012bgas p\u0101rmai\u0146as vad\u012bbas strukt\u016br\u0101. L\u012bdz\u0161in\u0113jais valdes priek\u0161s\u0113d\u0113t\u0101js J\u0101nis Endzi\u0146\u0161 ir pie\u0146\u0113mis svar\u012bgu l\u0113mumu atst\u0101t savu amatu, lai piln\u012bb\u0101 nodotos Birokr\u0101cijas mazin\u0101\u0161anas r\u012bc\u012bbas grupas vad\u012b\u0161anai. \u0160is solis ir izrais\u012bjis pl\u016bsto\u0161as p\u0101rmai\u0146as LTRK l\u012bder\u012bbas poz\u012bcij\u0101s, k\u0101 ar\u012b iev\u0113rojamu uzman\u012bbu nozar\u0113.<\/p>\n<p>Katr\u012bna Zari\u0146a, kura l\u012bdz \u0161im veiksm\u012bgi ie\u0146\u0113ma LTRK valdes locekles un \u0100rlietu da\u013cas direktores amatus, ir iecelta par jauno LTRK valdes priek\u0161s\u0113d\u0113t\u0101ju. Vi\u0146as iecel\u0161ana st\u0101sies sp\u0113k\u0101 1. decembr\u012b, sekojot J\u0101\u0146a Endzi\u0146a piln\u012bgai pien\u0101kumu izpildei LTRK l\u012bdz 28. novembrim. \u0160\u012bs p\u0101rmai\u0146as ir r\u016bp\u012bgi pl\u0101notas, lai nodro\u0161in\u0101tu organiz\u0101cijas darba nep\u0101rtraukt\u012bbu un gludu vad\u012bbas p\u0101reju.<\/p>\n<p>J\u0101\u0146a Endzi\u0146a jaunais izaicin\u0101jums: Birokr\u0101tijas mazin\u0101\u0161ana<\/p>\n<p>J\u0101nis Endzi\u0146\u0161, kur\u0161 sevi ir apliecin\u0101jis k\u0101 akt\u012bvu un ietekm\u012bgu balsi uz\u0146\u0113m\u0113jdarb\u012bbai draudz\u012bgas valsts p\u0101rvaldes veido\u0161an\u0101, ir nol\u0113mis piln\u012bb\u0101 koncentr\u0113ties uz birokr\u0101tijas mazin\u0101\u0161anas izaicin\u0101jumu. \u0160oned\u0113\u013c Saeimas deput\u0101ti un Ministru prezidente Evika Sili\u0146a vi\u0146am uztic\u0113ja vad\u012bt Birokr\u0101cijas mazin\u0101\u0161anas r\u012bc\u012bbas grupu. \u0160is uzdevums ir sevi\u0161\u0137i noz\u012bm\u012bgs, jo LTRK gadiem ilgi ir uzsv\u0113rusi nepiecie\u0161am\u012bbu samazin\u0101t birokr\u0101tisko slogu, lai stiprin\u0101tu Latvijas uz\u0146\u0113mumu konkur\u0113tsp\u0113ju, padar\u012btu invest\u012bciju vidi pievilc\u012bg\u0101ku un taup\u012btu valsts resursus.<\/p>\n<p>Endzi\u0146\u0161 ir ap\u0146\u0113mies pan\u0101kt, lai tr\u012bs gadu laik\u0101 Latvij\u0101 b\u016btu zem\u0101kais administrat\u012bvais slogs Baltijas valst\u012bs. Vi\u0146\u0161 pl\u0101no piln\u012bb\u0101 fokus\u0113ties uz \u0161o darbu, kas tiks finans\u0113ts no LTRK l\u012bdzek\u013ciem, nenodok\u013cu maks\u0101t\u0101ju izdevumu viet\u0101. Tas ir drosm\u012bgs solis, kas apliecina vi\u0146a dzi\u013co ap\u0146em\u0161anos veicin\u0101t pozit\u012bvas p\u0101rmai\u0146as Latvijas tautsaimniec\u012bb\u0101.<\/p>\n<p>Katr\u012bnas Zari\u0146as v\u012bzija LTRK vad\u012bb\u0101<\/p>\n<p>Katr\u012bna Zari\u0146a, jaun\u0101 LTRK valdes priek\u0161s\u0113d\u0113t\u0101ja, ar nepaciet\u012bbu raug\u0101s uz savu jauno lomu. Vi\u0146a izteikusi gatav\u012bbu turpin\u0101t organiz\u0101cijas uzs\u0101kto darb\u012bbas kursu, koncentr\u0113joties uz strat\u0113\u0123ij\u0101 defin\u0113tajiem m\u0113r\u0137iem un priorit\u0101t\u0113m. Vi\u0146as v\u012bzija ietver LTRK kompetences un jaudas stiprin\u0101\u0161anu, k\u0101 ar\u012b biedriem pieejamu un izdev\u012bgu pakalpojumu veido\u0161anu, lai veicin\u0101tu vi\u0146u konkur\u0113tsp\u0113ju un eksportsp\u0113ju.<\/p>\n<p>Zari\u0146a uzsver, ka \u0161is ir gan person\u012bgs, gan profesion\u0101ls izaicin\u0101jums, un pau\u017e cer\u012bbu uz cie\u0161u sadarb\u012bbu ar LTRK biedriem, padomes locek\u013ciem un savu komandu. Vi\u0146as iepriek\u0161\u0113j\u0101 pieredze, p\u0101rst\u0101vot Latvijas uz\u0146\u0113m\u0113ju intereses gan Eiropas, gan starptautiskaj\u0101 l\u012bmen\u012b, ir lielisks pamats, lai veiksm\u012bgi vad\u012btu LTRK un \u012bstenotu t\u0101s ambiciozos m\u0113r\u0137us.<\/p>\n<p>N\u0101kotnes perspekt\u012bvas un strat\u0113\u0123iskie m\u0113r\u0137i<\/p>\n<p>\u0160\u012bs p\u0101rmai\u0146as LTRK vad\u012bb\u0101 nav tikai person\u0101la rot\u0101cija, bet gan strat\u0113\u0123isks solis, kas demonstr\u0113 gan organiz\u0101cijas gatav\u012bbu att\u012bst\u012bties, gan ar\u012b valsts p\u0101rvaldes un uz\u0146\u0113m\u0113ju kop\u012bgo v\u0113lmi akt\u012bvi risin\u0101t birokr\u0101tiskos \u0161\u0137\u0113r\u0161\u013cus. J\u0101\u0146a Endzi\u0146a fokuss uz birokr\u0101tijas mazin\u0101\u0161anu, kas m\u0113r\u0137\u0113ta uz zem\u0101ko administrat\u012bvo slogu Baltijas valst\u012bs tr\u012bs gadu laik\u0101, ir drosm\u012bgs sol\u012bjums. Vienlaikus Katr\u012bnas Zari\u0146as vad\u012bba LTRK sola turpin\u0101t darbu pie biedru intere\u0161u aizst\u0101v\u012bbas un pakalpojumu uzlabo\u0161anas.<\/p>\n<p>Valde turpin\u0101s darbu divu cilv\u0113ku sast\u0101v\u0101, kop\u0101 ar J\u0101ni Lielp\u0113teri, kur\u0161 turpin\u0101s pild\u012bt valdes locek\u013ca pien\u0101kumus. \u0160\u012b stabilit\u0101te valdes l\u012bmen\u012b, apvienojum\u0101 ar jaunajiem l\u012bderiem un vi\u0146u skaidri defin\u0113tajiem m\u0113r\u0137iem, rada optimistisku skat\u012bjumu uz Latvijas uz\u0146\u0113m\u0113jdarb\u012bbas vides n\u0101kotni. Ir skaidrs, ka \u0161\u012bs p\u0101rmai\u0146as ievad\u012bs jaunu \u0113ru gan LTRK, gan Latvijas tautsaimniec\u012bbas att\u012bst\u012bb\u0101 kopum\u0101.<\/p>\n","protected":false},"excerpt":{"rendered":"Juridiskas un organizatoriskas p\u0101rmai\u0146as LTRK vad\u012bb\u0101 Latvijas Tirdzniec\u012bbas un r\u016bpniec\u012bbas kamer\u0101 (LTRK), kas ir liel\u0101k\u0101 uz\u0146\u0113m\u0113ju biedr\u012bba valst\u012b,&hellip;\n","protected":false},"author":2,"featured_media":24774,"comment_status":"","ping_status":"","sticky":false,"template":"","format":"standard","meta":{"footnotes":""},"categories":[5],"tags":[23,7015,28,29,32,33,22,7100,7729,30,31,35,39,38,36,37,34,7730,6600,40,20,26,27,24,25,21],"class_list":{"0":"post-24773","1":"post","2":"type-post","3":"status-publish","4":"format-standard","5":"has-post-thumbnail","7":"category-aktualitates","8":"tag-aktualitates","9":"tag-birokratija","10":"tag-breaking-news","11":"tag-breakingnews","12":"tag-featured-news","13":"tag-featurednews","14":"tag-headlines","15":"tag-janis-endzins","16":"tag-katrina-zarina","17":"tag-latest-news","18":"tag-latestnews","19":"tag-latvia","20":"tag-latvian","21":"tag-latviesu","22":"tag-latviesu-valoda","23":"tag-latviesuvaloda","24":"tag-latvija","25":"tag-latvijas-tirdzniecibas-un-rupniecibas-kamera","26":"tag-ltrk","27":"tag-lv","28":"tag-news","29":"tag-popularakas-zinas","30":"tag-popularakaszinas","31":"tag-top-stories","32":"tag-topstories","33":"tag-zinas"},"share_on_mastodon":{"url":"","error":""},"_links":{"self":[{"href":"https:\/\/www.europesays.com\/lv\/wp-json\/wp\/v2\/posts\/24773","targetHints":{"allow":["GET"]}}],"collection":[{"href":"https:\/\/www.europesays.com\/lv\/wp-json\/wp\/v2\/posts"}],"about":[{"href":"https:\/\/www.europesays.com\/lv\/wp-json\/wp\/v2\/types\/post"}],"author":[{"embeddable":true,"href":"https:\/\/www.europesays.com\/lv\/wp-json\/wp\/v2\/users\/2"}],"replies":[{"embeddable":true,"href":"https:\/\/www.europesays.com\/lv\/wp-json\/wp\/v2\/comments?post=24773"}],"version-history":[{"count":0,"href":"https:\/\/www.europesays.com\/lv\/wp-json\/wp\/v2\/posts\/24773\/revisions"}],"wp:featuredmedia":[{"embeddable":true,"href":"https:\/\/www.europesays.com\/lv\/wp-json\/wp\/v2\/media\/24774"}],"wp:attachment":[{"href":"https:\/\/www.europesays.com\/lv\/wp-json\/wp\/v2\/media?parent=24773"}],"wp:term":[{"taxonomy":"category","embeddable":true,"href":"https:\/\/www.europesays.com\/lv\/wp-json\/wp\/v2\/categories?post=24773"},{"taxonomy":"post_tag","embeddable":true,"href":"https:\/\/www.europesays.com\/lv\/wp-json\/wp\/v2\/tags?post=24773"}],"curies":[{"name":"wp","href":"https:\/\/api.w.org\/{rel}","templated":true}]}}