{"id":24781,"date":"2025-10-19T05:40:08","date_gmt":"2025-10-19T05:40:08","guid":{"rendered":"https:\/\/www.europesays.com\/lv\/24781\/"},"modified":"2025-10-19T05:40:08","modified_gmt":"2025-10-19T05:40:08","slug":"latvija-nelegali-dzivojoso-krievijas-pilsonu-piespiedu-izraidisana-prasis-vairakus-menesus","status":"publish","type":"post","link":"https:\/\/www.europesays.com\/lv\/24781\/","title":{"rendered":"Latvij\u0101 neleg\u0101li dz\u012bvojo\u0161o Krievijas pilso\u0146u piespiedu izraid\u012b\u0161ana pras\u012bs vair\u0101kus m\u0113ne\u0161us"},"content":{"rendered":"<p>Stingr\u0101kas pras\u012bbas uztur\u0113\u0161an\u0101s at\u013cauju izsnieg\u0161anai Krievijas pilso\u0146iem tika ieviestas pirms diviem gadiem. S\u0101kum\u0101 t\u0101s bija attiecin\u0101mas uz 30 t\u016bksto\u0161iem Latvij\u0101 dz\u012bvojo\u0161o, liel\u0101ka da\u013ca no kuriem vai nu aizbrauca no Latvijas, vai nu savu statusu nok\u0101rtoja.<\/p>\n<p>P\u0113d\u0113jo iesniegumu pie\u0146em\u0161anas laiks iztec\u0113ja 13. oktobr\u012b. Un patreiz Latvij\u0101 faktiski neleg\u0101li uzturas gandr\u012bz 500 cilv\u0113ki, kuriem ir beidzies past\u0101v\u012bg\u0101s uztur\u0113\u0161an\u0101s at\u013cauju der\u012bguma termi\u0146\u0161, un kuri nav iesnigu\u0161i dokumentus t\u0101 pagarin\u0101\u0161anai.<\/p>\n<p>Pilson\u012bbas un migr\u0101cijas lietu p\u0101rvalde pie\u013cauj, ka da\u013ca no atliku\u0161ajiem tom\u0113r ir izbrauku\u0161i vai miru\u0161i. P\u0101rejos Valsts Robe\u017esardzes darbinieki uzmekl\u0113s dz\u012bves viet\u0101s.<\/p>\n<p>Krievijas pilso\u0146i s\u0101kum\u0101 sa\u0146ems r\u012bkojumu pamests Latviju br\u012bvpr\u0101t\u012bgi, tad atkal tiks veikta p\u0101rbaude, un tikai p\u0113c tam sekos piespiedu izraid\u012b\u0161ana. Tas noz\u012bm\u0113s, ka atliku\u0161ie Krievijas pilso\u0146i zem robe\u017esargu konvoja tiks aizvesti uz k\u0101du no robe\u017ekontroles punktiem \u201cTerehova\u201d vai \u201cGreb\u0146eva\u201d un nodoti Krievijas pusei.<\/p>\n<p>Jau v\u0113st\u012bts, ka 2023. gada septembr\u012b Saeima pie\u0146\u0113ma Imigr\u0101cijas likuma groz\u012bjumus, kas noteica, ka Krievijas pilso\u0146i, kuri bija pieteiku\u0161ies, ta\u010du nebija sekm\u012bgi nok\u0101rtoju\u0161i valsts valodas p\u0101rbaudi vai nebija to k\u0101rtoju\u0161i attaisnojo\u0161u iemeslu d\u0113\u013c, var sa\u0146emt uztur\u0113\u0161an\u0101s at\u013cauju uz laiku l\u012bdz diviem gadiem.<\/p>\n<p>Tas neattiecas uz tiem Krievijas pilso\u0146iem, kuri past\u0101v\u012bg\u0101s uztur\u0113\u0161an\u0101s at\u013caujas ieguvu\u0161i saska\u0146\u0101 ar t\u0101 saukto \u0101rvalstnieku likumu un kuriem l\u012bdz \u0161im nepras\u012bja valodas zin\u0101\u0161anas.<\/p>\n","protected":false},"excerpt":{"rendered":"Stingr\u0101kas pras\u012bbas uztur\u0113\u0161an\u0101s at\u013cauju izsnieg\u0161anai Krievijas pilso\u0146iem tika ieviestas pirms diviem gadiem. S\u0101kum\u0101 t\u0101s bija attiecin\u0101mas uz 30&hellip;\n","protected":false},"author":2,"featured_media":24782,"comment_status":"","ping_status":"","sticky":false,"template":"","format":"standard","meta":{"footnotes":""},"categories":[12],"tags":[23,28,29,32,33,22,234,30,31,35,39,38,36,37,34,40,20,161,26,27,24,25,21],"class_list":{"0":"post-24781","1":"post","2":"type-post","3":"status-publish","4":"format-standard","5":"has-post-thumbnail","7":"category-latvija","8":"tag-aktualitates","9":"tag-breaking-news","10":"tag-breakingnews","11":"tag-featured-news","12":"tag-featurednews","13":"tag-headlines","14":"tag-krievija","15":"tag-latest-news","16":"tag-latestnews","17":"tag-latvia","18":"tag-latvian","19":"tag-latviesu","20":"tag-latviesu-valoda","21":"tag-latviesuvaloda","22":"tag-latvija","23":"tag-lv","24":"tag-news","25":"tag-pmlp","26":"tag-popularakas-zinas","27":"tag-popularakaszinas","28":"tag-top-stories","29":"tag-topstories","30":"tag-zinas"},"share_on_mastodon":{"url":"","error":""},"_links":{"self":[{"href":"https:\/\/www.europesays.com\/lv\/wp-json\/wp\/v2\/posts\/24781","targetHints":{"allow":["GET"]}}],"collection":[{"href":"https:\/\/www.europesays.com\/lv\/wp-json\/wp\/v2\/posts"}],"about":[{"href":"https:\/\/www.europesays.com\/lv\/wp-json\/wp\/v2\/types\/post"}],"author":[{"embeddable":true,"href":"https:\/\/www.europesays.com\/lv\/wp-json\/wp\/v2\/users\/2"}],"replies":[{"embeddable":true,"href":"https:\/\/www.europesays.com\/lv\/wp-json\/wp\/v2\/comments?post=24781"}],"version-history":[{"count":0,"href":"https:\/\/www.europesays.com\/lv\/wp-json\/wp\/v2\/posts\/24781\/revisions"}],"wp:featuredmedia":[{"embeddable":true,"href":"https:\/\/www.europesays.com\/lv\/wp-json\/wp\/v2\/media\/24782"}],"wp:attachment":[{"href":"https:\/\/www.europesays.com\/lv\/wp-json\/wp\/v2\/media?parent=24781"}],"wp:term":[{"taxonomy":"category","embeddable":true,"href":"https:\/\/www.europesays.com\/lv\/wp-json\/wp\/v2\/categories?post=24781"},{"taxonomy":"post_tag","embeddable":true,"href":"https:\/\/www.europesays.com\/lv\/wp-json\/wp\/v2\/tags?post=24781"}],"curies":[{"name":"wp","href":"https:\/\/api.w.org\/{rel}","templated":true}]}}