{"id":24783,"date":"2025-10-19T05:41:11","date_gmt":"2025-10-19T05:41:11","guid":{"rendered":"https:\/\/www.europesays.com\/lv\/24783\/"},"modified":"2025-10-19T05:41:11","modified_gmt":"2025-10-19T05:41:11","slug":"skatuves-makslinieku-izdienas-pensijas-saglabatas-pamatojoties-uz-darba-slodzi-un-riskiem-lente-lv","status":"publish","type":"post","link":"https:\/\/www.europesays.com\/lv\/24783\/","title":{"rendered":"Skatuves m\u0101kslinieku izdienas pensijas saglab\u0101tas, pamatojoties uz darba slodzi un riskiem\u00a0\u2014\u00a0Lente.lv"},"content":{"rendered":"<p>Kult\u016bras ministrija skaidro izdienas pensiju saglab\u0101\u0161anas pamatojumu skatuves m\u0101ksliniekiem<\/p>\n<p>Kult\u016bras ministrija (KM) ir izstr\u0101d\u0101jusi groz\u012bjumus likum\u0101 par valsts un pa\u0161vald\u012bbu profesion\u0101lo or\u0137estru, koru, koncertorganiz\u0101ciju, te\u0101tru un cirka m\u0101kslinieku izdienas pensij\u0101m, lai nodro\u0161in\u0101tu sist\u0113mas ilgtsp\u0113ju un samazin\u0101tu nevienl\u012bdz\u012bbu starp da\u017e\u0101d\u0101m nozar\u0113m. Lai gan tiek pl\u0101notas izmai\u0146as, kas skar izdienas pensiju apr\u0113\u0137ina k\u0101rt\u012bbu un st\u0101jas sp\u0113k\u0101 pak\u0101peniski no 2026. un 2027. gada, skatuves m\u0101kslinieku ties\u012bbas uz \u0161\u012bm pensij\u0101m tiks saglab\u0101tas, \u0146emot v\u0113r\u0101 profesijas specifiku.<\/p>\n<p>Darba slodze un riski k\u0101 izdienas pensiju pamats<\/p>\n<p>KM p\u0101rst\u0101vji uzsver, ka izdienas pensiju saglab\u0101\u0161ana skatuves m\u0101ksliniekiem ir pamatota ar darba specifiku, kas ietver fiziski smagu, intens\u012bvu un traumatisku izgl\u012bto\u0161an\u0101s un darba procesu. Profesion\u0101lo sp\u0113ju zudums, kas saist\u012bts ar fiziolo\u0123isku p\u0101rslodzi un dabisku noveco\u0161anos, ir b\u016btisks faktors, kas pamato \u0161\u012bs kategorijas speci\u0101listu atbalstu. Tas attiecas uz t\u0101d\u0101m profesij\u0101m k\u0101 baletdejot\u0101ji, cirka m\u0101kslinieki, dzied\u0101t\u0101ji, or\u0137estra m\u016bzi\u0137i un aktieri, kuri nereti karjeru s\u0101k \u013coti agr\u0101 jaun\u012bb\u0101.<\/p>\n<p>Izmai\u0146as un p\u0101rejas periods<\/p>\n<p>Lai gan pl\u0101nots pak\u0101peniski palielin\u0101t darba st\u0101\u017eu te\u0101tru aktieriem par pieciem gadiem, cit\u0101m skatuves m\u0101kslinieku grup\u0101m nosac\u012bjumi paliks l\u012bdz\u0161in\u0113jie. Minim\u0101lais izdienas pensijas apm\u0113rs tiks samazin\u0101ts, un jaunie m\u0101kslinieki, kas darbu s\u0101ks p\u0113c 2027. gada 1. janv\u0101ra, vairs nevar\u0113s pretend\u0113t uz izdienas pensiju. Tom\u0113r eso\u0161ajiem m\u0101ksliniekiem tiks nodro\u0161in\u0101ta pak\u0101peniska p\u0101reja, un ties\u012bbas saglab\u0101sies person\u0101m, kuras l\u012bdz 2026. gada beig\u0101m b\u016bs ieguvu\u0161as ties\u012bbas uz izdienas pensiju vai t\u0101s sa\u0146ems. Patlaban izdienas pensijas sa\u0146em 208 m\u0101kslinieki, kas ir aptuveni 1,5% no kop\u0113j\u0101m valsts izmaks\u0101m \u0161im m\u0113r\u0137im. Vid\u0113jais izdienas pensijas apm\u0113rs m\u0101ksliniekiem ir 761,03 eiro bruto, kas ir zem\u0101ks nek\u0101 vid\u0113ji valst\u012b.<\/p>\n<blockquote>\n<p>\u201eIzstr\u0101d\u0101jot izmai\u0146as izdienas pensiju sist\u0113mas sa\u0146em\u0161anas k\u0101rt\u012bb\u0101 kult\u016bras nozar\u0113 str\u0101d\u0101jo\u0161ajiem, esam pild\u012bju\u0161i sol\u012bjumu, t\u0101s vispirms p\u0101rrun\u0101t un saska\u0146ot ar nozari. Ir \u013coti b\u016btiski, ka skatuves m\u0101kslinieki turpin\u0101s sa\u0146emt nepiecie\u0161amo soci\u0101lo aizsardz\u012bbu,\u201d uzsver kult\u016bras ministre Agnese L\u0101ce.<\/p>\n<\/blockquote>\n","protected":false},"excerpt":{"rendered":"Kult\u016bras ministrija skaidro izdienas pensiju saglab\u0101\u0161anas pamatojumu skatuves m\u0101ksliniekiem Kult\u016bras ministrija (KM) ir izstr\u0101d\u0101jusi groz\u012bjumus likum\u0101 par valsts&hellip;\n","protected":false},"author":2,"featured_media":24784,"comment_status":"","ping_status":"","sticky":false,"template":"","format":"standard","meta":{"footnotes":""},"categories":[5],"tags":[23,28,29,32,33,22,7732,1813,30,31,35,39,38,36,37,34,40,7735,20,7734,26,27,7733,24,25,21],"class_list":{"0":"post-24783","1":"post","2":"type-post","3":"status-publish","4":"format-standard","5":"has-post-thumbnail","7":"category-aktualitates","8":"tag-aktualitates","9":"tag-breaking-news","10":"tag-breakingnews","11":"tag-featured-news","12":"tag-featurednews","13":"tag-headlines","14":"tag-izdienas-pensija","15":"tag-kulturas-ministrija","16":"tag-latest-news","17":"tag-latestnews","18":"tag-latvia","19":"tag-latvian","20":"tag-latviesu","21":"tag-latviesu-valoda","22":"tag-latviesuvaloda","23":"tag-latvija","24":"tag-lv","25":"tag-makslinieku-darba-slodze","26":"tag-news","27":"tag-pensiju-reforma","28":"tag-popularakas-zinas","29":"tag-popularakaszinas","30":"tag-skatuves-makslinieki","31":"tag-top-stories","32":"tag-topstories","33":"tag-zinas"},"share_on_mastodon":{"url":"","error":""},"_links":{"self":[{"href":"https:\/\/www.europesays.com\/lv\/wp-json\/wp\/v2\/posts\/24783","targetHints":{"allow":["GET"]}}],"collection":[{"href":"https:\/\/www.europesays.com\/lv\/wp-json\/wp\/v2\/posts"}],"about":[{"href":"https:\/\/www.europesays.com\/lv\/wp-json\/wp\/v2\/types\/post"}],"author":[{"embeddable":true,"href":"https:\/\/www.europesays.com\/lv\/wp-json\/wp\/v2\/users\/2"}],"replies":[{"embeddable":true,"href":"https:\/\/www.europesays.com\/lv\/wp-json\/wp\/v2\/comments?post=24783"}],"version-history":[{"count":0,"href":"https:\/\/www.europesays.com\/lv\/wp-json\/wp\/v2\/posts\/24783\/revisions"}],"wp:featuredmedia":[{"embeddable":true,"href":"https:\/\/www.europesays.com\/lv\/wp-json\/wp\/v2\/media\/24784"}],"wp:attachment":[{"href":"https:\/\/www.europesays.com\/lv\/wp-json\/wp\/v2\/media?parent=24783"}],"wp:term":[{"taxonomy":"category","embeddable":true,"href":"https:\/\/www.europesays.com\/lv\/wp-json\/wp\/v2\/categories?post=24783"},{"taxonomy":"post_tag","embeddable":true,"href":"https:\/\/www.europesays.com\/lv\/wp-json\/wp\/v2\/tags?post=24783"}],"curies":[{"name":"wp","href":"https:\/\/api.w.org\/{rel}","templated":true}]}}