{"id":24815,"date":"2025-10-19T06:29:22","date_gmt":"2025-10-19T06:29:22","guid":{"rendered":"https:\/\/www.europesays.com\/lv\/24815\/"},"modified":"2025-10-19T06:29:22","modified_gmt":"2025-10-19T06:29:22","slug":"piecas-rudens-pastaigu-takas-stundas-brauciena-attaluma-no-rigas","status":"publish","type":"post","link":"https:\/\/www.europesays.com\/lv\/24815\/","title":{"rendered":"Piecas rudens pastaigu takas stundas brauciena att\u0101lum\u0101 no R\u012bgas"},"content":{"rendered":"<p>Zeltain\u0101s lapas un dzestr\u0101 rudens saul\u012bte ir ide\u0101ls laiks,&#13;<br \/>\nlai termokr\u016bz\u0113 \u0146emtu l\u012bdzi k\u0101du siltu dz\u0113rienu un dotos baud\u012bt rudeni dab\u0101. Lai&#13;<br \/>\nneb\u016btu \u201cj\u0101lauza galva\u201d, kur doties, \u201c1188.lv\u201d apkopojis piecas pastaigu takas,&#13;<br \/>\nkas atrodas tikai stundas brauciena att\u0101lum\u0101 no R\u012bgas.<\/p>\n<p>Me\u017ea terapijas taka pie Ogres<\/p>\n<p>\u0160ogad pie vides izgl\u012bt\u012bbas centra \u201cEkVidO\u201d izveidota Latvij\u0101&#13;<br \/>\npirm\u0101 Me\u017ea terapijas taka. T\u0101 ir veidota ar da\u017e\u0101diem vides elementiem un&#13;<br \/>\nuzdevumu aprakstiem, kas \u013cauj ikvienam \u2013 vienatn\u0113 vai kop\u0101 ar \u0123imeni vai&#13;<br \/>\ndraugiem \u2013 doties pastaig\u0101, atp\u016bsties, izbaud\u012bt dabas mieru un atg\u016bt sp\u0113kus.<\/p>\n<p>Takas garums vien\u0101 virzien\u0101 ir aptuveni pusotrs kilometrs,&#13;<br \/>\nun mar\u0161rut\u0101 izveidotas piecas pieturvietas, kur\u0101s, izmantojot da\u017e\u0101das ma\u0146as,&#13;<br \/>\niesp\u0113jams p\u0113t\u012bt dabu, nomierin\u0101t pr\u0101tu un g\u016bt pozit\u012bvas emocijas.<\/p>\n<p>Vair\u0101k lasi <a target=\"_blank\" href=\"https:\/\/www.1188.lv\/zinas\/netalu-no-ogres-atklas-latvija-pirmo-meza-terapijas-taku\/54607\" rel=\"nofollow noopener\">\u0161eit<\/a>.<\/p>\n<p>Doles salas dabas parks<\/p>\n<p>Dabas parks \u201eDoles sala\u201d 1044 ha plat\u012bb\u0101 izveidots 1987.&#13;<br \/>\ngad\u0101, lai saglab\u0101tu Doles salas neappludin\u0101t\u0101s da\u013cas ainavas savdab\u012bbu,&#13;<br \/>\nkult\u016brv\u0113sturiskos pieminek\u013cus un nodro\u0161in\u0101tu optim\u0101lu rekre\u0101cijas resursu&#13;<br \/>\nizmanto\u0161anu. T\u0101 ir ar\u012b Eiropas noz\u012bmes aizsarg\u0101jam\u0101 dabas teritorija \u201eNatura&#13;<br \/>\n2000\u201d ar v\u0113rt\u012bgiem \u012bpa\u0161i aizsarg\u0101jamiem biotopiem.<\/p>\n<p>Dabas parka centr\u0101lo da\u013cu aiz\u0146em prie\u017eu me\u017ei, bet Daugavas&#13;<br \/>\nteras\u0113s atrodas p\u013cavas un t\u012brumi, teritorij\u0101 ietilpst ar\u012b Doles mui\u017eas&#13;<br \/>\nkomplekss ar parku. Sal\u0101 saglab\u0101ju\u0161\u0101s vair\u0101kas aizsarg\u0101jamas augu sugas.&#13;<br \/>\nMain\u012bg\u0101 Daugava un Doles sala ar daudzveid\u012bgu putnu sugu uztur\u0113\u0161an\u0101s viet\u0101m&#13;<br \/>\nvisu gadu ir interesanta uzman\u012bgiem putnu v\u0113rot\u0101jiem, k\u0101 ar\u012b dabas draugiem \u2013&#13;<br \/>\npastaigu m\u012b\u013cot\u0101jiem un velobrauc\u0113jiem.<\/p>\n<p>Vair\u0101k lasi <a target=\"_blank\" href=\"https:\/\/visit.salaspils.lv\/lv\/ko-apskatit\/doles-sala-dabas-vertibas\/doles-salas-dabas-parks-2\/\" rel=\"nofollow noopener\">\u0161eit<\/a>.<\/p>\n<p>Me\u017ea galerija Baldon\u0113<\/p>\n<p>Me\u017ea galerija ir da\u013ca no Baldones St\u0101stu takas (Lielais loks&#13;<br \/>\nun Riekstukalna taka). Taj\u0101 ir izvietotas 34 gleznas, ko gleznoju\u0161i Baldones&#13;<br \/>\nglezniec\u012bbas plen\u0113ra dal\u012bbnieki. Mar\u0161ruta garums ir aptuveni 1,5 km, ta\u010du to&#13;<br \/>\nvar apvienot ar Riekstukalna takas vai Liel\u0101 loka mar\u0161rutu.<\/p>\n<p>Vair\u0101k lasi <a target=\"_blank\" href=\"https:\/\/turisms.kekava.lv\/baldones-stastu-takas-meza-galerija\/\" rel=\"nofollow noopener\">\u0161eit<\/a>.<\/p>\n<p>Spogu\u013cot\u0101 Medema purva taka<\/p>\n<p>2023. gad\u0101 tika izveidota pastaigu taka Medema purv\u0101,&#13;<br \/>\nM\u0101rupes novad\u0101. Projekta ietvaros izveidota 1,3 km gara pastaigu taka ar&#13;<br \/>\nvair\u0101kiem labiek\u0101rtojuma elementiem \u2013 \u012bpa\u0161a dizaina soliem, tiltiem, uzzi\u0146as&#13;<br \/>\ninform\u0101cijas stendiem, k\u0101 ar\u012b foto r\u0101mi, lai iem\u016b\u017ein\u0101tu r\u0101mo purva ezeri\u0146a&#13;<br \/>\nainavu. Mitr\u0101ju \u0161\u0137\u0113rso\u0161anai vien\u0101 no takas posmiem izb\u016bv\u0113ta 230 m gara koka&#13;<br \/>\nlaipa.<\/p>\n<p>Vis\u0101 takas garum\u0101 uz kokiem atz\u012bm\u0113tas mar\u0137\u0113juma z\u012bmes balt\u0101&#13;<br \/>\nun dzelten\u0101 kr\u0101s\u0101, kas pal\u012bdz orient\u0113ties mar\u0161rut\u0101.<\/p>\n<p>Takas lok\u0101ciju kart\u0113 skaties <a target=\"_blank\" href=\"https:\/\/www.google.com\/maps\/place\/%E2%80%9CMedema+Purvs%E2%80%9D+dabas+taka\/@56.867534,24.012085,13z\/data=!4m6!3m5!1s0x46eed7ad7b1d6473:0xb33643ccc52a3eb2!8m2!3d56.8675343!4d24.0120851!16s%2Fg%2F11vb6fft7v?hl=en&amp;entry=ttu\" rel=\"nofollow noopener\">\u0161eit<\/a>.<\/p>\n<p>Slokas ezera taka<\/p>\n<p>Lokveida takas garums ir 3,1 km. Vien\u0101 virzien\u0101 taka iet gar&#13;<br \/>\nezera krastu, bet otr\u0101 virzien\u0101 \u2013 cauri me\u017eam. Ejot pa pastaigu taku, var\u0113siet&#13;<br \/>\nv\u0113rot, k\u0101 da\u017e\u0101di me\u017ea tipi nomaina viens otru. Ejot pa taku, ir iesp\u0113jams&#13;<br \/>\npapildus apmekl\u0113t Melnezeru un ce\u013cu t\u0101l\u0101k turpin\u0101t uz Jaun\u0137emeru pludmali (4,5&#13;<br \/>\nkm).<\/p>\n<p>Vair\u0101k lasi <a target=\"_blank\" href=\"http:\/\/www.kemerunacionalaisparks.lv\/?r=72\" rel=\"nofollow noopener\">\u0161eit<\/a>.<\/p>\n<p>Lasi ar\u012b:<\/p>\n<p>&#13;<br \/>\n&#13;<br \/>\n<a target=\"_blank\" href=\"https:\/\/www.1188.lv\/zinas\/izveidots-jaunu-pargajienu-marsruts-zvirgzdes-baltaja-kapa\/51288\" rel=\"nofollow noopener\">Izveidots jaunu p\u0101rg\u0101jienu mar\u0161ruts Zvirgzdes Baltaj\u0101 k\u0101p\u0101<\/a>&#13;<br \/>\n&#13;<br \/>\n<\/p>\n<p>&#13;<br \/>\n&#13;<br \/>\n<a target=\"_blank\" href=\"https:\/\/www.1188.lv\/zinas\/foto-rudens-suligas-krasas-gaujas-senleja-fotografs-atklaj-ka-notvert-visskaistakos-kadrus\/38590\" rel=\"nofollow noopener\">FOTO: Rudens sul\u012bg\u0101s kr\u0101s\u0101s Gaujas senlej\u0101 \u2013 fotogr\u0101fs atkl\u0101j, k\u0101 notvert visskaist\u0101kos kadrus<\/a>&#13;<br \/>\n&#13;<br \/>\n<\/p>\n<p>&#13;<br \/>\n&#13;<br \/>\n<a target=\"_blank\" href=\"https:\/\/www.1188.lv\/zinas\/brivdienu-celvedis-4-interesanti-rudens-pastaigu-galamerki-lietuvas-pierobeza\/37502\" rel=\"nofollow noopener\">Br\u012bvdienu ce\u013cvedis: 4 interesanti rudens pastaigu galam\u0113r\u0137i Lietuvas pierobe\u017e\u0101<\/a>&#13;<br \/>\n&#13;<br \/>\n<\/p>\n<p><img decoding=\"async\" src=\"https:\/\/www.europesays.com\/lv\/wp-content\/uploads\/2025\/10\/a791d9fbef7ddfbcc31d86f5afdffbc6.jpg\" title=\"Baldones Me\u017ea galerija. Foto: \u0136ekavas novads\" alt=\"Baldones Me\u017ea galerija. Foto: \u0136ekavas novads\"\/><\/p>\n<p class=\"article-img-desc\">Baldones Me\u017ea galerija. Foto: \u0136ekavas novads<\/p>\n","protected":false},"excerpt":{"rendered":"Zeltain\u0101s lapas un dzestr\u0101 rudens saul\u012bte ir ide\u0101ls laiks,&#13; lai termokr\u016bz\u0113 \u0146emtu l\u012bdzi k\u0101du siltu dz\u0113rienu un dotos&hellip;\n","protected":false},"author":2,"featured_media":24816,"comment_status":"","ping_status":"","sticky":false,"template":"","format":"standard","meta":{"footnotes":""},"categories":[5],"tags":[129,7757,7760,7754,7763,23,28,29,32,33,22,30,31,35,39,38,36,37,34,40,20,26,27,7761,7758,7764,7755,7762,7759,7765,7756,24,25,21],"class_list":{"0":"post-24815","1":"post","2":"type-post","3":"status-publish","4":"format-standard","5":"has-post-thumbnail","7":"category-aktualitates","8":"tag-__typenameadvicekeyword","9":"tag-id403","10":"tag-id476","11":"tag-id48","12":"tag-id618","13":"tag-aktualitates","14":"tag-breaking-news","15":"tag-breakingnews","16":"tag-featured-news","17":"tag-featurednews","18":"tag-headlines","19":"tag-latest-news","20":"tag-latestnews","21":"tag-latvia","22":"tag-latvian","23":"tag-latviesu","24":"tag-latviesu-valoda","25":"tag-latviesuvaloda","26":"tag-latvija","27":"tag-lv","28":"tag-news","29":"tag-popularakas-zinas","30":"tag-popularakaszinas","31":"tag-slugactive-recreation","32":"tag-slugnatural-trails","33":"tag-slugrudens","34":"tag-slugwhere-to-go","35":"tag-titleactive-recreation","36":"tag-titlenatural-trails","37":"tag-titlerudens","38":"tag-titlewhere-to-go","39":"tag-top-stories","40":"tag-topstories","41":"tag-zinas"},"share_on_mastodon":{"url":"","error":""},"_links":{"self":[{"href":"https:\/\/www.europesays.com\/lv\/wp-json\/wp\/v2\/posts\/24815","targetHints":{"allow":["GET"]}}],"collection":[{"href":"https:\/\/www.europesays.com\/lv\/wp-json\/wp\/v2\/posts"}],"about":[{"href":"https:\/\/www.europesays.com\/lv\/wp-json\/wp\/v2\/types\/post"}],"author":[{"embeddable":true,"href":"https:\/\/www.europesays.com\/lv\/wp-json\/wp\/v2\/users\/2"}],"replies":[{"embeddable":true,"href":"https:\/\/www.europesays.com\/lv\/wp-json\/wp\/v2\/comments?post=24815"}],"version-history":[{"count":0,"href":"https:\/\/www.europesays.com\/lv\/wp-json\/wp\/v2\/posts\/24815\/revisions"}],"wp:featuredmedia":[{"embeddable":true,"href":"https:\/\/www.europesays.com\/lv\/wp-json\/wp\/v2\/media\/24816"}],"wp:attachment":[{"href":"https:\/\/www.europesays.com\/lv\/wp-json\/wp\/v2\/media?parent=24815"}],"wp:term":[{"taxonomy":"category","embeddable":true,"href":"https:\/\/www.europesays.com\/lv\/wp-json\/wp\/v2\/categories?post=24815"},{"taxonomy":"post_tag","embeddable":true,"href":"https:\/\/www.europesays.com\/lv\/wp-json\/wp\/v2\/tags?post=24815"}],"curies":[{"name":"wp","href":"https:\/\/api.w.org\/{rel}","templated":true}]}}