{"id":24821,"date":"2025-10-19T06:34:09","date_gmt":"2025-10-19T06:34:09","guid":{"rendered":"https:\/\/www.europesays.com\/lv\/24821\/"},"modified":"2025-10-19T06:34:09","modified_gmt":"2025-10-19T06:34:09","slug":"kara-ukraina-joprojam-ir-ari-pirma-un-otra-pasaules-kara-elementi","status":"publish","type":"post","link":"https:\/\/www.europesays.com\/lv\/24821\/","title":{"rendered":"Kar\u0101 Ukrain\u0101 joproj\u0101m ir ar\u012b Pirm\u0101 un Otr\u0101 pasaules kara elementi"},"content":{"rendered":"<p>Run\u0101jot par to, cik \u013coti karadarb\u012bba ir main\u012bjusies \u0161\u012b kara laik\u0101, Bauers nor\u0101d\u012bja, ka \u013coti svar\u012bgs ir psiholo\u0123iskais kara elements, proti, vai karav\u012brs saprot, par ko c\u012bn\u0101s. &#8220;Ukrainas karav\u012bri zina, par ko vi\u0146i c\u012bn\u0101s. Krievu karav\u012briem par to nav ne jausmas. T\u0101p\u0113c vi\u0146u c\u012b\u0146asspars ir pavisam cit\u0101d\u0101ks nek\u0101 ukrai\u0146iem,&#8221; vi\u0146\u0161 pauda.<\/p>\n<p>Otrs elements ir misijas vad\u012bbas noz\u012bme, kad cilv\u0113ki visaugst\u0101kaj\u0101 l\u012bmen\u012b nosaka, k\u0101p\u0113c kaut kas ir svar\u012bgs un kas ir j\u0101sasniedz, bet p\u0113c tam zem\u0101kaj\u0101 l\u012bmen\u012b atst\u0101j l\u0113mumus par to, tie\u0161i k\u0101 to izdar\u012bt, skaidroja Bauers.<\/p>\n<p>Vi\u0146\u0161 uzsv\u0113ra, ka 2022. gada pavasar\u012b un vasaras s\u0101kum\u0101 ukrai\u0146i atguva 50% no t\u0101, ko bija sagr\u0101bu\u0161i krievi, jo \u0161\u012bs misijas vad\u012bba un iniciat\u012bva bija rotas l\u012bmen\u012b. &#8220;Kad rotas komandieri b\u016bt\u012bb\u0101 saskat\u012bja iesp\u0113ju un saprata, ka ir j\u0101atg\u016bst viss, kas pieder\u0113ja, vi\u0146i to ar\u012b izdar\u012bja. Bet krieviem par katru izmai\u0146u bija j\u0101zvana uz Maskavu,&#8221; st\u0101st\u012bja Bauers.<\/p>\n<p>Tre\u0161k\u0101rt, neraugoties uz diskusij\u0101m par inov\u0101cij\u0101m un augstaj\u0101m tehnolo\u0123ij\u0101m vai m\u0101ksl\u012bgo intelektu, karadarb\u012bb\u0101 joproj\u0101m ir ar\u012b Pirm\u0101 un Otr\u0101 pasaules kara elementi. Ierakumu kar\u0161 ir atgriezies, vi\u0146\u0161 sac\u012bja.<\/p>\n","protected":false},"excerpt":{"rendered":"Run\u0101jot par to, cik \u013coti karadarb\u012bba ir main\u012bjusies \u0161\u012b kara laik\u0101, Bauers nor\u0101d\u012bja, ka \u013coti svar\u012bgs ir psiholo\u0123iskais&hellip;\n","protected":false},"author":2,"featured_media":24822,"comment_status":"","ping_status":"","sticky":false,"template":"","format":"standard","meta":{"footnotes":""},"categories":[12],"tags":[23,28,29,32,33,22,74,30,31,35,39,38,36,37,34,40,20,26,27,7767,24,25,276,21],"class_list":{"0":"post-24821","1":"post","2":"type-post","3":"status-publish","4":"format-standard","5":"has-post-thumbnail","7":"category-latvija","8":"tag-aktualitates","9":"tag-breaking-news","10":"tag-breakingnews","11":"tag-featured-news","12":"tag-featurednews","13":"tag-headlines","14":"tag-krievijas-iebrukums-ukraina","15":"tag-latest-news","16":"tag-latestnews","17":"tag-latvia","18":"tag-latvian","19":"tag-latviesu","20":"tag-latviesu-valoda","21":"tag-latviesuvaloda","22":"tag-latvija","23":"tag-lv","24":"tag-news","25":"tag-popularakas-zinas","26":"tag-popularakaszinas","27":"tag-rob-bauer","28":"tag-top-stories","29":"tag-topstories","30":"tag-ukraina","31":"tag-zinas"},"share_on_mastodon":{"url":"","error":""},"_links":{"self":[{"href":"https:\/\/www.europesays.com\/lv\/wp-json\/wp\/v2\/posts\/24821","targetHints":{"allow":["GET"]}}],"collection":[{"href":"https:\/\/www.europesays.com\/lv\/wp-json\/wp\/v2\/posts"}],"about":[{"href":"https:\/\/www.europesays.com\/lv\/wp-json\/wp\/v2\/types\/post"}],"author":[{"embeddable":true,"href":"https:\/\/www.europesays.com\/lv\/wp-json\/wp\/v2\/users\/2"}],"replies":[{"embeddable":true,"href":"https:\/\/www.europesays.com\/lv\/wp-json\/wp\/v2\/comments?post=24821"}],"version-history":[{"count":0,"href":"https:\/\/www.europesays.com\/lv\/wp-json\/wp\/v2\/posts\/24821\/revisions"}],"wp:featuredmedia":[{"embeddable":true,"href":"https:\/\/www.europesays.com\/lv\/wp-json\/wp\/v2\/media\/24822"}],"wp:attachment":[{"href":"https:\/\/www.europesays.com\/lv\/wp-json\/wp\/v2\/media?parent=24821"}],"wp:term":[{"taxonomy":"category","embeddable":true,"href":"https:\/\/www.europesays.com\/lv\/wp-json\/wp\/v2\/categories?post=24821"},{"taxonomy":"post_tag","embeddable":true,"href":"https:\/\/www.europesays.com\/lv\/wp-json\/wp\/v2\/tags?post=24821"}],"curies":[{"name":"wp","href":"https:\/\/api.w.org\/{rel}","templated":true}]}}