{"id":24823,"date":"2025-10-19T06:35:12","date_gmt":"2025-10-19T06:35:12","guid":{"rendered":"https:\/\/www.europesays.com\/lv\/24823\/"},"modified":"2025-10-19T06:35:12","modified_gmt":"2025-10-19T06:35:12","slug":"4-veji-un-augustina-istaba-sanem-atzinibu-lente-lv","status":"publish","type":"post","link":"https:\/\/www.europesays.com\/lv\/24823\/","title":{"rendered":"\u201c4 v\u0113ji\u201d un \u201cAugusti\u0146a istaba\u201d sa\u0146em atzin\u012bbu\u00a0\u2014\u00a0Lente.lv"},"content":{"rendered":"<p>Soci\u0101l\u0101s uz\u0146\u0113m\u0113jdarb\u012bbas sp\u012bdek\u013ci 2025. gad\u0101: \u201c4 v\u0113ji\u201d un \u201cAugusti\u0146a istaba\u201d sa\u0146em atzin\u012bbu<\/p>\n<p>Pag\u0101ju\u0161\u0101 gada 16. oktobr\u012b nosl\u0113dz\u0101s ikgad\u0113jais soci\u0101l\u0101s uz\u0146\u0113m\u0113jdarb\u012bbas iniciat\u012bvu konkurss \u201cTam labam b\u016bs augt\u201d, godinot izcil\u0101k\u0101s un noz\u012bm\u012bg\u0101k\u0101s sabiedr\u012bbas lab\u0101 str\u0101d\u0101jo\u0161\u0101s idejas Latvij\u0101. \u0160ogad \u012bpa\u0161u atzin\u012bbu ieguva darba integr\u0101cijas uz\u0146\u0113mums \u201c4 v\u0113ji\u201d no Jelgavas novada un mazo b\u0113rnu rota\u013cu un atp\u016btas vieta \u201cAugusti\u0146a istaba\u201d no R\u012bgas.<\/p>\n<p>\u201c4 v\u0113ji\u201d: Darbs un integr\u0101cija person\u0101m ar \u012bpa\u0161\u0101m vajadz\u012bb\u0101m<\/p>\n<p>\u017d\u016brijas simp\u0101tiju balvu ieguvu\u0161ais uz\u0146\u0113mums \u201c4 v\u0113ji\u201d no Jelgavas novada jau vair\u0101kus gadus veiksm\u012bgi darbojas, nodro\u0161inot darba integr\u0101ciju person\u0101m ar gar\u012bga rakstura trauc\u0113jumiem. Uz\u0146\u0113mums ra\u017eo un p\u0101rstr\u0101d\u0101 gofr\u0113to kartonu un pap\u012bru, radot ne tikai kvalitat\u012bvus iepakojuma materi\u0101lus, bet ar\u012b sniedzot noz\u012bm\u012bgas darba iesp\u0113jas cilv\u0113kiem no soci\u0101l\u0101s atstumt\u012bbas riska grup\u0101m. \u0160obr\u012bd uz\u0146\u0113mum\u0101 darbu atradu\u0161i ne tikai asto\u0146i cilv\u0113ki ar gar\u012bga rakstura trauc\u0113jumiem, kuri ir daudzfunkcion\u0101l\u0101 soci\u0101lo pakalpojumu centra \u201cLAIPA\u201d iem\u012btnieki, bet ar\u012b divi Ukrainas civiliedz\u012bvot\u0101ji un divas personas, kas audzina b\u0113rnus ar invalidit\u0101ti. \u0160\u012b iniciat\u012bva ir spo\u017es piem\u0113rs tam, k\u0101 uz\u0146\u0113m\u0113jdarb\u012bba var b\u016bt sp\u0113c\u012bgs instruments soci\u0101l\u0101s iek\u013cau\u0161anas un atbalsta nodro\u0161in\u0101\u0161an\u0101. Ieg\u016bt\u0101 naudas balva 4000 eiro tiks ieguld\u012bta jaunu pakalpojumu att\u012bst\u012bb\u0101, proti, ra\u017eo\u0161anas telpu uzkop\u0161an\u0101, kas rad\u012bs v\u0113l vair\u0101k darba vietu un veicin\u0101s cilv\u0113ku integr\u0101ciju darba tirg\u016b. Tiks ieg\u0101d\u0101ta profesion\u0101la gr\u012bdu mazg\u0101\u0161anas iek\u0101rta, lai nodro\u0161in\u0101tu efekt\u012bv\u0101ku un dro\u0161\u0101ku pakalpojumu snieg\u0161anu. \u0160is sasniegums apliecina uz\u0146\u0113muma sp\u0113ju ne tikai veikt saimniecisko darb\u012bbu, bet ar\u012b dzi\u013ci un j\u0113gpilni ietekm\u0113t sabiedr\u012bbu uz labo pusi.<\/p>\n<p>\u201cAugusti\u0146a istaba\u201d: Dro\u0161a un att\u012bsto\u0161a vide jaunaj\u0101m \u0123imen\u0113m<\/p>\n<p>Skat\u012bt\u0101ju balsojum\u0101 par lab\u0101ko tika atz\u012bta \u201cAugusti\u0146a istaba\u201d \u2013 unik\u0101la rota\u013cu un atp\u016btas vieta, kas \u012bpa\u0161i izveidota jaunajiem vec\u0101kiem un vi\u0146u mazu\u013ciem vecum\u0101 no dzim\u0161anas l\u012bdz \u010detriem gadiem. \u0160\u012b iniciat\u012bva atbild uz b\u016btisku sabiedr\u012bbas vajadz\u012bbu \u2013 rad\u012bt dro\u0161u, \u0113rtu un atbalsto\u0161u vidi, kur\u0101 \u0123imenes var pavad\u012bt laiku kop\u0101, socializ\u0113ties un atp\u016bsties. Vietas izveide apliecina, ka publisk\u0101s telpas bie\u017ei vien nav piel\u0101gotas z\u012bdai\u0146u vajadz\u012bb\u0101m, tr\u016bkst gan \u0113rtu p\u0101rtinamo galdu, gan mier\u012bgu baro\u0161anas st\u016br\u012b\u0161u. \u201cAugusti\u0146a istaba\u201d \u0161o plaisu aizpilda, pied\u0101v\u0101jot ne tikai pla\u0161u un att\u012bsto\u0161u rota\u013claukumu, bet ar\u012b kafejn\u012bcu ar kvalitat\u012bvu kafiju un uzkod\u0101m, kur vec\u0101ki var atvilkt elpu, kam\u0113r vi\u0146u atvases dro\u0161\u0101 vid\u0113 izklaid\u0113jas. Vieta ir iecien\u012bta ne tikai R\u012bgas, bet ar\u012b citu Latvijas pils\u0113tu \u0123imen\u0113s, kas apliecina t\u0101s sniegt\u0101s v\u0113rt\u012bbas un nepiecie\u0161am\u012bbas. Pl\u0101ni par otras telpas atv\u0113r\u0161anu liecina par iniciat\u012bvas veiksm\u012bgo att\u012bst\u012bbu un sp\u0113ju augt, lai pal\u012bdz\u0113tu v\u0113l vair\u0101k \u0123imen\u0113m. Ar\u012b \u0161\u012b uz\u0146\u0113muma sasniegums ir apliecin\u0101jums tam, ka soci\u0101l\u0101 uz\u0146\u0113m\u0113jdarb\u012bba sp\u0113j sniegt neatsveramu atbalstu un uzlabot dz\u012bves kvalit\u0101ti.<\/p>\n<p>Konkursa \u201cTam labam b\u016bs augt\u201d noz\u012bme<\/p>\n<p>Ikgad\u0113jais konkurss \u201cTam labam b\u016bs augt\u201d, ko organiz\u0113 Latvijas Soci\u0101l\u0101s uz\u0146\u0113m\u0113jdarb\u012bbas asoci\u0101cija sadarb\u012bb\u0101 ar \u201cLuminor\u201d banku, ir k\u013cuvis par noz\u012bm\u012bgu notikumu soci\u0101l\u0101s uz\u0146\u0113m\u0113jdarb\u012bbas ekosist\u0113m\u0101 Latvij\u0101. Konkursa m\u0113r\u0137is ir ne tikai noteikt un godin\u0101t lab\u0101k\u0101s iniciat\u012bvas, bet ar\u012b veicin\u0101t eso\u0161o soci\u0101lo uz\u0146\u0113mumu un jaunu ideju att\u012bst\u012bbu, k\u0101 ar\u012b vairot sabiedr\u012bbas izpratni par soci\u0101l\u0101s uz\u0146\u0113m\u0113jdarb\u012bbas noz\u012bmi. Katrs no uzvar\u0113t\u0101jiem sa\u0146\u0113ma 4000 eiro lielu naudas balvu biznesa att\u012bst\u012bbai, kas ir noz\u012bm\u012bgs atbalsts t\u0101l\u0101ku m\u0113r\u0137u sasnieg\u0161anai. \u0160is konkurss ne tikai sniedz finansi\u0101lu atbalstu, bet ar\u012b sniedz v\u0113rt\u012bgu publisko atpaz\u012bstam\u012bbu un iesp\u0113ju iepaz\u012bt citus domubiedrus soci\u0101l\u0101s uz\u0146\u0113m\u0113jdarb\u012bbas kopien\u0101. \u201cTam labam b\u016bs augt\u201d ir k\u013cuvis par platformu, kur\u0101 apliecin\u0101sies, ka sabiedr\u012bbas izaicin\u0101jumu risin\u0101\u0161ana un veiksm\u012bga uz\u0146\u0113m\u0113jdarb\u012bba var un tai ir j\u0101iet roku rok\u0101, radot pozit\u012bvu un notur\u012bgu p\u0101rmai\u0146u vilni vis\u0101 Latvij\u0101.<\/p>\n","protected":false},"excerpt":{"rendered":"Soci\u0101l\u0101s uz\u0146\u0113m\u0113jdarb\u012bbas sp\u012bdek\u013ci 2025. gad\u0101: \u201c4 v\u0113ji\u201d un \u201cAugusti\u0146a istaba\u201d sa\u0146em atzin\u012bbu Pag\u0101ju\u0161\u0101 gada 16. oktobr\u012b nosl\u0113dz\u0101s ikgad\u0113jais&hellip;\n","protected":false},"author":2,"featured_media":24824,"comment_status":"","ping_status":"","sticky":false,"template":"","format":"standard","meta":{"footnotes":""},"categories":[5],"tags":[7770,23,7771,28,29,32,33,22,30,31,35,39,38,36,37,34,7772,40,20,26,27,7768,7769,24,25,21],"class_list":{"0":"post-24823","1":"post","2":"type-post","3":"status-publish","4":"format-standard","5":"has-post-thumbnail","7":"category-aktualitates","8":"tag-4-veji","9":"tag-aktualitates","10":"tag-augustina-istaba","11":"tag-breaking-news","12":"tag-breakingnews","13":"tag-featured-news","14":"tag-featurednews","15":"tag-headlines","16":"tag-latest-news","17":"tag-latestnews","18":"tag-latvia","19":"tag-latvian","20":"tag-latviesu","21":"tag-latviesu-valoda","22":"tag-latviesuvaloda","23":"tag-latvija","24":"tag-latvijas-socialas-uznemejdarbibas-asociacija","25":"tag-lv","26":"tag-news","27":"tag-popularakas-zinas","28":"tag-popularakaszinas","29":"tag-sociala-uznemejdarbiba","30":"tag-tam-labam-bus-augt","31":"tag-top-stories","32":"tag-topstories","33":"tag-zinas"},"share_on_mastodon":{"url":"","error":""},"_links":{"self":[{"href":"https:\/\/www.europesays.com\/lv\/wp-json\/wp\/v2\/posts\/24823","targetHints":{"allow":["GET"]}}],"collection":[{"href":"https:\/\/www.europesays.com\/lv\/wp-json\/wp\/v2\/posts"}],"about":[{"href":"https:\/\/www.europesays.com\/lv\/wp-json\/wp\/v2\/types\/post"}],"author":[{"embeddable":true,"href":"https:\/\/www.europesays.com\/lv\/wp-json\/wp\/v2\/users\/2"}],"replies":[{"embeddable":true,"href":"https:\/\/www.europesays.com\/lv\/wp-json\/wp\/v2\/comments?post=24823"}],"version-history":[{"count":0,"href":"https:\/\/www.europesays.com\/lv\/wp-json\/wp\/v2\/posts\/24823\/revisions"}],"wp:featuredmedia":[{"embeddable":true,"href":"https:\/\/www.europesays.com\/lv\/wp-json\/wp\/v2\/media\/24824"}],"wp:attachment":[{"href":"https:\/\/www.europesays.com\/lv\/wp-json\/wp\/v2\/media?parent=24823"}],"wp:term":[{"taxonomy":"category","embeddable":true,"href":"https:\/\/www.europesays.com\/lv\/wp-json\/wp\/v2\/categories?post=24823"},{"taxonomy":"post_tag","embeddable":true,"href":"https:\/\/www.europesays.com\/lv\/wp-json\/wp\/v2\/tags?post=24823"}],"curies":[{"name":"wp","href":"https:\/\/api.w.org\/{rel}","templated":true}]}}