{"id":24825,"date":"2025-10-19T06:37:05","date_gmt":"2025-10-19T06:37:05","guid":{"rendered":"https:\/\/www.europesays.com\/lv\/24825\/"},"modified":"2025-10-19T06:37:05","modified_gmt":"2025-10-19T06:37:05","slug":"nhl-maca-abolam-uzvara-ar-flyers-apollo-lv","status":"publish","type":"post","link":"https:\/\/www.europesays.com\/lv\/24825\/","title":{"rendered":"NHL ma\u010d\u0101 \u0100bolam uzvara ar &quot;Flyers&quot; &#8211; Apollo.lv"},"content":{"rendered":"<ol>\n<li><a href=\"https:\/\/news.google.com\/rss\/articles\/CBMib0FVX3lxTE5nOF83NTJiV0dlQjNEaUI3dWFQekdlcGJVaE90MC12TElsVllWTTFiU2xjRjRsMkRGOGtkOGNORFVsamdCS3lwR2tualZmbF9wYjA4QXdqSFhMTkRiZjVUSTVtNE9mbG1pa3EzNlg4WQ?oc=5\" target=\"_blank\" rel=\"nofollow noopener\">NHL ma\u010d\u0101 \u0100bolam uzvara ar &#8220;Flyers&#8221;<\/a>&nbsp;&nbsp;Apollo.lv<\/li>\n<li><a href=\"https:\/\/news.google.com\/rss\/articles\/CBMiigFBVV95cUxPMl8zWFktVnZ2SWlnam1VbnA4MmxuYkdjQ19iUk01OWZPN2d2ZEhTakgtNnpZaXJER3N0Z3ZiSUJSYXFrVFlsYndsQlJlQ1Q0NHFLVlhSdnpTam45MThlcEU3TnVtN0tpLVJiRHFwdGRmbDkyQTd3amNpQkYwSEpMVjhpbXAzUWtHQ2c?oc=5\" target=\"_blank\" rel=\"nofollow noopener\">\u0100bolam pieci uzvar\u0113ti iemetieni un mazs sp\u0113les laiks, Merz\u013cikina konkurents pal\u012bdz pieveikt &#8220;Lightning&#8221;<\/a>&nbsp;&nbsp;Sportacentrs.com<\/li>\n<li><a href=\"https:\/\/news.google.com\/rss\/articles\/CBMitAFBVV95cUxNMzZZUnZ4QjJQNHNMWFZNQlVzUjBQS2YzWVBlRUlnM0I1YUdqbjRhTWJ5aU1iTWloNkctSDVDOXJqRHpPU0duZGZlMFBWVEVkbFRjVkVYMjRBLUVycVRmQUd1aW9OU2xvcERkNFpIMlJDWXhJaElUQ2h5WjBBaGMyaFNHTlNUcHIyb21OTXl3WkdicGJOVDVHTDdJOEVOQ3V4bk1jQ25sbHZNdlJ6UW1pVWlOeVE?oc=5\" target=\"_blank\" rel=\"nofollow noopener\">\u0160ilova konkurentam spo\u017es sniegums NHL ma\u010d\u0101, uzvara ar\u012b \u0100bolam<\/a>&nbsp;&nbsp;Delfi<\/li>\n<li><a href=\"https:\/\/news.google.com\/rss\/articles\/CBMimgFBVV95cUxQcW5vUmJ2WlJpWWlkZ21Iak5yUE9jYnZieldGNGdOY3FkNkNCWHRhZEZiTUVlNzEyWndEOXRybDZxcmo2and1TkxsRDVucVBuOHlVN2I0UUc3VlhGZXc1SmxlQVQ1bm50S1BHU0tZQVNXZXVYZmFHRFh6dDU5TkJ3aUF4QUVuVHBEMkdXd19kNHMwTXYxaEMwZ0ZB?oc=5\" target=\"_blank\" rel=\"nofollow noopener\">\u0100bols atpaka\u013c &#8220;Flyers&#8221; sast\u0101v\u0101, Merz\u013cikina klubs strat\u0113\u0123iju nemain\u012bs<\/a>&nbsp;&nbsp;Sportazinas.com<\/li>\n<li><a href=\"https:\/\/news.google.com\/rss\/articles\/CBMixAFBVV95cUxQbW9tSEVmeE5pWkpNTG1zU3ZIb3FPeERKLUkxM3VtTGRraDBOUkpodzl1N3Vrc2hyVGhlVzZnZHFURDlvdVdjQWh0TU1rY1p3MjdQRWkwOVM1eWUzY0NUVjg3ajhsYWtJOXVYNFo5bnNyTHJSZmFvWjBfaVo5cGdzZVU1T2lNTWY2cFl5WlBvUGZhTlItN2t2RGdlbXRRbGpvOUlkaDNJdmJ3Nm9VbVNyU3ZEX3NLLXFNeFdaZWIyV1YyTTJD?oc=5\" target=\"_blank\" rel=\"nofollow noopener\">VIDEO: \u0100bols ar &#8220;Flyers&#8221; papildlaik\u0101 izc\u012bna pan\u0101kumu, Mez\u013cikins un \u0160ilovs rezerv\u0113 savu komandu uzvar\u0101s<\/a>&nbsp;&nbsp;tv3.lv<\/li>\n<\/ol>\n","protected":false},"excerpt":{"rendered":"NHL ma\u010d\u0101 \u0100bolam uzvara ar &#8220;Flyers&#8221;&nbsp;&nbsp;Apollo.lv \u0100bolam pieci uzvar\u0113ti iemetieni un mazs sp\u0113les laiks, Merz\u013cikina konkurents pal\u012bdz pieveikt&hellip;\n","protected":false},"author":2,"featured_media":14756,"comment_status":"","ping_status":"","sticky":false,"template":"","format":"standard","meta":{"footnotes":""},"categories":[17],"tags":[394,35,39,38,36,37,34,40,835,837,67],"class_list":{"0":"post-24825","1":"post","2":"type-post","3":"status-publish","4":"format-standard","5":"has-post-thumbnail","7":"category-sports","8":"tag-hokejs","9":"tag-latvia","10":"tag-latvian","11":"tag-latviesu","12":"tag-latviesu-valoda","13":"tag-latviesuvaloda","14":"tag-latvija","15":"tag-lv","16":"tag-nhl","17":"tag-rodrigo-abols","18":"tag-sports"},"share_on_mastodon":{"url":"","error":""},"_links":{"self":[{"href":"https:\/\/www.europesays.com\/lv\/wp-json\/wp\/v2\/posts\/24825","targetHints":{"allow":["GET"]}}],"collection":[{"href":"https:\/\/www.europesays.com\/lv\/wp-json\/wp\/v2\/posts"}],"about":[{"href":"https:\/\/www.europesays.com\/lv\/wp-json\/wp\/v2\/types\/post"}],"author":[{"embeddable":true,"href":"https:\/\/www.europesays.com\/lv\/wp-json\/wp\/v2\/users\/2"}],"replies":[{"embeddable":true,"href":"https:\/\/www.europesays.com\/lv\/wp-json\/wp\/v2\/comments?post=24825"}],"version-history":[{"count":0,"href":"https:\/\/www.europesays.com\/lv\/wp-json\/wp\/v2\/posts\/24825\/revisions"}],"wp:featuredmedia":[{"embeddable":true,"href":"https:\/\/www.europesays.com\/lv\/wp-json\/wp\/v2\/media\/14756"}],"wp:attachment":[{"href":"https:\/\/www.europesays.com\/lv\/wp-json\/wp\/v2\/media?parent=24825"}],"wp:term":[{"taxonomy":"category","embeddable":true,"href":"https:\/\/www.europesays.com\/lv\/wp-json\/wp\/v2\/categories?post=24825"},{"taxonomy":"post_tag","embeddable":true,"href":"https:\/\/www.europesays.com\/lv\/wp-json\/wp\/v2\/tags?post=24825"}],"curies":[{"name":"wp","href":"https:\/\/api.w.org\/{rel}","templated":true}]}}