{"id":24842,"date":"2025-10-19T06:54:08","date_gmt":"2025-10-19T06:54:08","guid":{"rendered":"https:\/\/www.europesays.com\/lv\/24842\/"},"modified":"2025-10-19T06:54:08","modified_gmt":"2025-10-19T06:54:08","slug":"daienas-kitones-gimene-atklaj-aktrises-naves-celoni-un-pauz-pateicibu-lente-lv","status":"publish","type":"post","link":"https:\/\/www.europesays.com\/lv\/24842\/","title":{"rendered":"Daienas K\u012btones \u0123imene atkl\u0101j aktrises n\u0101ves c\u0113loni un pau\u017e pateic\u012bbu\u00a0\u2014\u00a0Lente.lv"},"content":{"rendered":"<p>Daienas K\u012btones \u0123imene atkl\u0101j aktrises n\u0101ves c\u0113loni un pau\u017e pateic\u012bbu<\/p>\n<p>Holivudas le\u0123enda, talant\u012bg\u0101 aktrise Daiena K\u012btone, 79 gadu vecum\u0101 ir aizg\u0101jusi m\u016b\u017e\u012bb\u0101. Vi\u0146as \u0123imene ir publiski apstiprin\u0101jusi aktrises n\u0101ves c\u0113loni un izteikusi dzi\u013cu pateic\u012bbu par pla\u0161o atbalsta izpausmi, ko sa\u0146\u0113musi.<\/p>\n<p>Ofici\u0101lais n\u0101ves c\u0113lonis: Pneimonija<\/p>\n<p>K\u0101 apstiprin\u0101jis K\u012btones \u0123imenes p\u0101rst\u0101vis, Daiena K\u012btone mirusi no pneimonijas. \u0160\u012b plau\u0161u infekcija, kas parasti tiek izrais\u012bta ar bakt\u0113riju vai v\u012brusu, izr\u0101d\u012bjusies likten\u012bga slavenajai aktrisei. Lai gan vi\u0146as vesel\u012bba bija pasliktin\u0101jusies p\u0113d\u0113jos m\u0113ne\u0161os, \u012bpa\u0161i uzsv\u0113rts, ka p\u0113d\u0113j\u0101s dien\u0101s st\u0101voklis pasliktin\u0101jies strauji un negaid\u012bti. Tas bijis p\u0101rsteigums un sirdsmiers visiem, kas vi\u0146u m\u012bl\u0113ja un pazina. Kaut ar\u012b prec\u012bzi n\u0101ves datums tika apstiprin\u0101ts 11. oktobr\u012b, n\u0101ves c\u0113lonis tika publiskots nedaudz v\u0113l\u0101k.<\/p>\n<p>\u0122imenes pateic\u012bba un atbalsts<\/p>\n<p>K\u012btones \u0123imene, izplatot ofici\u0101lu pazi\u0146ojumu, pau\u017e milz\u012bgu pateic\u012bbu par \u201cneiederas\u0101m m\u012blest\u012bbas un atbalsta v\u0113st\u012bjumiem\u201d, ko sa\u0146\u0113musi p\u0113c aktrises n\u0101ves. \u0160\u012b atbalsta pl\u016bsma no faniem un kol\u0113\u0123iem ir nenov\u0113rt\u0113jama \u0161aj\u0101 s\u0113ru laik\u0101. \u0122imene uzsv\u0113rusi, ka Daiena bija m\u012b\u013cota un vi\u0146as promb\u016btne rada lielu tuk\u0161umu.<\/p>\n<p>Daienas K\u012btones mantojums un aicin\u0101jums<\/p>\n<p>Daiena K\u012btone savas karjeras laik\u0101 iekarojusi skat\u012bt\u0101ju sirdis ar sav\u0101m neaizmirstamaj\u0101m lom\u0101m t\u0101d\u0101s film\u0101s k\u0101 \u201cKrustt\u0113vs\u201d, \u201cEnija Hola\u201d (par ko sa\u0146\u0113musi Amerikas Kinoakad\u0113mijas balvu k\u0101 lab\u0101k\u0101 aktrise), \u201cT\u0113vocis\u201d, \u201cPirm\u0101s sievas klubs\u201d un daudz\u0101s cit\u0101s. Vi\u0146a tika atz\u012bta par vienu no talant\u012bg\u0101kaj\u0101m un harizm\u0101tisk\u0101kaj\u0101m aktris\u0113m sav\u0101 paaudz\u0113.<\/p>\n<p>Aktrises \u0123imene ar\u012b nor\u0101d\u012bjusi, ka Daiena bija \u012bpa\u0161i pie\u0137\u0113rusies saviem dz\u012bvniekiem un nelok\u0101mi atbalst\u012bja bezpajumtnieku kopienu. T\u0101p\u0113c, pieminot Daienu, \u0123imene aicina ziedot l\u012bdzek\u013cus viet\u0113j\u0101m dz\u012bvnieku patversm\u0113m vai p\u0101rtikas bank\u0101m. \u0160\u0101di ziedojumi b\u016btu vislab\u0101kais un visvair\u0101k nov\u0113rt\u0113tais velt\u012bjums vi\u0146as piemi\u0146ai.<\/p>\n","protected":false},"excerpt":{"rendered":"Daienas K\u012btones \u0123imene atkl\u0101j aktrises n\u0101ves c\u0113loni un pau\u017e pateic\u012bbu Holivudas le\u0123enda, talant\u012bg\u0101 aktrise Daiena K\u012btone, 79 gadu&hellip;\n","protected":false},"author":2,"featured_media":24843,"comment_status":"","ping_status":"","sticky":false,"template":"","format":"standard","meta":{"footnotes":""},"categories":[19],"tags":[1740,7069,89,1042,90,35,39,38,36,37,34,40,7780,7781],"class_list":{"0":"post-24842","1":"post","2":"type-post","3":"status-publish","4":"format-standard","5":"has-post-thumbnail","7":"category-izklaide","8":"tag-aktrise","9":"tag-daiena-kitone","10":"tag-entertainment","11":"tag-gimenes-atbalsts","12":"tag-izklaide","13":"tag-latvia","14":"tag-latvian","15":"tag-latviesu","16":"tag-latviesu-valoda","17":"tag-latviesuvaloda","18":"tag-latvija","19":"tag-lv","20":"tag-naves-celonis","21":"tag-pneimonija"},"share_on_mastodon":{"url":"","error":""},"_links":{"self":[{"href":"https:\/\/www.europesays.com\/lv\/wp-json\/wp\/v2\/posts\/24842","targetHints":{"allow":["GET"]}}],"collection":[{"href":"https:\/\/www.europesays.com\/lv\/wp-json\/wp\/v2\/posts"}],"about":[{"href":"https:\/\/www.europesays.com\/lv\/wp-json\/wp\/v2\/types\/post"}],"author":[{"embeddable":true,"href":"https:\/\/www.europesays.com\/lv\/wp-json\/wp\/v2\/users\/2"}],"replies":[{"embeddable":true,"href":"https:\/\/www.europesays.com\/lv\/wp-json\/wp\/v2\/comments?post=24842"}],"version-history":[{"count":0,"href":"https:\/\/www.europesays.com\/lv\/wp-json\/wp\/v2\/posts\/24842\/revisions"}],"wp:featuredmedia":[{"embeddable":true,"href":"https:\/\/www.europesays.com\/lv\/wp-json\/wp\/v2\/media\/24843"}],"wp:attachment":[{"href":"https:\/\/www.europesays.com\/lv\/wp-json\/wp\/v2\/media?parent=24842"}],"wp:term":[{"taxonomy":"category","embeddable":true,"href":"https:\/\/www.europesays.com\/lv\/wp-json\/wp\/v2\/categories?post=24842"},{"taxonomy":"post_tag","embeddable":true,"href":"https:\/\/www.europesays.com\/lv\/wp-json\/wp\/v2\/tags?post=24842"}],"curies":[{"name":"wp","href":"https:\/\/api.w.org\/{rel}","templated":true}]}}