{"id":24857,"date":"2025-10-19T07:07:06","date_gmt":"2025-10-19T07:07:06","guid":{"rendered":"https:\/\/www.europesays.com\/lv\/24857\/"},"modified":"2025-10-19T07:07:06","modified_gmt":"2025-10-19T07:07:06","slug":"plavins-fokerots-un-graudina-samoilova-uzzinajusi-pretiniekus-pasaules-cempionata-australija-lente-lv","status":"publish","type":"post","link":"https:\/\/www.europesays.com\/lv\/24857\/","title":{"rendered":"P\u013cavi\u0146\u0161\/Fokerots un Graudi\u0146a\/Samoilova uzzin\u0101ju\u0161i pretiniekus Pasaules \u010dempion\u0101t\u0101 Austr\u0101lij\u0101\u00a0\u2014\u00a0Lente.lv"},"content":{"rendered":"<p>Latvijas pludmales volejbolisti gatavojas Pasaules \u010dempion\u0101tam Austr\u0101lij\u0101<\/p>\n<p>Novembr\u012b Austr\u0101lij\u0101 norisin\u0101sies Pasaules \u010dempion\u0101ts pludmales volejbol\u0101, kur\u0101 start\u0113s ar\u012b Latvijas vado\u0161ie dueti M\u0101rti\u0146\u0161 P\u013cavi\u0146\u0161\/Kristians Fokerots un T\u012bna Graudi\u0146a\/Anastasija Samoilova. Starptautisk\u0101 Volejbola feder\u0101cija (FIVB) ir apstiprin\u0101jusi grupu sast\u0101vus, atkl\u0101jot, kuri pretinieki sagaid\u012bs Latvijas sportistus.<\/p>\n<p>P\u013cavi\u0146a un Fokerota ce\u013c\u0161 l\u012bdz izsl\u0113g\u0161anas sp\u0113l\u0113m<\/p>\n<p>M\u0101rti\u0146\u0161 P\u013cavi\u0146\u0161 un Kristi\u0101ns Fokerots, kuri turn\u012br\u0101 izs\u0113ti ar 17. numuru, sacent\u012bsies H grup\u0101. Vi\u0146u pretinieki b\u016bs ne tikai pa\u0161reiz\u0113jie pasaules \u010dempioni \u010dehi Ondr\u017eejs Peru\u0161i\u010ds un Davids \u0160veiners (8. numurs), bet ar\u012b sp\u0113c\u012bgais amerik\u0101\u0146u duets Endijs Bene\u0161s un Mailzs Parteins (32. numurs). T\u0101pat vi\u0146iem b\u016bs j\u0101sp\u0113kojas pret Togo p\u0101rst\u0101vjiem Kofi Kotoku un Kuamivi Samani (41. numurs).<\/p>\n<p>\u010cehu p\u0101ris Peru\u0161i\u010ds\/\u0160veiners ir pier\u0101d\u012bjis savu meistar\u012bbu, 2023. gad\u0101 k\u013c\u016bstot par pasaules \u010dempioniem. Vi\u0146u ce\u013c\u0161 uz \u0161o titulu bija iespaid\u012bgs, fin\u0101l\u0101 uzvarot zviedrus un izc\u012bnot zelta meda\u013cas. \u0160\u0101di sp\u0113c\u012bgi pretinieki noteikti rad\u012bs interesantu un aizraujo\u0161u sp\u0113li Latvijas duetam.<\/p>\n<p>Graudi\u0146as un Samoilovas grupas sast\u0101vs<\/p>\n<p>Latvijas d\u0101mu pludmales volejbola flagma\u0146i, T\u012bna Graudi\u0146a un Anastasija Samoilova, ir izs\u0113tas ar piekto numuru un start\u0113s E grup\u0101. Vi\u0146u s\u0101ncens\u0113m b\u016bs meksik\u0101nietes Atenasa Gusmana un Susanaversa (44. numurs), k\u0101 ar\u012b sp\u0113c\u012bgais jap\u0101\u0146u duets Reika Murakami un Asami \u0160ibu (29. numurs). Vi\u0146u grupas sast\u0101vu nosl\u0113dz It\u0101lijas p\u0101ris D\u017eada Bianki un Klaudija Skampoli (20. numurs).<\/p>\n<p>Pirms diviem gadiem pasaules \u010dempion\u0101t\u0101 amerik\u0101nietes Kellija \u010cena un S\u0101ra Hj\u016bza triumf\u0113ja d\u0101mu turn\u012br\u0101, fin\u0101l\u0101 uzvarot Braz\u012blijas duetu. Latvijas duets Graudi\u0146a\/Samoilova iepriek\u0161\u0113j\u0101 pasaules \u010dempion\u0101t\u0101 astotda\u013cfin\u0101l\u0101 piek\u0101p\u0101s n\u0101kamaj\u0101m \u010dempion\u0113m, par\u0101dot, ka sp\u0113j c\u012bn\u012bties ar lab\u0101kaj\u0101m komand\u0101m pasaul\u0113.<\/p>\n<p>Pasaules \u010dempion\u0101ta norise un form\u0101ts<\/p>\n<p>Pasaules \u010dempion\u0101ts pludmales volejbol\u0101 norisin\u0101sies Adelaid\u0113, Austr\u0101lij\u0101, no 14. l\u012bdz 23. novembrim. Gan v\u012brie\u0161u, gan sievie\u0161u turn\u012bros piedal\u012bsies pa 48 p\u0101riem, kas sola \u013coti konkur\u0113tsp\u0113j\u012bgu un aizraujo\u0161u sacens\u012bbu atmosf\u0113ru. \u0160is turn\u012brs ir viens no galvenajiem notikumiem pludmales volejbola kalend\u0101r\u0101, un uzvar\u0113t\u0101jiem tiks pie\u0161\u0137irts presti\u017es pasaules \u010dempiona tituls.<\/p>\n<p>Latvijas dueti ir gatavi st\u0101ties pret\u012b pasaules sp\u0113c\u012bg\u0101kajiem p\u0101riem, ap\u0146\u0113m\u012bbas pilni demonstr\u0113t savu meistar\u012bbu un c\u012bn\u012bties par augst\u0101kaj\u0101m viet\u0101m. Ar sp\u0113c\u012bgu fizisko sagatavot\u012bbu, taktisko gudr\u012bbu un nelok\u0101mu c\u012b\u0146as sparu, P\u013cavi\u0146\u0161\/Fokerots un Graudi\u0146a\/Samoilova ir gatavi p\u0101rsteigt un iepriecin\u0101t Latvijas l\u012bdzjut\u0113jus.<\/p>\n","protected":false},"excerpt":{"rendered":"Latvijas pludmales volejbolisti gatavojas Pasaules \u010dempion\u0101tam Austr\u0101lij\u0101 Novembr\u012b Austr\u0101lij\u0101 norisin\u0101sies Pasaules \u010dempion\u0101ts pludmales volejbol\u0101, kur\u0101 start\u0113s ar\u012b Latvijas&hellip;\n","protected":false},"author":2,"featured_media":24858,"comment_status":"","ping_status":"","sticky":false,"template":"","format":"standard","meta":{"footnotes":""},"categories":[17],"tags":[566,2477,35,39,38,36,37,34,40,2831,844,564,67,565],"class_list":{"0":"post-24857","1":"post","2":"type-post","3":"status-publish","4":"format-standard","5":"has-post-thumbnail","7":"category-sports","8":"tag-anastasija-samoilova","9":"tag-kristians-fokerots","10":"tag-latvia","11":"tag-latvian","12":"tag-latviesu","13":"tag-latviesu-valoda","14":"tag-latviesuvaloda","15":"tag-latvija","16":"tag-lv","17":"tag-martins-plavins","18":"tag-pasaules-cempionats","19":"tag-pludmales-volejbols","20":"tag-sports","21":"tag-tina-graudina"},"share_on_mastodon":{"url":"","error":""},"_links":{"self":[{"href":"https:\/\/www.europesays.com\/lv\/wp-json\/wp\/v2\/posts\/24857","targetHints":{"allow":["GET"]}}],"collection":[{"href":"https:\/\/www.europesays.com\/lv\/wp-json\/wp\/v2\/posts"}],"about":[{"href":"https:\/\/www.europesays.com\/lv\/wp-json\/wp\/v2\/types\/post"}],"author":[{"embeddable":true,"href":"https:\/\/www.europesays.com\/lv\/wp-json\/wp\/v2\/users\/2"}],"replies":[{"embeddable":true,"href":"https:\/\/www.europesays.com\/lv\/wp-json\/wp\/v2\/comments?post=24857"}],"version-history":[{"count":0,"href":"https:\/\/www.europesays.com\/lv\/wp-json\/wp\/v2\/posts\/24857\/revisions"}],"wp:featuredmedia":[{"embeddable":true,"href":"https:\/\/www.europesays.com\/lv\/wp-json\/wp\/v2\/media\/24858"}],"wp:attachment":[{"href":"https:\/\/www.europesays.com\/lv\/wp-json\/wp\/v2\/media?parent=24857"}],"wp:term":[{"taxonomy":"category","embeddable":true,"href":"https:\/\/www.europesays.com\/lv\/wp-json\/wp\/v2\/categories?post=24857"},{"taxonomy":"post_tag","embeddable":true,"href":"https:\/\/www.europesays.com\/lv\/wp-json\/wp\/v2\/tags?post=24857"}],"curies":[{"name":"wp","href":"https:\/\/api.w.org\/{rel}","templated":true}]}}