{"id":24875,"date":"2025-10-19T07:24:18","date_gmt":"2025-10-19T07:24:18","guid":{"rendered":"https:\/\/www.europesays.com\/lv\/24875\/"},"modified":"2025-10-19T07:24:18","modified_gmt":"2025-10-19T07:24:18","slug":"the-sound-poets-izdod-jaunu-singlu-tu-mani-ugunis-dedz-un-aicina-uz-koncertu-palladium-lente-lv","status":"publish","type":"post","link":"https:\/\/www.europesays.com\/lv\/24875\/","title":{"rendered":"\u201cThe Sound Poets\u201d izdod jaunu singlu \u201cTu man\u012b ugunis dedz\u201d un aicina uz koncertu Palladium\u00a0\u2014\u00a0Lente.lv"},"content":{"rendered":"<p>\u201cThe Sound Poets\u201d izdod jaunu singlu \u201cTu man\u012b ugunis dedz\u201d un gatavojas Palladium koncertam<\/p>\n<p>Melanholisk\u0101 poproka grupa \u201cThe Sound Poets\u201d atgrie\u017eas ar jaunu singlu \u201cTu man\u012b ugunis dedz\u201d, kas tapis cie\u0161\u0101 sadarb\u012bb\u0101 ar igau\u0146u m\u016bzi\u0137i un producentu Erki P\u0101rnoja. Dziesma ir emocion\u0101la, sirsn\u012bga un uzl\u0101d\u0113ta ar pozit\u012bvu ener\u0123iju \u2014 tie\u0161i t\u0101du, k\u0101du grupa v\u0113las nodot saviem klaus\u012bt\u0101jiem. Pirmatska\u0146ojums gaid\u0101ms \u012bpa\u0161\u0101 notikum\u0101 \u2014 grupas koncert\u0101 \u201cPalladium\u201d 7. novembr\u012b, kur tiks svin\u0113ta albuma \u201cPuls\u0113\u201d desmitgade.<\/p>\n<p>Dziesma par gaid\u0101m, siltumu un atkalsatik\u0161anos<\/p>\n<p>\u201cDziesmas v\u0101rdiem run\u0101jot, tik\u2019 viena doma pr\u0101t\u0101 man \u2013 for\u0161i sagatavoties koncertam, turpin\u0101t rakst\u012bt dziesmu v\u0101rdus jaunajam albumam un \u0101tr\u0101k piesaukt n\u0101kamo vasaru, kur\u0101 grupai gaid\u0101ms k\u0101ds \u012bpa\u0161s datums,\u201d st\u0101sta grupas solists J\u0101nis Ai\u0161purs. \u201c\u0160\u012b dziesma ir par gaid\u012b\u0161anas prieku, par atkalsatik\u0161anos, par to siltumu, ko sniedz m\u016bzika un cilv\u0113ku kl\u0101tb\u016btne. Lai t\u0101 labi klaus\u0101s ar\u012b Tev, mans draugs!\u201d vi\u0146\u0161 piebilst.<\/p>\n<p>Jauna skan\u0113juma mekl\u0113jumi un sadarb\u012bba ar Erki P\u0101rnoja<\/p>\n<p>\u201cThe Sound Poets\u201d turpina rado\u0161i att\u012bst\u012bties un mekl\u0113t jaunas muzik\u0101l\u0101s nianses, sadarbojoties ar Erki P\u0101rnoja \u2013 m\u016bzi\u0137i, kur\u0161 paz\u012bstams ar savu emocion\u0101lo un telpisko skan\u0113jumu. \u0160\u012b nav pirm\u0101 abu sadarb\u012bba \u2013 t\u0101 veido muzik\u0101lu dialogu starp Latviju un Igauniju, kas katru reizi ienes grupas skan\u0113jum\u0101 jaunu elpu. \u201cTu man\u012b ugunis dedz\u201d ir rezult\u0101ts \u0161ai rado\u0161ajai \u0137\u012bmijai \u2013 smalki izjusts, dzi\u013c\u0161 un dzirksto\u0161s ska\u0146darbs, kas vienlaikus iedvesmo un nomierina.<\/p>\n<p>Palladium koncerts \u2013 \u201cPuls\u0113\u201d desmitgade un jauns s\u0101kums<\/p>\n<p>7. novembr\u012b \u201cThe Sound Poets\u201d aicina uz v\u0113rien\u012bgu koncertu \u201cPalladium\u201d koncertz\u0101l\u0113, kur tiks svin\u0113ta vi\u0146u albuma \u201cPuls\u0113\u201d desmitgade. \u0160is b\u016bs ne tikai retrospekt\u012bvs atskats uz grupas ce\u013cu, bet ar\u012b jaunas \u0113ras s\u0101kums \u2013 ar svaig\u0101m dziesm\u0101m, jaun\u0101m emocij\u0101m un p\u0101rsteigumiem kl\u0101teso\u0161ajiem. Bi\u013cetes pieejamas platform\u0101 <a href=\"https:\/\/www.bilesuparadize.lv\/lv\/event\/152574\" target=\"_blank\" rel=\"nofollow noindex noopener noreferrer\">Bi\u013ce\u0161u Parad\u012bze<\/a>.<\/p>\n<p>Grupas muzik\u0101l\u0101 identit\u0101te un ce\u013c\u0161<\/p>\n<p>Grup\u0101 sp\u0113l\u0113 J\u0101nis Ai\u0161purs, Und\u012bne Balode, Normunds Luk\u0161a, P\u0113teris Lunde un K\u0101rlis Josts. Kop\u0161 dibin\u0101\u0161anas \u201cThe Sound Poets\u201d izdevu\u0161i piecus studijas albumus, sp\u0113l\u0113ju\u0161i uz liel\u0101kaj\u0101m Latvijas skatuv\u0113m un vair\u0101kk\u0101rt izp\u0101rdevu\u0161i koncertt\u016bres. Vi\u0146u m\u016bzik\u0101 liriska introspekcija apvienojas ar himnisku melodiskumu, radot ska\u0146u pasauli, kas vienlaikus ir gan emocion\u0101la, gan sp\u0113c\u012bga.<\/p>\n<p>Klausies un piedz\u012bvo jauno singlu<\/p>\n<p>Jaunais singls jau pieejams straum\u0113\u0161anas platform\u0101s: klausies to <a href=\"https:\/\/open.spotify.com\/track\/4Ctqy4CxXV9RIdctvfAg8G?si=133e4b3267b84259\" target=\"_blank\" rel=\"nofollow noindex noopener noreferrer\">Spotify<\/a> vai noskaties videoklipu <a href=\"https:\/\/youtu.be\/L145IYM1qT0\" target=\"_blank\" rel=\"nofollow noindex noopener noreferrer\">YouTube<\/a>. \u201cTu man\u012b ugunis dedz\u201d ir dziesma, kas iededz siltumu sird\u012b \u2013 k\u0101 atg\u0101din\u0101jums par to, cik sp\u0113c\u012bga var b\u016bt m\u016bzika, kad t\u0101 satiek cilv\u0113ku.<\/p>\n","protected":false},"excerpt":{"rendered":"\u201cThe Sound Poets\u201d izdod jaunu singlu \u201cTu man\u012b ugunis dedz\u201d un gatavojas Palladium koncertam Melanholisk\u0101 poproka grupa \u201cThe&hellip;\n","protected":false},"author":2,"featured_media":24876,"comment_status":"","ping_status":"","sticky":false,"template":"","format":"standard","meta":{"footnotes":""},"categories":[19],"tags":[89,90,7226,35,39,38,36,37,34,7791,40,7790,6856,7789],"class_list":{"0":"post-24875","1":"post","2":"type-post","3":"status-publish","4":"format-standard","5":"has-post-thumbnail","7":"category-izklaide","8":"tag-entertainment","9":"tag-izklaide","10":"tag-janis-aispurs","11":"tag-latvia","12":"tag-latvian","13":"tag-latviesu","14":"tag-latviesu-valoda","15":"tag-latviesuvaloda","16":"tag-latvija","17":"tag-latvijas-muzika-2025","18":"tag-lv","19":"tag-palladium-koncerts","20":"tag-the-sound-poets","21":"tag-tu-mani-ugunis-dedz"},"share_on_mastodon":{"url":"","error":""},"_links":{"self":[{"href":"https:\/\/www.europesays.com\/lv\/wp-json\/wp\/v2\/posts\/24875","targetHints":{"allow":["GET"]}}],"collection":[{"href":"https:\/\/www.europesays.com\/lv\/wp-json\/wp\/v2\/posts"}],"about":[{"href":"https:\/\/www.europesays.com\/lv\/wp-json\/wp\/v2\/types\/post"}],"author":[{"embeddable":true,"href":"https:\/\/www.europesays.com\/lv\/wp-json\/wp\/v2\/users\/2"}],"replies":[{"embeddable":true,"href":"https:\/\/www.europesays.com\/lv\/wp-json\/wp\/v2\/comments?post=24875"}],"version-history":[{"count":0,"href":"https:\/\/www.europesays.com\/lv\/wp-json\/wp\/v2\/posts\/24875\/revisions"}],"wp:featuredmedia":[{"embeddable":true,"href":"https:\/\/www.europesays.com\/lv\/wp-json\/wp\/v2\/media\/24876"}],"wp:attachment":[{"href":"https:\/\/www.europesays.com\/lv\/wp-json\/wp\/v2\/media?parent=24875"}],"wp:term":[{"taxonomy":"category","embeddable":true,"href":"https:\/\/www.europesays.com\/lv\/wp-json\/wp\/v2\/categories?post=24875"},{"taxonomy":"post_tag","embeddable":true,"href":"https:\/\/www.europesays.com\/lv\/wp-json\/wp\/v2\/tags?post=24875"}],"curies":[{"name":"wp","href":"https:\/\/api.w.org\/{rel}","templated":true}]}}