{"id":248755,"date":"2026-07-16T07:49:16","date_gmt":"2026-07-16T07:49:16","guid":{"rendered":"https:\/\/www.europesays.com\/lv\/248755\/"},"modified":"2026-07-16T07:49:16","modified_gmt":"2026-07-16T07:49:16","slug":"serbija-turpinas-atbalstit-ukrainu-tomer-neizdaris-spiedienu-uz-maskavu","status":"publish","type":"post","link":"https:\/\/www.europesays.com\/lv\/248755\/","title":{"rendered":"Serbija turpin\u0101s atbalst\u012bt Ukrainu, tom\u0113r neizdar\u012bs spiedienu uz Maskavu"},"content":{"rendered":"<p style=\"text-align: justify;\">Serbijas prezidents Aleksandrs Vu\u010di\u010ds 15.j\u016blij\u0101 nor\u0101d\u012bjis, ka valsts turpin\u0101s sniegt Ukrainai hum\u0101no pal\u012bdz\u012bbu, tom\u0113r neparakst\u012bja re\u0123iona valstu kop\u0113jo aicin\u0101jumu sniegt Kijivai atbalstu dro\u0161\u012bbas jom\u0101 un turpin\u0101t izdar\u012bt spiedienu uz Krieviju, raksta zi\u0146u a\u0123ent\u016bra <a href=\"https:\/\/www.reuters.com\/world\/europe\/serbia-pledges-aid-ukraine-ducks-call-more-pressure-russia-2026-07-15\/\" target=\"_blank\" rel=\"noopener nofollow\">\u201cReuters.\u201d<\/a><\/p>\n<p style=\"text-align: justify;\">Vu\u010di\u010ds pirms pazi\u0146ojuma izteik\u0161anas tik\u0101s ar Ukrainas prezidentu Volodimiru Zelenski, un piedal\u012bj\u0101s Dienvidaustrumeiropas un Ukrainas samit\u0101. \u0160\u012b bija pirm\u0101 serbu l\u012bdera viz\u012bte Kijiv\u0101 vair\u0101k nek\u0101 desmit gadu laik\u0101, bet p\u0113rn Vu\u010di\u010ds apmekl\u0113ja \u0161o samitu Odes\u0101.<\/p>\n<p style=\"text-align: justify;\">Belgradu ar Maskavu v\u0113sturiski saista labas attiec\u012bbas, un t\u0101 atteikusies pievienoties rietumvalstu sankcij\u0101m pret Krieviju, tom\u0113r atk\u0101rtoti nosod\u012bjusi Maskavas politiku ANO un izteikusi atbalstu Ukrainas teritori\u0101lajai nedal\u0101m\u012bbai. Vu\u010di\u010ds ar\u012b vair\u0101kk\u0101rt ticies ar Zelenski.<\/p>\n<p style=\"text-align: justify;\">P\u0113c samita Serbijas l\u012bderis inform\u0113ja par ap\u0146\u0113m\u012bbu sniegt Ukrainai pla\u0161\u0101ku finansi\u0101lo, medic\u012bnisko un ener\u0123\u0113tikas jomas atbalstu Ukrainai, tostarp sac\u012bja, ka serbi pal\u012bdz\u0113s atjaunot k\u0101du pils\u0113tu, ko vi\u0146\u0161 konkr\u0113ti nenosauca. Vu\u010di\u010ds \u017eurn\u0101listiem sac\u012bja, ka pan\u0101kti labi rezult\u0101ti, un serbi dar\u012bs visu, kas ir vi\u0146u sp\u0113kos, lai uzlabotu pils\u0113tas iedz\u012bvot\u0101ju dz\u012bvi.<\/p>\n<blockquote>\n<p style=\"text-align: center;\">Tom\u0113r Vu\u010di\u010ds ar\u012b nor\u0101d\u012bja, ka ta atteicies parakst\u012bt kop\u012bgo deklar\u0101ciju, kas aicina pastiprin\u0101t spiedienu uz Krieviju,<\/p>\n<\/blockquote>\n<p style=\"text-align: justify;\">un papla\u0161in\u0101t politisku, milit\u0101ru, finansi\u0101lu un dro\u0161\u012bbas atbalstu Ukrainai. Serbija ir pieteikusies dal\u012bbai Eiropas Savien\u012bb\u0101, bet Krievija joproj\u0101m ir t\u0101s liel\u0101k\u0101 g\u0101zes pieg\u0101d\u0101t\u0101ja, un valsts naftas p\u0101rstr\u0101des uz\u0146\u0113mums NIS, ka iek\u013cauts ASV sankciju sarakst\u0101, pamat\u0101 pieder \u201cGazprom Neft\u201d un \u201cGazprom.\u201d<\/p>\n<p style=\"text-align: justify;\">Serbijas prezidents sac\u012bja, ka valsts turpin\u0101s atbalst\u012bt Ukrainas virz\u012bbu uz ES, un piebilda, ka gan Ukraina, gan Moldova un visas p\u0101r\u0113j\u0101s var r\u0113\u0137in\u0101ties ar serbu atbalstu.<\/p>\n<p style=\"text-align: justify;\">Belgrada piln\u012bb\u0101 atz\u012bst Ukrainu k\u0101 nedal\u0101mu, tostarp ar\u012b t\u0101s territorijas, kuras kop\u0161 2014.gada sagr\u0101busi Krievija, savuk\u0101rt Kijiva nav atzinusi Kosovas 2008.gad\u0101 pasludin\u0101to neatkar\u012bbu.<\/p>\n<p style=\"text-align: justify;\">Serbija kop\u0161 Krievijas pilna m\u0113roga iebrukuma s\u0101kuma Ukrainai ziedojusi apm\u0113ram 60 miljonus eiro hum\u0101naj\u0101 pal\u012bdz\u012bb\u0101. Maskava vair\u0101kk\u0101rt serbus aps\u016bdz\u0113jusi iero\u010du p\u0101rdo\u0161an\u0101 Ukrainai, izmantojot vidut\u0101jus. Belgrada noliegusi, ka b\u016btu p\u0101rdevusi ukrai\u0146iem bru\u0146ojumu, nor\u0101dot, ka to ieg\u0101d\u0101ju\u0161ies citi pirc\u0113ji vis\u0101 pasaul\u0113.<\/p>\n<p style=\"text-align: justify;\">J\u016blija s\u0101kum\u0101 Belgrad\u0101 norisin\u0101jas ES kandid\u0101tvalstu konference, un t\u0101s laik\u0101 Ukrainas parlamenta sp\u012bkeris Ruslans Stefen\u010duks aps\u016bdz\u0113ja Maskavu agresij\u0101 un serbu, ukrai\u0146u, mold\u0101vu un gruz\u012bnu pazemo\u0161an\u0101. Atbildot uz \u0161iem izteikumiem, Krievijas \u0100rlietu ministrijas p\u0101rst\u0101ve Marija Zaharova kritiz\u0113ja Belgradu, ka t\u0101 nav sp\u0113jusi rea\u0123\u0113t uz Krievijai naid\u012bgiem izteikumiem.<\/p>\n<p style=\"text-align: justify;\"><a href=\"https:\/\/bnn.lv\/tuvakie-menesi-bus-izskirosi-baltijas-drosibai-bridina-rinkevics\/\" target=\"_blank\" rel=\"noopener nofollow\">Lasiet ar\u012b: Tuv\u0101kie m\u0113ne\u0161i b\u016bs iz\u0161\u0137iro\u0161i Baltijas dro\u0161\u012bbai, br\u012bdina Rink\u0113vi\u010ds<\/a><\/p>\n<p>Seko mums ar\u012b\u00a0<a href=\"https:\/\/www.facebook.com\/bnnlv\" rel=\"nofollow noopener\" target=\"_blank\">Facebook<\/a>,\u00a0<a href=\"https:\/\/www.draugiem.lv\/bnn.lv\/\" rel=\"nofollow noopener\" target=\"_blank\">Draugiem<\/a>\u00a0un\u00a0<a href=\"https:\/\/twitter.com\/home\" rel=\"nofollow noopener\" target=\"_blank\">X<\/a>!<\/p>\n<p><script async src=\"https:\/\/platform.twitter.com\/widgets.js\" charset=\"utf-8\"><\/script><\/p>\n","protected":false},"excerpt":{"rendered":"Serbijas prezidents Aleksandrs Vu\u010di\u010ds 15.j\u016blij\u0101 nor\u0101d\u012bjis, ka valsts turpin\u0101s sniegt Ukrainai hum\u0101no pal\u012bdz\u012bbu, tom\u0113r neparakst\u012bja re\u0123iona valstu kop\u0113jo&hellip;\n","protected":false},"author":2,"featured_media":248756,"comment_status":"","ping_status":"","sticky":false,"template":"","format":"standard","meta":{"footnotes":"","_share_on_mastodon":"0"},"categories":[14],"tags":[23,8033,57,28,29,32,33,22,234,30,31,35,39,38,36,37,34,40,20,26,27,243,25884,24,25,276,54,55,56,21,58],"class_list":["post-248755","post","type-post","status-publish","format-standard","has-post-thumbnail","category-zinas-no-arvalstim","tag-aktualitates","tag-aleksandrs-vucics","tag-arvalstim","tag-breaking-news","tag-breakingnews","tag-featured-news","tag-featurednews","tag-headlines","tag-krievija","tag-latest-news","tag-latestnews","tag-latvia","tag-latvian","tag-latviesu","tag-latviesu-valoda","tag-latviesuvaloda","tag-latvija","tag-lv","tag-news","tag-popularakas-zinas","tag-popularakaszinas","tag-serbija","tag-svarigi","tag-top-stories","tag-topstories","tag-ukraina","tag-world","tag-world-news","tag-worldnews","tag-zinas","tag-zinas-no-arvalstim"],"share_on_mastodon":{"url":"https:\/\/pubeurope.com\/@lv\/116928562152422202","error":""},"_links":{"self":[{"href":"https:\/\/www.europesays.com\/lv\/wp-json\/wp\/v2\/posts\/248755","targetHints":{"allow":["GET"]}}],"collection":[{"href":"https:\/\/www.europesays.com\/lv\/wp-json\/wp\/v2\/posts"}],"about":[{"href":"https:\/\/www.europesays.com\/lv\/wp-json\/wp\/v2\/types\/post"}],"author":[{"embeddable":true,"href":"https:\/\/www.europesays.com\/lv\/wp-json\/wp\/v2\/users\/2"}],"replies":[{"embeddable":true,"href":"https:\/\/www.europesays.com\/lv\/wp-json\/wp\/v2\/comments?post=248755"}],"version-history":[{"count":0,"href":"https:\/\/www.europesays.com\/lv\/wp-json\/wp\/v2\/posts\/248755\/revisions"}],"wp:featuredmedia":[{"embeddable":true,"href":"https:\/\/www.europesays.com\/lv\/wp-json\/wp\/v2\/media\/248756"}],"wp:attachment":[{"href":"https:\/\/www.europesays.com\/lv\/wp-json\/wp\/v2\/media?parent=248755"}],"wp:term":[{"taxonomy":"category","embeddable":true,"href":"https:\/\/www.europesays.com\/lv\/wp-json\/wp\/v2\/categories?post=248755"},{"taxonomy":"post_tag","embeddable":true,"href":"https:\/\/www.europesays.com\/lv\/wp-json\/wp\/v2\/tags?post=248755"}],"curies":[{"name":"wp","href":"https:\/\/api.w.org\/{rel}","templated":true}]}}