{"id":24881,"date":"2025-10-19T07:37:08","date_gmt":"2025-10-19T07:37:08","guid":{"rendered":"https:\/\/www.europesays.com\/lv\/24881\/"},"modified":"2025-10-19T07:37:08","modified_gmt":"2025-10-19T07:37:08","slug":"auzins-fokerots-ieklust-pasaules-u-21-cempionata-pusfinala","status":"publish","type":"post","link":"https:\/\/www.europesays.com\/lv\/24881\/","title":{"rendered":"Auzi\u0146\u0161\/Fokerots iek\u013c\u016bst pasaules U-21 \u010dempion\u0101ta pusfin\u0101l\u0101"},"content":{"rendered":"<p>Auzi\u0146\u0161 un Fokerots, kuri turn\u012br\u0101 ir izs\u0113ti ar tre\u0161o numuru, vispirms astotda\u013cfin\u0101l\u0101 ar 2-0 (21:16, 21:19) p\u0101rsp\u0113ja be\u013c\u0123us Kasperu Villemsu\/Aleks\u012b Umbl\u0113 (32.), bet ceturtda\u013cfin\u0101l\u0101 guva virsroku p\u0101r citu kvalifik\u0101ciju p\u0101rvar\u0113ju\u0161u duetu Dmitro Koziju\/Svjatoslavu Nahorniju (29.) no Ukrainas.<\/p>\n<p>Pusfin\u0101l\u0101, kas s\u0101ksies plkst. 21 p\u0113c Latvijas laika, vi\u0146u pretinieki b\u016bs pirmo numuru sa\u0146\u0113mu\u0161ie m\u0101jinieki Injess Laress un Karloss Errera.<\/p>\n<p>Tikm\u0113r \u0112bere un Konstantinova, kuras turn\u012br\u0101 ir izs\u0113tas ar 15. numuru, ceturtda\u013cfin\u0101l\u0101 ar 1-2 (21:18, 21:23, 12:15) zaud\u0113ja kvalifik\u0101ciju p\u0101rvar\u0113ju\u0161aj\u0101m amerik\u0101niet\u0113m Sallijai Peresai\/Eiverijai D\u017eeksonei (30.).<\/p>\n<p>Pamatturn\u012br\u0101 neiek\u013cuva Den\u0113va \u0160auberga\/R\u0113zija Pu\u0161kundze un M\u0101rcis B\u0113rzi\u0146\u0161\/Ernests G\u016btmanis, nep\u0101rvarot attiec\u012bgi kvalifik\u0101cijas tre\u0161o un otro k\u0101rtu. \u0160auberga\/Pu\u0161kundze turn\u012bru nosl\u0113dza dal\u012bt\u0101 33. viet\u0101, bet B\u0113rzi\u0146\u0161\/G\u016btmanis ie\u0146\u0113ma dal\u012btu 37. vietu.<\/p>\n<p>Pasaules U-21 \u010dempion\u0101ts Puebl\u0101 nosl\u0113gsies sv\u0113tdien.<\/p>\n","protected":false},"excerpt":{"rendered":"Auzi\u0146\u0161 un Fokerots, kuri turn\u012br\u0101 ir izs\u0113ti ar tre\u0161o numuru, vispirms astotda\u013cfin\u0101l\u0101 ar 2-0 (21:16, 21:19) p\u0101rsp\u0113ja be\u013c\u0123us&hellip;\n","protected":false},"author":2,"featured_media":24882,"comment_status":"","ping_status":"","sticky":false,"template":"","format":"standard","meta":{"footnotes":""},"categories":[17],"tags":[2477,35,39,38,36,37,34,40,564,67],"class_list":{"0":"post-24881","1":"post","2":"type-post","3":"status-publish","4":"format-standard","5":"has-post-thumbnail","7":"category-sports","8":"tag-kristians-fokerots","9":"tag-latvia","10":"tag-latvian","11":"tag-latviesu","12":"tag-latviesu-valoda","13":"tag-latviesuvaloda","14":"tag-latvija","15":"tag-lv","16":"tag-pludmales-volejbols","17":"tag-sports"},"share_on_mastodon":{"url":"","error":""},"_links":{"self":[{"href":"https:\/\/www.europesays.com\/lv\/wp-json\/wp\/v2\/posts\/24881","targetHints":{"allow":["GET"]}}],"collection":[{"href":"https:\/\/www.europesays.com\/lv\/wp-json\/wp\/v2\/posts"}],"about":[{"href":"https:\/\/www.europesays.com\/lv\/wp-json\/wp\/v2\/types\/post"}],"author":[{"embeddable":true,"href":"https:\/\/www.europesays.com\/lv\/wp-json\/wp\/v2\/users\/2"}],"replies":[{"embeddable":true,"href":"https:\/\/www.europesays.com\/lv\/wp-json\/wp\/v2\/comments?post=24881"}],"version-history":[{"count":0,"href":"https:\/\/www.europesays.com\/lv\/wp-json\/wp\/v2\/posts\/24881\/revisions"}],"wp:featuredmedia":[{"embeddable":true,"href":"https:\/\/www.europesays.com\/lv\/wp-json\/wp\/v2\/media\/24882"}],"wp:attachment":[{"href":"https:\/\/www.europesays.com\/lv\/wp-json\/wp\/v2\/media?parent=24881"}],"wp:term":[{"taxonomy":"category","embeddable":true,"href":"https:\/\/www.europesays.com\/lv\/wp-json\/wp\/v2\/categories?post=24881"},{"taxonomy":"post_tag","embeddable":true,"href":"https:\/\/www.europesays.com\/lv\/wp-json\/wp\/v2\/tags?post=24881"}],"curies":[{"name":"wp","href":"https:\/\/api.w.org\/{rel}","templated":true}]}}