{"id":24994,"date":"2025-10-19T09:28:11","date_gmt":"2025-10-19T09:28:11","guid":{"rendered":"https:\/\/www.europesays.com\/lv\/24994\/"},"modified":"2025-10-19T09:28:11","modified_gmt":"2025-10-19T09:28:11","slug":"olaines-novada-apdraudejuma-gadijuma-patvertnes-nedrikstes-nemt-lidzi-majdzivniekus","status":"publish","type":"post","link":"https:\/\/www.europesays.com\/lv\/24994\/","title":{"rendered":"Olaines novad\u0101 apdraud\u0113juma gad\u012bjum\u0101 patvertn\u0113s nedr\u012bkst\u0113s \u0146emt l\u012bdzi m\u0101jdz\u012bvniekus"},"content":{"rendered":"<p>\u0160ie darbinieki nepiecie\u0161am\u012bbas gad\u012bjum\u0101 izsniedz pirm\u0101s medic\u012bnisk\u0101s pal\u012bdz\u012bbas l\u012bdzek\u013cus, ier\u0101da vietas s\u0113d\u0113\u0161anai un gul\u0113\u0161anai, nepiecie\u0161am\u012bbas gad\u012bjum\u0101 izsniedz speci\u0101lus instrumentus, kas pal\u012bdz\u0113tu atbr\u012bvot izeju no gruve\u0161iem.<\/p>\n<p>Pa\u0161vald\u012bba ar\u012b noteikusi uzved\u012bbas normas, kas j\u0101iev\u0113ro patversm\u0113m. Tostarp j\u0101pal\u012bdz person\u0101m, kuras fiziski nevar patst\u0101v\u012bgi iek\u013c\u016bt patvertn\u0113 vai izk\u013c\u016bt no t\u0101s, j\u0101iev\u0113ro ugunsdro\u0161\u012bbas un citi ar dro\u0161\u012bbu saist\u012bti noteikumi, j\u0101izvair\u0101s no konfliktsitu\u0101cij\u0101m. Patvertn\u0113s nedr\u012bkst trok\u0161\u0146ot, j\u0101sarun\u0101jas klusi, ar cie\u0146u j\u0101izturas pret vis\u0101m person\u0101m, kuras atrodas patvertn\u0113, atbilsto\u0161i sav\u0101m sp\u0113j\u0101m j\u0101sniedz nepiecie\u0161amo atbalstu patvertn\u0113 eso\u0161aj\u0101m person\u0101m.<\/p>\n<p>T\u0101pat citiem atbilsto\u0161i sav\u0101m sp\u0113j\u0101m j\u0101atbalsta pa\u0161vald\u012bbas iest\u0101des atbild\u012bgo darbinieku, kur\u0161 atbild\u012bgs par iek\u013c\u016b\u0161anu patvertn\u0113 un k\u0101rt\u012bbas nodro\u0161in\u0101\u0161anu taj\u0101, j\u0101veic pas\u0101kumi, lai nepie\u013cautu panikas izcel\u0161anos vai mazin\u0101tu t\u0101s ietekmi, k\u0101 ar\u012b nekav\u0113joties j\u0101inform\u0113 pa\u0161vald\u012bbas iest\u0101des atbild\u012bgais darbinieks par situ\u0101cij\u0101m, kas apdraud vai var apdraud\u0113t patvertn\u0113 eso\u0161\u0101s personas. Patvertn\u0113 eso\u0161ajiem ar\u012b j\u0101sadarbojas ar cit\u0101m patvertn\u0113 eso\u0161\u0101m person\u0101m un j\u0101iev\u0113ro sanit\u0101r\u0101s un higi\u0113nas normas.<\/p>\n<p>Patvertn\u0113 aizliegts \u0146emt l\u012bdzi m\u0101jdz\u012bvniekus, iz\u0146emot person\u0101m ar dienesta su\u0146iem vai su\u0146iem pavado\u0146iem. T\u0101pat nedr\u012bkst lietot alkoholiskos dz\u0113rienus un apreibino\u0161as vielas, sm\u0113\u0137\u0113t, lietot atkl\u0101tu uguni, k\u0101 ar\u012b ienest viegli uzliesmojo\u0161us \u0161\u0137idrumus.<\/p>\n<p>Patvertnes oblig\u0101ti j\u0101atst\u0101j p\u0113c atbild\u012bgo dienestu pazi\u0146ojuma sa\u0146em\u0161anas.<\/p>\n","protected":false},"excerpt":{"rendered":"\u0160ie darbinieki nepiecie\u0161am\u012bbas gad\u012bjum\u0101 izsniedz pirm\u0101s medic\u012bnisk\u0101s pal\u012bdz\u012bbas l\u012bdzek\u013cus, ier\u0101da vietas s\u0113d\u0113\u0161anai un gul\u0113\u0161anai, nepiecie\u0161am\u012bbas gad\u012bjum\u0101 izsniedz speci\u0101lus&hellip;\n","protected":false},"author":2,"featured_media":24995,"comment_status":"","ping_status":"","sticky":false,"template":"","format":"standard","meta":{"footnotes":""},"categories":[12],"tags":[23,28,29,32,33,22,30,31,35,39,38,36,37,34,40,20,7824,7825,26,27,24,25,21],"class_list":{"0":"post-24994","1":"post","2":"type-post","3":"status-publish","4":"format-standard","5":"has-post-thumbnail","7":"category-latvija","8":"tag-aktualitates","9":"tag-breaking-news","10":"tag-breakingnews","11":"tag-featured-news","12":"tag-featurednews","13":"tag-headlines","14":"tag-latest-news","15":"tag-latestnews","16":"tag-latvia","17":"tag-latvian","18":"tag-latviesu","19":"tag-latviesu-valoda","20":"tag-latviesuvaloda","21":"tag-latvija","22":"tag-lv","23":"tag-news","24":"tag-olaines-novads","25":"tag-patvertnes","26":"tag-popularakas-zinas","27":"tag-popularakaszinas","28":"tag-top-stories","29":"tag-topstories","30":"tag-zinas"},"share_on_mastodon":{"url":"","error":""},"_links":{"self":[{"href":"https:\/\/www.europesays.com\/lv\/wp-json\/wp\/v2\/posts\/24994","targetHints":{"allow":["GET"]}}],"collection":[{"href":"https:\/\/www.europesays.com\/lv\/wp-json\/wp\/v2\/posts"}],"about":[{"href":"https:\/\/www.europesays.com\/lv\/wp-json\/wp\/v2\/types\/post"}],"author":[{"embeddable":true,"href":"https:\/\/www.europesays.com\/lv\/wp-json\/wp\/v2\/users\/2"}],"replies":[{"embeddable":true,"href":"https:\/\/www.europesays.com\/lv\/wp-json\/wp\/v2\/comments?post=24994"}],"version-history":[{"count":0,"href":"https:\/\/www.europesays.com\/lv\/wp-json\/wp\/v2\/posts\/24994\/revisions"}],"wp:featuredmedia":[{"embeddable":true,"href":"https:\/\/www.europesays.com\/lv\/wp-json\/wp\/v2\/media\/24995"}],"wp:attachment":[{"href":"https:\/\/www.europesays.com\/lv\/wp-json\/wp\/v2\/media?parent=24994"}],"wp:term":[{"taxonomy":"category","embeddable":true,"href":"https:\/\/www.europesays.com\/lv\/wp-json\/wp\/v2\/categories?post=24994"},{"taxonomy":"post_tag","embeddable":true,"href":"https:\/\/www.europesays.com\/lv\/wp-json\/wp\/v2\/tags?post=24994"}],"curies":[{"name":"wp","href":"https:\/\/api.w.org\/{rel}","templated":true}]}}